{"id":3223,"date":"2016-07-28T00:00:00","date_gmt":"2016-07-28T00:00:00","guid":{"rendered":"https:\/\/espai-marx.net\/?p=3223"},"modified":"2020-02-15T10:33:13","modified_gmt":"2020-02-15T09:33:13","slug":"ni-democrates-ni-keynesians-neoliberals","status":"publish","type":"post","link":"https:\/\/espai-marx.net\/?p=3223","title":{"rendered":"Ni dem\u00f2crates ni keynesians: neoliberals!"},"content":{"rendered":"<p>ICV ha demanat a la Comissi\u00f3 Europea que pressioni al govern de Rajoy per a que tiri enrere la reforma fiscal impulsada fa uns mesos amb la fi d&#8217;alleugerar l&#8217;indicador de d\u00e8ficit p\u00fablic, i aix\u00ed, evitar o moderar la sanci\u00f3 per desequlibri \u00abexcessiu\u00bb. Sens cap mena de dubte, la regressivitat de les reformes del PP no haurien d\u2019escatimar en cr\u00edtiques i propostes alternatives. No obstant, resulta realment preocupant la l\u00f2gica en que els progressistes catalans es relacionen amb la Uni\u00f3 Europea. Analitzem-ho.<\/p>\n<p>ICV demanant que la Comissi\u00f3 Europea (CE) <i>apreti <\/i>al Govern per a tombar la reforma fiscal \u00e9s en el fons demanar que una instituci\u00f3 poc democr\u00e0tica -CE- imposi pol\u00edtiques fora del seu marc competencial a un Estat on <b>s\u00ed<\/b> hi ha sufragi universal. No seria poc habitual que la CE s\u2019exced\u00eds en les seves \u201crecomanacions\u201d, la crisi del euro ens ha deixat greus episodis d&#8217;intervencionisme europeu en assumptes de pol\u00edtica dom\u00e8stica \u2013 Mario Monti \u00e9s un bon reflex&#8230;- No obstant, la pregunta democr\u00e0tica-progressista: qui ha votat la concessi\u00f3 de la pol\u00edtica fiscal espanyola al senyor J.C Juncker o al senyor P. Moscovici?<b> Per qu\u00e8 el senyor Urtasun demana que es pressioni des de inst\u00e0ncies no sotmeses a sufragi universal?<\/b> En quin moment els progressistes catalans han acceptat el marc ideol\u00f2gic del memor\u00e0ndum -en alguns casos oficial i en d\u2019altres ofici\u00f3s- al que estan sotmesos els treballadors de l\u2019Eurozona? Delirant. I tot aix\u00f2 acompanyat d&#8217;una <b>t\u00edmida ret\u00f2rica contra les normes de la governan\u00e7a econ\u00f2mica, per\u00f2 sense plantejar desobeir-les per irracionals, injustes i poc democr\u00e0tiques.<\/b><\/p>\n<p>L\u2019eurodiputat ecologista Urtasun recorda que Fran\u00e7a i Alemanya ja van incomplir inicialment el Pacte d&#8217;Estabilitat i \u00abCreixement\u201d justificant aix\u00ed el poc sentit que t\u00e9 sancionar a Espanya, perqu\u00e8 al cap i a la fi<i>, pecadors ho som tots<\/i>. I \u00e9s cert. Fran\u00e7a va incomplir reiteradament de 2002 a 2005 (4 anys) amb una desviaci\u00f3 mitjana respecte el 3% del 0.4% del PIB. Alemanya va incomplir de 2001 a 2005 (5 anys) amb una desviaci\u00f3 mitjana respecte el 3% del 0,7%.<\/p>\n<p>La no-sanci\u00f3 d\u2019aquests incompliments resulta un precedent que resta credibilitat a la norma, no obstant, no \u00e9s menys cert que Espanya durant el cicle econ\u00f2mic iniciat al 2008 ha incomplert considerablement m\u00e9s que Fran\u00e7a i Alemanya. Com indiquen les dades, Espanya del 2008 al 2015 no ha donat la talla en l\u2019assumpci\u00f3 religiosa del objectiu fiscal, concretament, de mitjana la hisenda espanyola s\u2019ha desviat 4.83% respecte l\u2019objectiu original -i dist\u00f2pic- del 3% assumint de mitjana un d\u00e8ficit del 7.83%. No obstant, tot i que Fran\u00e7a tamb\u00e9 ha incomplert de 2008 a 2015 ho ha fet amb una desviaci\u00f3 inferior: 1.825%. L\u2019Alemanya en aquests darrers 8 anys ha incomplert nom\u00e9s en dos ocasions (2009 i 2010) amb una desviaci\u00f3 respecte el 3% poc important: 0.7%. I no nom\u00e9s respecte Fran\u00e7a i Alemanya, durant aquest per\u00edode <b>la hisenda espanyola <\/b><i><b>ha pecat <\/b><\/i><b>considerablement m\u00e9s respecte la mitjana de d\u00e8ficit de la Uni\u00f3 Europea (desviaci\u00f3 de 1.125%, mitjana 4.125%) i l\u2019Eurozona (0.78%, 3.78%).<\/b><\/p>\n<p>Tot i que la bancada ecologista reconeix que les \u201cnormes europees no funcionen\u201d -en curt, no generen creixement i ocupaci\u00f3- no ens acaben de concretar qui s\u2019equivoca. Si s\u2019equivoca el govern espanyol aixecant el peu de l\u2019accelerador del equilibri fiscal (per electoralisme), la Comissi\u00f3 Europea per considerar castigar aquells Estats Membres de l\u2019Eurozona que incompleixen les normes per sobre de la mitjana europea o aquells Estats Membres que -intentant cenyint-se a les normes comunit\u00e0ries- han fet un fort ajust fiscal -pagant un cost social i pol\u00edtic alt- i que ara veuen que es podrien haver pres amb menys rigor la cerim\u00f2nia del d\u00e8ficit. (p.e It\u00e0lia).<\/p>\n<p><a name=\"_GoBack\"><\/a> En ess\u00e8ncia, el que no queda massa clar \u00e9s l\u2019opini\u00f3 d\u2019ICV sobre el sentit pol\u00edtic del d\u00e8ficit. \u00c9s a dir, si el d\u00e8ficit p\u00fablic \u00e9s part de la soluci\u00f3 o part del problema. Al cap i a la fi, si es creu el relat macroecon\u00f2mic neoliberal amb l\u2019afegit\u00f3 progressista i economicista de les pol\u00edtiques \u201csocialment eficients\u201d \u2013 tanmateix presents a les tesis neoliberals de Williamson del Consens de Washington!- o si assumeix el relat keynesi\u00e0 de la crisi, i accepta doncs, que la recuperaci\u00f3 nom\u00e9s ser\u00e0 possible amb una forta participaci\u00f3 del sector p\u00fablic, i per tant, acceptant que es necessitaran grans d\u00e8ficits p\u00fablics i una pol\u00edtica monet\u00e0ria expansiva que arribi a les butxaques de la gent.<\/p>\n<p>En conclusi\u00f3, el drama dels europeistes de progr\u00e9s avui no \u00e9s \u00fanicament la inviabilitat de plantejar alternatives fora de la pres\u00f3 auto-imposada de la uni\u00f3 monet\u00e0ria&#8230; Al cap i a la fi, es d\u2019obligat respectar la llibertat religiosa tamb\u00e9 en aquest sentit&#8230; Sin\u00f3 que la ret\u00f2rica del \u201cm\u00e9s Europa\u201d hagi portat als progressistes catalans a no ser ni pol\u00edticament dem\u00f2crates ni econ\u00f2micament keynesians, sin\u00f3 simplement neoliberals.<\/p>\n<p><i><b>Font: <\/b><\/i><a href=\"http:\/\/amedcat.blogspot.com.es\/2016\/07\/ni-democrates-ni-keynesians-neoliberals_26.html\">http:\/\/amedcat.blogspot.com.es\/2016\/07\/ni-democrates-ni-keynesians-neoliberals_26.html<\/a><\/p>\n","protected":false},"excerpt":{"rendered":"<p class='MsoNormal' style='margin-bottom: 18.0pt; text-align: justify; line-height: 150%; mso-pagination: widow-orphan; vertical-align: baseline;'>El drama dels europeistes de progr\u00e9s avui no \u00e9s \u00fanicament la inviabilitat de plantejar alternatives fora de la pres\u00f3 auto-imposada de la uni\u00f3 monet\u00e0ria&#8230; Al cap i a la fi, es d\u2019obligat respectar la llibertat religiosa tamb\u00e9 en aquest sentit&#8230; Sin\u00f3 que la ret\u00f2rica del \u201cm\u00e9s Europa\u201d hagi portat als progressistes catalans a no ser ni pol\u00edticament dem\u00f2crates ni econ\u00f2micament keynesians, sin\u00f3 simplement neoliberals.<\/p>\n","protected":false},"author":9,"featured_media":3224,"comment_status":"open","ping_status":"open","sticky":false,"template":"","format":"standard","meta":{"footnotes":""},"categories":[44,13],"tags":[],"class_list":["post-3223","post","type-post","status-publish","format-standard","has-post-thumbnail","hentry","category-economia","category-la-izquierda-a-debate"],"aioseo_notices":[],"_links":{"self":[{"href":"https:\/\/espai-marx.net\/index.php?rest_route=\/wp\/v2\/posts\/3223","targetHints":{"allow":["GET"]}}],"collection":[{"href":"https:\/\/espai-marx.net\/index.php?rest_route=\/wp\/v2\/posts"}],"about":[{"href":"https:\/\/espai-marx.net\/index.php?rest_route=\/wp\/v2\/types\/post"}],"author":[{"embeddable":true,"href":"https:\/\/espai-marx.net\/index.php?rest_route=\/wp\/v2\/users\/9"}],"replies":[{"embeddable":true,"href":"https:\/\/espai-marx.net\/index.php?rest_route=%2Fwp%2Fv2%2Fcomments&post=3223"}],"version-history":[{"count":0,"href":"https:\/\/espai-marx.net\/index.php?rest_route=\/wp\/v2\/posts\/3223\/revisions"}],"wp:featuredmedia":[{"embeddable":true,"href":"https:\/\/espai-marx.net\/index.php?rest_route=\/wp\/v2\/media\/3224"}],"wp:attachment":[{"href":"https:\/\/espai-marx.net\/index.php?rest_route=%2Fwp%2Fv2%2Fmedia&parent=3223"}],"wp:term":[{"taxonomy":"category","embeddable":true,"href":"https:\/\/espai-marx.net\/index.php?rest_route=%2Fwp%2Fv2%2Fcategories&post=3223"},{"taxonomy":"post_tag","embeddable":true,"href":"https:\/\/espai-marx.net\/index.php?rest_route=%2Fwp%2Fv2%2Ftags&post=3223"}],"curies":[{"name":"wp","href":"https:\/\/api.w.org\/{rel}","templated":true}]}}