{"id":3237,"date":"2016-09-02T00:00:00","date_gmt":"2016-09-02T00:00:00","guid":{"rendered":"https:\/\/espai-marx.net\/?p=3237"},"modified":"2020-02-15T10:27:56","modified_gmt":"2020-02-15T09:27:56","slug":"los-clinton-son-como-una-asociacion-mafiosa-mas-que-hacia-una-campana-presidencial","status":"publish","type":"post","link":"https:\/\/espai-marx.net\/?p=3237","title":{"rendered":"Los Clinton son como una asociaci\u00f3n mafiosa m\u00e1s que hac\u00eda una campa\u00f1a presidencial"},"content":{"rendered":"<p style=\"margin-bottom: 0.64cm; line-height: 150%;\" align=\"JUSTIFY\"><b>Efra\u00edn Chury Iribarne<\/b>: El gusto de recibir a James Petras en Radio Centenario. Buen d\u00eda, \u00bfc\u00f3mo est\u00e1s?<\/p>\n<p style=\"margin-bottom: 0.64cm; line-height: 150%;\" align=\"JUSTIFY\"><b>James Petras<\/b>: Estamos muy bien, en la \u00e9poca de cosecha y preparado de muchos de los vegetales para conservarlos para el invierno.<\/p>\n<p style=\"margin-bottom: 0.64cm; line-height: 150%;\" align=\"JUSTIFY\"><b>EChI<\/b>: Muy bien, Petras.<\/p>\n<p style=\"margin-bottom: 0.64cm; line-height: 150%;\" align=\"JUSTIFY\">La desinformaci\u00f3n y la manipulaci\u00f3n de los grandes medios de occidente apareci\u00f3 en los \u00faltimos d\u00edas con la fotograf\u00eda de un ni\u00f1o sirio v\u00edctima, dicen, de los ataques del gobierno de Bashar Al Assad y la aviaci\u00f3n rusa en Alepo. \u00bfHay una pol\u00edtica deliberada para desinformar?<\/p>\n<p style=\"margin-bottom: 0.64cm; line-height: 150%;\" align=\"JUSTIFY\"><b>JP<\/b>: Absolutamente s\u00ed. El caso particular de la fotograf\u00eda del ni\u00f1o que ha recibido mucha publicidad y las acusaciones contra el gobierno de Siria, es algo totalmente falsificado; porque los principales involucrados en esta fotograf\u00eda no estaban en el pa\u00eds. No tienen ninguna autoridad para hablar de algo cuando viven en Mosc\u00fa, Bruselas, fuera del pa\u00eds. Entonces, \u00bfc\u00f3mo consiguieron confirmar que esta situaci\u00f3n que ellos revenden ten\u00eda alguna credibilidad? Adem\u00e1s, uno de los principales involucrados est\u00e1 vinculado con ISIS, los terroristas isl\u00e1micos involucrados en las masacres en Siria. \u00bfQu\u00e9 autoridad tiene \u00e9l? Lo que tiene son posibilidades de falsificar la foto.<\/p>\n<p style=\"margin-bottom: 0.64cm; line-height: 150%;\" align=\"JUSTIFY\">Incluso, algunos expertos me comentaron que el ni\u00f1o que aparece en la foto, que aparentemente fue v\u00edctima de un ataque, no tiene sangre, est\u00e1 muy tranquilo, los ojos se le ven bien, entonces no representa lo que hemos visto miles de veces en im\u00e1genes de guerra cuando atacan ni\u00f1os, est\u00e1n sangrando, f\u00edsica y mentalmente desorientados; en este caso no lo parece.<\/p>\n<p style=\"margin-bottom: 0.64cm; line-height: 150%;\" align=\"JUSTIFY\">Por todo esto, pienso que hay muchas posibilidades de que esta foto sea totalmente fabricada.<\/p>\n<p style=\"margin-bottom: 0.64cm; line-height: 150%;\" align=\"JUSTIFY\"><b>EChI<\/b>: Frente a los ejercicios democr\u00e1ticos de Brasil, del eterno r\u00e9gimen dictatorial de Paraguay y del (Mauricio) Macri que vino a \u201csalvar\u201d a Argentina; contra Venezuela. \u00bfQu\u00e9 futuro podemos ver para el Mercosur?<\/p>\n<p style=\"margin-bottom: 0.64cm; line-height: 150%;\" align=\"JUSTIFY\"><b>JP<\/b>: Hay pocas posibilidades en verdad, porque el Mercosur depende de la coordinaci\u00f3n y cooperaci\u00f3n entre los varios pa\u00edses y eso depende de la orientaci\u00f3n que compartan en la pol\u00edtica de integraci\u00f3n. En el caso actual, tenemos gobernantes que est\u00e1n involucrados en contrabando, en narcotr\u00e1fico, como el Presidente paraguayo que tiene un antecedente delictivo ha estado tres veces frente a la Justicia, por distintos cr\u00edmenes, uno de ellos por tr\u00e1fico de drogas. M\u00e1s all\u00e1 tenemos a Macri que est\u00e1 eliminando las reformas sociales, debilitando los empleos, no tiene ninguna responsabilidad para asumir la Presidencia de su pa\u00eds y mucho menos para asumir la autoridad en el Mercosur. Creo que Macri va a enfrentar una gran crisis, de aqu\u00ed al a\u00f1o pr\u00f3ximo veremos grandes cambios\u2026 Macri no tiene mucho futuro, las encuestas muestran que m\u00e1s del 80% de la poblaci\u00f3n argentina est\u00e1 rechazando sus medidas, particularmente los aumentos desmedidos de las tarifas p\u00fablicas.<\/p>\n<p style=\"margin-bottom: 0.64cm; line-height: 150%;\" align=\"JUSTIFY\">En tanto, (Michel) Temer el supuesto presidente brasile\u00f1o tampoco tiene mucho apoyo. All\u00ed las encuestas tambi\u00e9n dan que m\u00e1s del 80% de los brasile\u00f1os buscan una nueva elecci\u00f3n para los cambios en el gobierno, porque sigue creciendo la desocupaci\u00f3n.. No veo que los opositores del Mercosur tengan mucho futuro.<\/p>\n<p style=\"margin-bottom: 0.64cm; line-height: 150%;\" align=\"JUSTIFY\">Mientras tanto el deterioro del bloque regional es evidente y tal vez va a pasar por tiempos muy negativos en el pr\u00f3ximo per\u00edodo.<\/p>\n<p style=\"margin-bottom: 0.64cm; line-height: 150%;\" align=\"JUSTIFY\">M\u00e1s all\u00e1 de esto, no veo alternativa sobre la mesa. Los esfuerzos de los derechistas para formar alianzas con Estados Unidos no marchan.En las elecciones de los EEUU hay muchas cr\u00edticas \u2013incluso entre los derechistas- contra los tratados de libre comercio. Al mismo tiempo que los derechistas rechazan al Mercosur, no tienen otra alternativa; no tienen posibilidad de lanzar un nuevo tipo de integraci\u00f3n con pa\u00edses de Europa o EEUU, entonces quedan colgados entre lo que exist\u00eda en el pasado que funcionaba con alternativas que ya no son viables.<\/p>\n<p style=\"margin-bottom: 0.64cm; line-height: 150%;\" align=\"JUSTIFY\"><b>EChI<\/b>: \u00bfY a d\u00f3nde va Europa occidental?<\/p>\n<p style=\"margin-bottom: 0.64cm; line-height: 150%;\" align=\"JUSTIFY\"><b>JP<\/b>: Europa est\u00e1 en muy malas condiciones, se est\u00e1 fragmentando en pedazos, empezando con Inglaterra y el Brexit, aparentemente el electorado ha elegido la opci\u00f3n de ir por su cuenta. Y tenemos otro factor que es muy importante, es c\u00f3mo los gobernantes y pol\u00edticos de centro izquierda est\u00e1n en desintegraci\u00f3n.<\/p>\n<p style=\"margin-bottom: 0.64cm; line-height: 150%;\" align=\"JUSTIFY\">En Alemania podemos decir que la socialdemocracia ha ca\u00eddo en la peor resultado electoral de su historia y sigue cayendo. En Francia, las encuestas muestran que el Partido Socialista est\u00e1 en plena ca\u00edda vertical y probablemente en las pr\u00f3ximas elecciones no alcanzar\u00e1 siquiera lo que obtuvo en las \u00faltimas elecciones; parece que terminar\u00eda como tercera fuerza. En Italia, (el primer ministro Matteo) Renzi est\u00e1 perdiendo terreno; y lo mismo en otros pa\u00edses.<\/p>\n<p style=\"margin-bottom: 0.64cm; line-height: 150%;\" align=\"JUSTIFY\">Es decir, la socialdemocracia europea decidi\u00f3 subirse al tren del neoliberalismo y ha perdido a sus apoyantes hist\u00f3ricos, trabajadores, empleados y los sectores populares.<\/p>\n<p style=\"margin-bottom: 0.64cm; line-height: 150%;\" align=\"JUSTIFY\">Entonces la socialdemocracia, el centro izquierda, est\u00e1n en proceso hist\u00f3rico de desintegraci\u00f3n. Ahora, como alternativa est\u00e1 surgiendo un tipo de conservadurismo derechista como el Frente Nacional en Francia, las mismas alternativas en Alemania, en Polonia. Podr\u00edamos decir que hay un tipo de anti neoliberalismo de la derecha que est\u00e1 aprovechando esta desintegraci\u00f3n de la centro izquierda. Eso tampoco podr\u00eda llegar a una uni\u00f3n de fuerzas, porque entre los derechistas tampoco tiene coincidencias para resolver la unidad de Europa.<\/p>\n<p style=\"margin-bottom: 0.64cm; line-height: 150%;\" align=\"JUSTIFY\">Entonces, tenemos tres cosas para discutir: primero la fragmentaci\u00f3n de la Uni\u00f3n Europea, segundo la desintegraci\u00f3n de un componente esencial como es la socialdemocracia o centro izquierda; y en tercer lugar, el surgimiento de la derecha nacionalista como una alternativa bastante exclusiva entre s\u00ed. Europa no tiene mucho futuro dom\u00e9sticamente y tampoco tienen mucho en com\u00fan en la pol\u00edtica exterior.<\/p>\n<p style=\"margin-bottom: 0.64cm; line-height: 150%;\" align=\"JUSTIFY\">Por ejemplo, el Frente Nacional quiere pactar o por lo menos negociar favorablemente con Rusia, mientras la derecha polaca es muy hostil hacia Rusia. Entonces no hay ninguna capacidad de unificar la pol\u00edtica y s\u00f3lo los EEUU utilizando los pa\u00edses m\u00e1s d\u00e9biles, como los del B\u00e1ltico, us\u00e1ndolos como una plataforma para lanzarse contra Rusia. M\u00e1s all\u00e1 de eso, vemos que Turqu\u00eda ahora tambi\u00e9n est\u00e1 poniendo distancia en el tratamiento hacia Rusia.<\/p>\n<p style=\"margin-bottom: 0.64cm; line-height: 150%;\" align=\"JUSTIFY\">Por tanto podr\u00edamos decir que tanto los pa\u00edses de Europa como los EEUU quedan cada vez m\u00e1s aislados, y no por amenazas o desaf\u00edos de izquierda, sino porque la propia din\u00e1mica interna entre las fuerzas capitalistas est\u00e1n en proceso de desintegraci\u00f3n.<\/p>\n<p style=\"margin-bottom: 0.64cm; line-height: 150%;\" align=\"JUSTIFY\"><b>EChI<\/b>: Pasamos a otros temas que tengas en agenda.<\/p>\n<p style=\"margin-bottom: 0.64cm; line-height: 150%;\" align=\"JUSTIFY\"><b>JP<\/b>: Bueno, hay una cosa bastante interesante.<\/p>\n<p style=\"margin-bottom: 0.64cm; line-height: 150%;\" align=\"JUSTIFY\">Ayer una persona, parece que un terrorista, trat\u00f3 de entrar a la embajada de Ecuador en Londres, donde est\u00e1 asilado Julian Assange el titular de WikiLeaks, y \u00e9l acusa del intento de asesinato a un agente de (Hillary) Clinton porque dice que lo quiere eliminar porque tiene m\u00e1s documentaci\u00f3n para revelar las mentiras y falsificaciones de Hillary en el per\u00edodo de cuando era canciller. Ahora, en los \u00faltimos 20 a\u00f1os los Clinton \u2013William y Hillary- han estado involucrados o vinculados con m\u00e1s de 17 asesinatos o muertes sospechosas, es decir personas como periodistas que estaban investigando los cr\u00edmenes de la familia Clinton, caen muertos en la calle o de edificios, o reciben una bala en la nuca.<\/p>\n<p style=\"margin-bottom: 0.64cm; line-height: 150%;\" align=\"JUSTIFY\">Incluso en el \u00faltimo per\u00edodo de 2016 varias personas murieron misteriosamente antes de dar testimonio contra Hillary. Es el caso de un ex oficial de ONU, John Ashe, que fue una v\u00edctima; un periodista que estaba investigando c\u00f3mo el Partido Dem\u00f3crata arreglaba las cuentas para favorecer a Hillary apareci\u00f3 muerto en su casa y el m\u00f3vil no fue el robo. Y tenemos m\u00e1s casos que sufren lo mismo, incluso una bala en la nuca, y no existe ninguna investigaci\u00f3n de estos muertos por parte de la oficialidad que apoya a Hillary Clinton en la campa\u00f1a.<\/p>\n<p style=\"margin-bottom: 0.64cm; line-height: 150%;\" align=\"JUSTIFY\">Creo que diecisiete casos m\u00e1s el caso de Assange ahora, son suficientes para considerar que cualquiera que se asocie con los Clinton corren peligro de vida si deciden darse vuelta y criticar a los Clinton. Es como una asociaci\u00f3n mafiosa m\u00e1s que una campa\u00f1a presidencial.<\/p>\n<p style=\"margin-bottom: 0.64cm; line-height: 150%;\" align=\"JUSTIFY\">El otro asunto que quiero mencionar, es lo que est\u00e1 pasando en Turqu\u00eda.<\/p>\n<p style=\"margin-bottom: 0.64cm; line-height: 150%;\" align=\"JUSTIFY\">Sabemos de un atentado que ha dejado 51 muertos y todo el mundo reconoce que ISIS son los m\u00e1s definitivamente involucrados en ese atentado.<\/p>\n<p style=\"margin-bottom: 0.64cm; line-height: 150%;\" align=\"JUSTIFY\"><a name=\"_GoBack\"><\/a> Ahora, tenemos que preguntarnos por qu\u00e9 ISIS est\u00e1 cometiendo estos cr\u00edmenes: porque Turqu\u00eda en estos \u00faltimos cinco a\u00f1os toleraba y apoyaba a ISIS. Y ahora cuando tratan de cambiar la pol\u00edtica o ajustarla, ISIS est\u00e1 dando medidas contra Turqu\u00eda. O sea, el atentado cometido por ISIS los gobernantes en Turqu\u00eda, como (Recep Tayyip) Erdogan eran c\u00f3mplices invisibles, porque fueron ellos que toleraron, financiaron y apoyaron a ISIS en el comienzo de la intervenci\u00f3n e invasi\u00f3n de Siria. Y ahora deben asumir la responsabilidad de que ISIS est\u00e9 realizando actos terroristas en Turqu\u00eda.<\/p>\n<p style=\"margin-bottom: 0.64cm; line-height: 150%;\" align=\"JUSTIFY\"><b>EChI<\/b>: Muy bien Petras, s\u00f3lo nos queda agradecerte mucho este an\u00e1lisis Un abrazo desde Montevideo.<\/p>\n<p style=\"margin-bottom: 0.64cm; line-height: 150%;\" align=\"JUSTIFY\"><b>JP<\/b>: Bueno, un abrazo para todos. Chau.<\/p>\n<p style=\"margin-bottom: 0.64cm; line-height: 150%;\" align=\"JUSTIFY\"><i>(*) El soci\u00f3logo norteamericano, profesor James Petras, analiza semanalmente la coyuntura internacional en exclusiva en espa\u00f1ol por CX36 Radio Centenario de Montevideo, Uruguay. Usted puede escuchar en vivo este an\u00e1lisis todos los lunes a las 11:30 hora local por el 1250 AM del dial uruguayo o en www.radio36.com.uy que transmite en vivo on line las 24 horas.<\/i><\/p>\n","protected":false},"excerpt":{"rendered":"<p class='MsoNormal' style='text-align: justify;'>Ayer una persona, parce que un terrorista, trat\u00f3 de entrar a la embajada de Ecuador en Londres, donde est\u00e1 asilado Julian Assange el titular de WikiLeaks, y \u00e9l acusa del intento de asesinato a un agente de (Hillary) Clinton. Dice que lo quiere eliminar porque tiene m\u00e1s documentaci\u00f3n para revelar sobre las mentiras y falsificaciones de Hillary en el per\u00edodo de cuando era Canciller.<\/p>\n","protected":false},"author":9,"featured_media":3238,"comment_status":"open","ping_status":"open","sticky":false,"template":"","format":"standard","meta":{"footnotes":""},"categories":[32,33,39,31,16,37,36,38,35,34],"tags":[],"class_list":["post-3237","post","type-post","status-publish","format-standard","has-post-thumbnail","hentry","category-america-latina","category-america-latina-america-latina","category-asia","category-eeuu","category-imperio-imperialismo","category-movimiento-obrero-y-sindical","category-movimiento-popular-poder-popular","category-partidos-instituciones-politica","category-reflexiones-sobre-el-proceso","category-venezuela"],"aioseo_notices":[],"_links":{"self":[{"href":"https:\/\/espai-marx.net\/index.php?rest_route=\/wp\/v2\/posts\/3237","targetHints":{"allow":["GET"]}}],"collection":[{"href":"https:\/\/espai-marx.net\/index.php?rest_route=\/wp\/v2\/posts"}],"about":[{"href":"https:\/\/espai-marx.net\/index.php?rest_route=\/wp\/v2\/types\/post"}],"author":[{"embeddable":true,"href":"https:\/\/espai-marx.net\/index.php?rest_route=\/wp\/v2\/users\/9"}],"replies":[{"embeddable":true,"href":"https:\/\/espai-marx.net\/index.php?rest_route=%2Fwp%2Fv2%2Fcomments&post=3237"}],"version-history":[{"count":0,"href":"https:\/\/espai-marx.net\/index.php?rest_route=\/wp\/v2\/posts\/3237\/revisions"}],"wp:featuredmedia":[{"embeddable":true,"href":"https:\/\/espai-marx.net\/index.php?rest_route=\/wp\/v2\/media\/3238"}],"wp:attachment":[{"href":"https:\/\/espai-marx.net\/index.php?rest_route=%2Fwp%2Fv2%2Fmedia&parent=3237"}],"wp:term":[{"taxonomy":"category","embeddable":true,"href":"https:\/\/espai-marx.net\/index.php?rest_route=%2Fwp%2Fv2%2Fcategories&post=3237"},{"taxonomy":"post_tag","embeddable":true,"href":"https:\/\/espai-marx.net\/index.php?rest_route=%2Fwp%2Fv2%2Ftags&post=3237"}],"curies":[{"name":"wp","href":"https:\/\/api.w.org\/{rel}","templated":true}]}}