{"id":3246,"date":"2016-09-11T00:00:00","date_gmt":"2016-09-11T00:00:00","guid":{"rendered":"https:\/\/espai-marx.net\/?p=3246"},"modified":"2020-02-15T10:25:44","modified_gmt":"2020-02-15T09:25:44","slug":"metonimies","status":"publish","type":"post","link":"https:\/\/espai-marx.net\/?p=3246","title":{"rendered":"Meton\u00edmies"},"content":{"rendered":"<p style=\"margin-bottom: 0.64cm; background: #ffffff; line-height: 150%;\" align=\"JUSTIFY\">La tradicional atonia informativa d&#8217;agost s&#8217;ha cobert aquest any amb alguns debats sobre el passat, la hist\u00f2ria i la mem\u00f2ria: la pol\u00e8mica per la futura exposici\u00f3 sobre el franquisme al Born (sacrilegi!), el dubte de si Carles Fontser\u00e8 \u00e9s o no un filofeixista o la reaparici\u00f3 de l&#8217;antiga idea que la Guerra Civil va ser una guerra contra Catalunya, ja que, si per aquesta entenem, com s&#8217;ha escrit en aquestes p\u00e0gines, \u201cun territori amb una identitat espec\u00edfica, amb una llengua pr\u00f2pia i uns s\u00edmbols col\u00b7lectius\u201d, un dels objectius dels militars rebels va ser la seva liquidaci\u00f3.<\/p>\n<p style=\"margin-bottom: 0.64cm; background: #ffffff; line-height: 150%;\" align=\"JUSTIFY\">No contribuirem a alimentar la pesadesa del debat sobre el Born, deixarem en pau Fontser\u00e8, que prou t\u00e9 amb les coses que deixa anar a l&#8217;entrevista que ha donat lloc a la pol\u00e8mica, i atendrem aquesta suposada agressi\u00f3 contra Catalunya en aquella guerra d&#8217;ara fa vuitanta anys, el missatge impl\u00edcit de la qual, es vulgui o no, \u00e9s que \u201cCatalunya\u201d va ser la v\u00edctima i \u201cEspanya\u201d la victim\u00e0ria. Una cosa contradict\u00f2ria, malgrat tot, ja que tothom sap que una de les v\u00edctimes d&#8217;aquella guerra va ser una determinada idea i un determinat projecte d&#8217;Espanya, justament l&#8217;\u00fanic que podia fer possible l&#8217;exist\u00e8ncia d&#8217;una Catalunya amb autogovern i reconeixement de la seva llengua i altres elements de la seva realitat simb\u00f2lica i cultural. No obstant aix\u00f2, ning\u00fa acostuma a afirmar que la guerra va ser contra Espanya. Com a m\u00e0xim s&#8217;accepta que va ser contra una determinada Espanya. Doncs b\u00e9, exactament aix\u00f2 \u00e9s el que va passar amb Catalunya. La guerra no es va fer contra ella sin\u00f3 contra una (en realitat, diverses) de les seves plasmacions possibles.<\/p>\n<p style=\"margin-bottom: 0.64cm; background: #ffffff; line-height: 150%;\" align=\"JUSTIFY\">El problema, em sembla, radica a atribuir a Catalunya \u201cuna identitat espec\u00edfica\u201d, la qual cosa implica que altres possibles identitats catalanes no ho serien veritablement o ho serien de forma insuficient. \u00bfCompartien aquesta identitat els qui podien sentir-se representats per Francesc Camb\u00f3 i els sectors populars llibertaris, socialistes i comunistes, que no nom\u00e9s pretenien un canvi social de tipus revolucionari, sin\u00f3 que inclo\u00efen entre els seus enemics una part \u2014la burgesa, cat\u00f2lica i conservadora\u2014 del catalanisme? Aquest catalanisme que va ajudar al triomf feixista, mentre la Catalunya popular, mestissa, de catalanoparlants i castellanoparlants, amb identitats diverses, i m\u00e9s preocupada per la terra, el treball i l&#8217;escola que per les banderes nacionals, era literalment massacrada en la guerra i en la postguerra. Com ho van ser les classes populars germanes de Granada, Badajoz, Valladolid o Ast\u00faries. V\u00edctimes tamb\u00e9, per cert, d&#8217;una brutal repressi\u00f3 cultural, encara que fos aplicada en la seva mateixa llengua.<\/p>\n<p style=\"margin-bottom: 0.64cm; background: #ffffff; line-height: 150%;\" align=\"JUSTIFY\">Un dels elements definidors dels nacionalismes (\u00e9s igual de quina bandera) \u00e9s el seu entusiasme per la meton\u00edmia. La part pel tot: una determinada part de la poblaci\u00f3 representa la naci\u00f3 sencera. I la identitat d&#8217;aquesta part (m\u00e9s gran o m\u00e9s petita, aix\u00f2 no importa) \u00e9s la que identifica el conjunt. Assumint aquesta perspectiva, la guerra va ser, efectivament, contra Catalunya.<\/p>\n<p style=\"margin-bottom: 0.64cm; background: #ffffff; line-height: 150%;\" align=\"JUSTIFY\">Els qui creiem que un pa\u00eds no t\u00e9 una, sin\u00f3 m\u00faltiples identitats, i que el conformen el conjunt de persones que l&#8217;habiten i les relacions econ\u00f2miques, pol\u00edtiques, ling\u00fc\u00edstiques, culturals i sentimentals que s&#8217;estableixen entre elles i que responen a din\u00e0miques hist\u00f2riques que, moltes vegades, tenen arrels seculars, no acceptem que la part defineixi el tot. Ni fa vuitanta anys ni ara. Aix\u00ed, la guerra va ser contra una(s) determinada(s) Catalunya(s), com ho va ser contra una(s) determinada(s) Espanya(s). I va ser tamb\u00e9 la lluita entre formes alternatives i excloents d&#8217;entendre i estructurar Catalunya (Espanya) per part dels propis catalans (espanyols).<\/p>\n<p style=\"margin-bottom: 0.64cm; background: #ffffff; line-height: 150%;\" align=\"JUSTIFY\"><a name=\"_GoBack\"><\/a> Afirmar que la guerra va ser contra Catalunya t\u00e9 un subtext evident, amb actual\u00edssima lectura pol\u00edtica: l&#8217;agressi\u00f3 va venir d&#8217;Espanya (tamb\u00e9 dotada d&#8217;una identitat espec\u00edfica?), amb l&#8217;ajuda d&#8217;alguns mals catalans, o catalans temporalment extraviats, per\u00f2 la immensa majoria dels catalans van estar al costat correcte i van formar entre les v\u00edctimes de l&#8217;Estat espanyol. No obstant aix\u00f2, la realitat hist\u00f2rica \u00e9s obstinada. Centenars de milers de catalans van celebrar la vict\u00f2ria rebel i van viure durant el franquisme amb notable satisfacci\u00f3 perqu\u00e8 el r\u00e8gim prove\u00efa el que ells esperaven. Sens dubte, a alguns els molestaven determinats aspectes culturals de la dictadura. Potser no eren exactament franquistes, per\u00f2 van ser feixistes de la mateixa forma que ho van ser molts alemanys a qui Hitler i la plebs nazi desagradaven, mentre el r\u00e8gim satisfeia les seves expectatives.<\/p>\n<p style=\"margin-bottom: 0.64cm; background: #ffffff; line-height: 150%;\" align=\"JUSTIFY\"><i><b>Francisco Morente<\/b><\/i><i> \u00e9s professor d&#8217;Hist\u00f2ria Contempor\u00e0nia a la UAB.<\/i><\/p>\n","protected":false},"excerpt":{"rendered":"<p class='MsoNormal' style='mso-margin-top-alt: auto; mso-margin-bottom-alt: auto; text-align: justify; line-height: normal; mso-outline-level: 2; background: white;'>Un dels elements que defineixen els nacionalismes \u00e9s el seu entusiasme per prendre la part pel tot: pretendre que una part de la poblaci\u00f3 representa la naci\u00f3 sencera<\/p>\n","protected":false},"author":9,"featured_media":3247,"comment_status":"open","ping_status":"open","sticky":false,"template":"","format":"standard","meta":{"footnotes":""},"categories":[13,46],"tags":[],"class_list":["post-3246","post","type-post","status-publish","format-standard","has-post-thumbnail","hentry","category-la-izquierda-a-debate","category-memoria-historica"],"aioseo_notices":[],"_links":{"self":[{"href":"https:\/\/espai-marx.net\/index.php?rest_route=\/wp\/v2\/posts\/3246","targetHints":{"allow":["GET"]}}],"collection":[{"href":"https:\/\/espai-marx.net\/index.php?rest_route=\/wp\/v2\/posts"}],"about":[{"href":"https:\/\/espai-marx.net\/index.php?rest_route=\/wp\/v2\/types\/post"}],"author":[{"embeddable":true,"href":"https:\/\/espai-marx.net\/index.php?rest_route=\/wp\/v2\/users\/9"}],"replies":[{"embeddable":true,"href":"https:\/\/espai-marx.net\/index.php?rest_route=%2Fwp%2Fv2%2Fcomments&post=3246"}],"version-history":[{"count":0,"href":"https:\/\/espai-marx.net\/index.php?rest_route=\/wp\/v2\/posts\/3246\/revisions"}],"wp:featuredmedia":[{"embeddable":true,"href":"https:\/\/espai-marx.net\/index.php?rest_route=\/wp\/v2\/media\/3247"}],"wp:attachment":[{"href":"https:\/\/espai-marx.net\/index.php?rest_route=%2Fwp%2Fv2%2Fmedia&parent=3246"}],"wp:term":[{"taxonomy":"category","embeddable":true,"href":"https:\/\/espai-marx.net\/index.php?rest_route=%2Fwp%2Fv2%2Fcategories&post=3246"},{"taxonomy":"post_tag","embeddable":true,"href":"https:\/\/espai-marx.net\/index.php?rest_route=%2Fwp%2Fv2%2Ftags&post=3246"}],"curies":[{"name":"wp","href":"https:\/\/api.w.org\/{rel}","templated":true}]}}