{"id":3265,"date":"2016-10-15T00:00:00","date_gmt":"2016-10-14T23:00:00","guid":{"rendered":"https:\/\/espai-marx.net\/?p=3265"},"modified":"2020-02-19T08:50:03","modified_gmt":"2020-02-19T07:50:03","slug":"entrevista-a-miguel-riera-director-de-la-revista-el-viejo-topo","status":"publish","type":"post","link":"https:\/\/espai-marx.net\/?p=3265","title":{"rendered":"Entrevista a Miguel Riera director de la revista El Viejo Topo."},"content":{"rendered":"<p><strong>Para situarnos en la historia de una de las publicaciones espa\u00f1olas de izquierda m\u00e1s adultas, viajemos si te parece a 1976. \u00bfQui\u00e9n eras t\u00fa en aquellos momentos? Creo que hab\u00edas estudiado Qu\u00edmicas, ven\u00edas del mundo cient\u00edfico.<\/strong><\/p>\n<p>S\u00ed, estudi\u00e9 qu\u00edmicas. Al acabar la carrera estuve cinco a\u00f1os investigando en un organismo del Consejo Superior de Investigaciones Cient\u00edficas. El tema de la tesis era \u201cRadicales libres inertes funcionalizados\u201d. Ya ves, la vida nos lleva por caminos inesperados.<\/p>\n<p><strong>\u00bfRadicales libres inertes funcionalizados! \u00bfY eso qu\u00e9 debe ser? No me atrevo a preguntarte. \u00bfPor qu\u00e9 os dio por fundar una revista?<\/strong><\/p>\n<p>Bueno, supongo que fue una modesta contribuci\u00f3n a la lucha contra el franquismo y el posfranquismo. En la Universidad viv\u00ed los a\u00f1os del Sindicato Democr\u00e1tico, de las manifestaciones, las expulsiones&#8230; creo que se nos ocurri\u00f3 fundar la revista de una forma muy natural, casi l\u00f3gica, dados los tiempos que viv\u00edamos. Adem\u00e1s yo lo tuve particularmente f\u00e1cil, porque ayud\u00e9 a mi vecino, \u00c1ngel Casas, a montar una revista de Rock,\u00a0Vibraciones, un aprendizaje que luego allan\u00f3 el camino hacia el Topo.<\/p>\n<p><strong>\u00bfQu\u00e9 ten\u00eda de singular vuestra publicaci\u00f3n en aquellos a\u00f1os?<\/strong><\/p>\n<p>Tres caracter\u00edsticas que la hac\u00edan diferente: 1) Ten\u00eda colorines. Incluso nos dieron el premio Laus de dise\u00f1o. 2) Estaba absolutamente abierta a todas las corrientes de la izquierda. Ese fue uno de los objetivos, que fuera un marco de di\u00e1logo entre gentes que se tiraban los trastos a la cabeza desde sus respectivas publicaciones. 3) Le dimos mucho peso a la cultura y a asuntos relacionados con la vida cotidiana. Desde la defensa de los derechos de los homosexuales (por entonces a\u00fan con responsabilidad penal) al feminismo, pasando por aspectos novedosos como la crisis de la militancia. En cierto modo fue una revista hija del 68.<\/p>\n<p><strong>\u00bfY qui\u00e9nes emprendisteis la aventura? \u00bfErais amigos? \u00bfDe d\u00f3nde sacasteis el dinero si no es una indiscreci\u00f3n?<\/strong><\/p>\n<p>Amigos, s\u00ed. Los creadores fuimos Josep Sarret, Claud\u00ed Monta\u00f1\u00e1 y yo mismo. Tras la tr\u00e1gica desaparici\u00f3n de Claudi, se incorpor\u00f3 Miguel Barroso. El dinero, muy escaso, lo pusieron mi madre y mi esposa, Elisa Nuria Cabot. Los varones est\u00e1bamos sin blanca.<\/p>\n<p><strong>\u00bfPuede decirse que, desde el primer momento, el topo fue una revista marxista?<\/strong><\/p>\n<p>No. Los marxismos tuvieron mucho peso, desde luego. Pero tambi\u00e9n el pensamiento libertario. \u00a1Si hasta lleg\u00f3 a colaborar Jim\u00e9nez Losantos! Claro que entonces ese personaje era telqueliano, y republicano, por cierto; sus mejores art\u00edculos de entonces ten\u00edan como referencia a Aza\u00f1a y otros pol\u00edticos de izquierda de la \u00e9poca.<\/p>\n<p><strong>\u00bfA qui\u00e9n se le ocurri\u00f3 el nombre?<\/strong><\/p>\n<p>A Josep Sarret. A m\u00ed me pareci\u00f3 un nombre horrible. El tiempo le ha dado la raz\u00f3n, aunque al principio result\u00f3 divertido: ibas a un quiosco pidiendo la revista y te preguntaban si trataba de perros, gatos u otros bichos.<\/p>\n<p><strong>Las cosas os fueron muy pero que muy bien. La revista se distribu\u00eda mejor que bien, llegaba a los kioskos, se compraba, se le\u00eda, la le\u00edamos. \u00bfQu\u00e9 cifras alcanzasteis?<\/strong><\/p>\n<p>La tirada habitual era de 35.000 ejemplares, con alg\u00fan pico de 50.000. Fue incre\u00edble.<\/p>\n<p><strong>\u00a135 mil, 50 mil! \u00a1Qu\u00e9 tiempos! Editasteis, si no recuerdo mal, varios n\u00fameros extraordinarios. Uno de ellos, lo conservo a\u00fan, est\u00e1 dedicado al estalinismo.<\/strong><\/p>\n<p>S\u00ed, empezamos con un especial sobre el franquismo. Cada dos meses public\u00e1bamos uno, adem\u00e1s del n\u00famero normal. Pero ya casi no me acuerdo de los temas que tratamos. Hubo uno especialmente significativo, el dedicado al control social.<\/p>\n<p><strong>Paco Fern\u00e1ndez Buey, un amigo com\u00fan, colabor\u00f3 desde el principio. \u00bfQu\u00e9 temas toc\u00f3 en aquellos primeros n\u00fameros?<\/strong><\/p>\n<p>Estuvo presente ya en una primera reuni\u00f3n, en la que quisimos crear un consejo amplio de redacci\u00f3n. La reuni\u00f3n fue un desastre, porque fue evidente que varios de los presentes trataban de asentar su hegemon\u00eda en la revista, as\u00ed que seguimos adelante sin Consejo. Paco colabor\u00f3 desde el n\u00famero 1, con textos diversos, uno sobre marxismos, otro sobre Gramsci, cuestiones culturales&#8230; Fue una pieza fundamental, y un amigo leal. Cuando el esc\u00e1ndalo del manifiesto de \u201cLo que queda de Espa\u00f1a\u201d se puso a nuestro lado sin dudarlo. Tuvo buen olfato.<\/p>\n<p><strong>\u00bfQu\u00e9 esc\u00e1ndalo fue ese? \u00bfLo que queda de Espa\u00f1a no es un libro de Jim\u00e9nez Losantos?<\/strong><\/p>\n<p>Fue una operaci\u00f3n genial de marketing dirigida contra nosotros. El grupo de Jim\u00e9nez Losantos, Alberto Card\u00edn, Biel Mesquida, etc., nos acusaron de atacar a la libertad de expresi\u00f3n por no querer publicar ese libro, cuando yo ni siquiera hab\u00eda le\u00eddo el original. Ten\u00edan preparado un manifiesto que firm\u00f3 mucha gente, amigos incluidos, trag\u00e1ndose la mentira. Por aquel tiempo todo el mundo firmaba cualquier manifiesto. Al estallar el esc\u00e1ndalo le\u00ed el libro, y me alegr\u00e9 de no haberlo publicado. Lo hizo despu\u00e9s\u00a0Ajoblanco, aunque con un contenido del que se hab\u00edan suprimido algunas estupideces. Fue un \u00e9xito de ventas.<\/p>\n<p><strong>Junto al Topo, editasteis tambi\u00e9n otras revistas.\u00a0Transici\u00f3n, Vibraciones, hablabas antes de esta segunda. \u00bfQu\u00e9 tal fueron?<\/strong><\/p>\n<p>Vibraciones ya exist\u00eda, era la revista de rock que dirig\u00eda \u00c1ngel Casas. La casa editorial que hac\u00eda esa revista, y de la que yo era el administrador, acogi\u00f3 a El Viejo Topo, y luego a Transici\u00f3n, una revista cuyo subt\u00edtulo indica perfectamente su contenido: econom\u00eda, trabajo, sociedad.<\/p>\n<p><strong>Pero que tambi\u00e9n toc\u00f3 temas de econom\u00eda ecol\u00f3gica cuando no muchas revistas hablaban de estos temas<\/strong><\/p>\n<p>As\u00ed fue. La palabra ecolog\u00eda ten\u00eda entonces un sentido acad\u00e9mico, cient\u00edfico. No se usaba en el lenguaje com\u00fan. Por cierto, creo recordar que en un n\u00famero de Transici\u00f3n ya se hablaba de cambio clim\u00e1tico. Luego los poderes reales han estado d\u00e9cadas neg\u00e1ndolo.<\/p>\n<p><strong>Luego o al mismo tiempo estuvo el proyecto editorial. \u00bfQu\u00e9 libros publicasteis en aquel tiempo? \u00bfQui\u00e9nes llevabais la editorial?<\/strong><\/p>\n<p>La editorial la llev\u00e1bamos los mismos que hac\u00edamos la revista. Publicamos libros de autores importantes: Samir Amin, Andr\u00e9 Gorz, Saraiva de Carvalho, Fernando Claud\u00edn, K.S. Karol, Toni Negri&#8230;<\/p>\n<p><strong>Samir Amin\u2026 siempre hab\u00e9is tenido en gran consideraci\u00f3n la obra de este marxista egipcio. Acaso m\u00e1s que ninguna otra editorial.<\/strong><\/p>\n<p>Tengo una gran admiraci\u00f3n por los trabajos de Samir Amin. Aunque \u00e9l recientemente ha escrito sobre los errores que ha cometido en el pasado al interpretar el sentido y la direcci\u00f3n de los hechos pol\u00edticos, yo me asombro de constatar c\u00f3mo y cu\u00e1nto acert\u00f3 en su visi\u00f3n acerca de c\u00f3mo se desarrollar\u00edan el capitalismo, el imperialismo, incluso el llamado socialismo real en las posteriores d\u00e9cadas. Su obra me parece simplemente fundamental.<\/p>\n<p><strong>Luego estuvieron las jornadas, aquel encuentro inolvidable de 1978. \u00bfCrees que fue un exitazo? \u00bfC\u00f3mo pudisteis montar todo aquello? \u00bfCu\u00e1ntas charlas, cu\u00e1nta gente asisti\u00f3?<\/strong><\/p>\n<p>Fue un exitazo. Los tres d\u00edas. Si no recuerdo mal, vendimos 25.000 entradas. Con el dinero de la recaudaci\u00f3n del viernes fuimos el s\u00e1bado por la ma\u00f1ana a pagar las letras protestadas en poder de las notar\u00edas. Lo digo para valorar mejor aquel enorme esfuerzo. Ocupamos todo el Pueblo Espa\u00f1ol de Barcelona con mesas de debate, m\u00fasica, etc. El ciclo de cine franquista lo proyectamos en la Fundaci\u00f3n Mir\u00f3. Para que veas c\u00f3mo cambian los tiempos: el ayuntamiento de Barcelona nos cedi\u00f3 el recinto completamente gratis.<\/p>\n<p><strong>S\u00ed, s\u00ed, que cambian. \u00bfOs influy\u00f3 lo que se llam\u00f3 por aquel entonces la crisis del marxismo? \u00bfEl desencanto?<\/strong><\/p>\n<p>Nos influy\u00f3 nuestra propia crisis. El desencanto lleg\u00f3 mucho despu\u00e9s.<\/p>\n<p><strong>Te pregunto por la crisis. \u00bfCu\u00e1ndo las cosas empezaron a ir menos bien?<\/strong><\/p>\n<p>-Nunca fueron econ\u00f3micamente bien. Desde el punto de vista empresarial, una responsabilidad que se me atribuy\u00f3 en exclusiva, la editorial fue un desastre. Nos afect\u00f3 mucho la quiebra de las distintas distribuidoras de Am\u00e9rica Latina, y digamos que como gestor a\u00fan tengo mucho que aprender.<\/p>\n<p><strong>\u00bfQu\u00e9 hizo estallar la crisis?<\/strong><\/p>\n<p>Un \u201cgolpe de estado\u201d interno protagonizado por Miguel Barroso, que pretendi\u00f3 hacerse con la revista de forma desleal y torticera. \u00c9l acab\u00f3 expulsado por la asamblea que se form\u00f3 para discutir el asunto, y Sarret y yo acabamos amargados. Ambos abandonamos poco despu\u00e9s la revista, que pas\u00f3 a gestionar Pep Subir\u00f3s.<\/p>\n<p><strong>\u00bfY qu\u00e9 ven\u00eda ese intento de toma de poder en exclusiva por parte de Barroso?<\/strong><\/p>\n<p>-Mientras Sarret y yo pretend\u00edamos una revista plural, Barroso iniciaba su aproximaci\u00f3n al PSOE. Las discusiones sobre cada uno de los art\u00edculos, que hasta entonces hab\u00edan sido cordiales, empezaron a agriarse. Era evidente que Barroso pretend\u00eda instrumentalizar la revista.<\/p>\n<p><strong>Abandonasteis la revista&#8230; \u00bfqu\u00e9 significa exactamente? \u00bfNo colaborabais de ninguna manera?<\/strong><\/p>\n<p>De ninguna manera. Al principio compartimos local, pero en cuanto pudimos nos trasladamos.<\/p>\n<p><strong>\u00bfEn qu\u00e9 a\u00f1o se dej\u00f3 de publicar la revista?<\/strong><\/p>\n<p>En el 82, por sorpresa, Subir\u00f3s present\u00f3 en el juzgado una suspensi\u00f3n de pagos. Sarret estaba entonces si la memoria no me falla, dirigiendo el semanario \u201cEl Mon\u201d, y yo dirig\u00eda la revista literaria\u00a0Quimera. La suspensi\u00f3n de pagos fue un golpe bajo.<\/p>\n<p><strong>Entiendo que est\u00e1s criticando a Subir\u00f3s por lo de la suspensi\u00f3n de pagos.<\/strong><\/p>\n<p>Pues s\u00ed. Pero no quiero hurgar en esa herida, porque Subir\u00f3s ya no est\u00e1 entre nosotros, y es mejor olvidar las malas pasadas.<\/p>\n<p><strong>De acuerdo, de acuerdo. Creo que no sigues dirigiendo Quimera pero \u00bfQu\u00e9 tal la experiencia a lo largo de estos a\u00f1os? \u00bfNo es dif\u00edcil mantener una revista literaria de estas caracter\u00edsticas?<\/strong><\/p>\n<p>Estoy orgullos\u00edsimo de esa etapa. Dirig\u00ed Quimera durante 18 a\u00f1os, ayudado por un conjunto de personas de un nivel extraordinario. El m\u00e9rito es de ellos, desde luego. Alrededor de la revista estaban Juan Goytisolo, Rafael Humberto Moreno Dur\u00e1n, Juli\u00e1n R\u00edos, Roa Bastos, por citar solo unos pocos. Durante los primeros a\u00f1os se imprim\u00edan entre 30 y 35.000 ejemplares, una cifra extraordinaria para ser una revista literaria.<\/p>\n<p><strong>Otro gran \u00e9xito. Me centro de nuevo en el Topo. \u00bfCu\u00e1ndo se volvi\u00f3 a editar? \u00bfQui\u00e9nes estabais en esta segunda etapa de la aventura?<\/strong><\/p>\n<p>En 1993, cuando pude recuperar la cabecera, que Subir\u00f3s se hab\u00eda adjudicado, supongo que por si alg\u00fan d\u00eda decid\u00eda volver a publicarla. Pero olvid\u00f3 seguir pagando los derechos de marca, y as\u00ed pude recuperarla. Decidimos volver a publicarla hastiados de contemplar la corrupci\u00f3n del PSOE y asqueados por el terrorismo de Estado y los GAL. Nos juntamos unos pocos, Jordi Dauder, Jos\u00e9 Sanch\u00eds Sinisterra, Enrique Helguera, Santiago Palacios, Esther Ma\u00f1\u00e9, mi compa\u00f1era y yo, para impulsar la resurrecci\u00f3n.<\/p>\n<p><strong>Once a\u00f1os entre una y otra etapa. \u00bfEres t\u00fa el director en solitario o estaban contigo otros compa\u00f1eros?<\/strong><\/p>\n<p>Era yo el director, con un redactor-jefe muy activo, Xavi Gir\u00f3.<\/p>\n<p><strong>\u00bfDe d\u00f3nde salieron los fondos para este resurgimiento?<\/strong><\/p>\n<p>Adem\u00e1s de los nombres que ya he citado, lleg\u00f3 tambi\u00e9n una aportaci\u00f3n de una de las empresas de Jaume Roures, quien m\u00e1s tarde se desvincul\u00f3 de la aventura.<\/p>\n<p><strong>Mirado desde ahora, pensando en aquellos a\u00f1os, \u00bfno estabais como un llum? \u00bfA qui\u00e9nes pensabais que podr\u00eda interesar la revista en aquel tiempo tal felipe-felipe-felipe?<\/strong><\/p>\n<p>Tal vez\u2026 pero en la primera \u00e9poca no fuimos los \u00fanicos, ni mucho menos. Un sector de mi generaci\u00f3n estaba en ebullici\u00f3n creativa, y surg\u00edan proyectos por todas partes. Tambi\u00e9n en el sector de las publicaciones. En la segunda \u00e9poca las cosas ya eran diferentes.<\/p>\n<p><strong>Desde un punto de vista pol\u00edtico, \u00bften\u00edais las mismas coordenadas pol\u00edticas e ideol\u00f3gicas que en la etapa anterior?<\/strong><\/p>\n<p>S\u00ed en lo fundamental, no tanto en los objetivos. Han cambiado el paisaje y las circunstancias; ahora, por ejemplo, hay que luchar para ampliar o para que no sea laminada la democracia, y entonces hab\u00eda que luchar por conseguirla. Y as\u00ed m\u00e1s o menos todo.<\/p>\n<p><strong>Los contenidos, las secciones de la revista, \u00bfhan ido variando a lo largo de estos a\u00f1os?<\/strong><\/p>\n<p>Desde luego. Del mismo modo que se ha ido produciendo un relevo, parcial y l\u00f3gico, en los colaboradores.<\/p>\n<p><strong>\u00bfCon qu\u00e9 colaboradores hab\u00e9is contado a lo largo de estos a\u00f1os?<\/strong><\/p>\n<p>De la primera \u00e9poca algunos acabaron ocupando altos cargos, pero con la excepci\u00f3n de Juan Goytisolo no les hemos vuelto a ver el pelo. Excepcional en esto fue Fern\u00e1ndez Buey, pieza clave tanto en la primera como en la segunda \u00e9poca. En los \u00faltimos a\u00f1os, adem\u00e1s de los muchos que han colaborado ocasionalmente, debo resaltar a algunos de fidelidad inquebrantable: Antonio Garc\u00eda Vila, Higinio Polo, Luis Roca, V\u00edctor R\u00edos, Eduardo Luque, Antonio Santamar\u00eda, G\u00f3mez Tar\u00edn, y Agust\u00edn Rubio son el espinazo de la revista. Adem\u00e1s de ti, Salvador, que llevas colaborando en cada n\u00famero desde hace no s\u00e9 cu\u00e1ntos a\u00f1os. Muchos.<\/p>\n<p><strong>Gracias, un honor para m\u00ed, \u00bfHab\u00e9is tenido ayudas ministeriales o de la administraci\u00f3n en general?<\/strong><\/p>\n<p>Hace bastantes a\u00f1os, siendo yo el presidente de ARCE, la asociaci\u00f3n de revistas culturales, se alcanz\u00f3 un acuerdo con el ministerio para que las bibliotecas p\u00fablicas se suscribieran a todas, o casi todas, las revistas culturales y pol\u00edtico-culturales. Surgi\u00f3 un problema que luego ha dado pie a malentendidos: como seg\u00fan la ley de contratos del estado no se puede pagar nada hasta haber sido entregado, el ministerio no pod\u00eda pagar las suscripciones hasta bien entrado el a\u00f1o siguiente. Para salvar eso, se ide\u00f3 formalizar el asunto en forma de subvenci\u00f3n con la contraprestaci\u00f3n de entrega de los ejemplares. Una chapuza, que ha originado que se dijera que las revistas recib\u00edan subvenciones, cuando era en realidad venta de suscripciones.<\/p>\n<p>En 2011, por presiones de la UE, el PSOE, poco antes de cederle el gobierno a Rajoy, suprimi\u00f3 las suscripciones a bibliotecas. Completamente.<\/p>\n<p><strong>Lo recuerdo, lo recuerdo<\/strong><\/p>\n<p>En su lugar, el PP implement\u00f3, ahora s\u00ed, unas subvenciones a fondo perdido (con la entrega de unos pocos ejemplares) pero con cuant\u00edas alejad\u00edsimas de lo que anteriormente se facturaba. Una l\u00e1stima, porque ahora son muy pocas las bibliotecas que est\u00e1n suscritas a las revistas.<\/p>\n<p><strong>\u00bfCu\u00e1l es el tiraje actual de la revista?<\/strong><\/p>\n<p>Casi me da verg\u00fcenza decirlo al compararlo con los de otros tiempos: habitualmente 3.500, alguna vez llegamos a 5.000. De todas formas cuando lo comento por ah\u00ed se sorprenden de lo alto que es. No parece que los tiempos sean buenos para el formato revista.<\/p>\n<p><strong>No son buenos, no lo son. Como revista, \u00bfhac\u00e9is apuestas pol\u00edticas? No s\u00e9, a favor del 15M, a favor de Unidos Podemos.<\/strong><\/p>\n<p>Nos gustar\u00eda apoyar la idea gramsciana de construcci\u00f3n de un bloque hist\u00f3rico capaz de impulsar una transformaci\u00f3n real. Pero eso es decir muy poco, y concretarlo es dif\u00edcil, pues la pol\u00edtica modifica constantemente el terreno en el que nos movemos. En las pasadas elecciones editorialmente apoyamos la idea de Unidos Podemos. Pero no estamos casados con nadie.<\/p>\n<p><strong>Se os acusa en ocasiones de ser una revista poco sensible al \u201checho catal\u00e1n\u201d. \u00bfEs as\u00ed en tu opini\u00f3n? \u00bfTe parece bien esta cr\u00edtica?<\/strong><\/p>\n<p>No s\u00e9 exactamente qu\u00e9 entiendes por el \u201checho catal\u00e1n\u201d.<\/p>\n<p><strong>Tocado y hundido.<\/strong><\/p>\n<p>Yo soy catal\u00e1n. El abuelo de mi compa\u00f1era incluso fue fundador del Bar\u00e7a. Pero ninguno de los dos acabamos de saber qu\u00e9 es ese \u201checho\u201d. Si te refieres a asuntos tales como la posible independencia, el derecho a decidir, el principio de autodeterminaci\u00f3n y cosas por el estilo, mi posici\u00f3n personal, no necesariamente compartida por el resto de colaboradores, es que son conceptos que sirven fundamentalmente para que la burgues\u00eda nacionalista siga manejando los resortes del poder, mareando la perdiz indefinidamente sabiendo que transitan por un camino que no lleva a ninguna parte, aunque dejar\u00e1 muchos heridos en las cunetas. El catalanismo es un sentimiento, absolutamente leg\u00edtimo mientras se respeten los derechos de todos, pero yo no soy patriota. De ninguna patria. En todo caso me reconozco en \u201cLa marsellesa\u201d y \u201cLa internacional\u201d, y poco m\u00e1s.<\/p>\n<p>Es verdad, de todos modos, que en este aspecto la revista ha sido pol\u00edticamente incorrecta en un ambiente tan \u201ccontrolado\u201d como el catal\u00e1n, porque ha dado cabida a alguna voz discrepante, y no ha defendido en su momento algunos argumentos que se han propalado en medios catalanes y que finalmente se han demostrado falsos, pura propaganda. Pero no abundar en ellos ha sido suficiente para que algunos nos consideren \u201cenemigos\u201d. Odio los fanatismos.<\/p>\n<p><strong>Coincidimos tambi\u00e9n en esto \u00faltimo. \u00bfHas, hab\u00e9is pensado en algo especial para celebrar estos 40 a\u00f1os?<\/strong><\/p>\n<p>He, hemos tenido alg\u00fan delirio al respecto. Enso\u00f1aciones. Pero el agobio del trabajo cotidiano nos tiene bloqueados. Lo primero es lo primero.<\/p>\n<p><strong>Por cierto, has hablado en varias ocasiones de tu compa\u00f1era, de Elisa. \u00bfMe equivoco si afirmo que ha sido alguien esencial en las varias etapas del Topo?<\/strong><\/p>\n<p>No te equivocas en absoluto. Sin ella el Topo ni hubiera existido, ni hubiera resucitado, ni se seguir\u00eda publicando. Pero como es la personificaci\u00f3n de la discreci\u00f3n, casi nadie es consciente de ello. Personalmente se lo debo todo.<\/p>\n<p><strong>Dejemos constancia de ello. \u00bfSeguir\u00e1 el Topo cavando y cavando? No lo digo por ti espec\u00edficamente, pero ya tenemos nuestros a\u00f1itos.<\/strong><\/p>\n<p>A m\u00ed me gustar\u00eda. Pero como dices, yo ya tengo una edad&#8230; A ver si alguien se anima a seguir cavando galer\u00edas&#8230;.<\/p>\n<p><strong>\u00bfMe he dejado algo importante en el tintero? \u00bfQuieres a\u00f1adir algo m\u00e1s?<\/strong><\/p>\n<p>Nada, muchas gracias por el tiempo que te has tomado. Quiz\u00e1s s\u00ed, una cosa: no nos dejemos llevar por nostalgias o tristezas. Hay mucho que hacer, muchos obst\u00e1culos que salvar, muchos golpes que recibir pero tambi\u00e9n mucha esperanza que alumbrar.<\/p>\n<p><strong>Gracias. Alumbremos, pues, toda la esperanza que podamos.<\/strong><\/p>\n","protected":false},"excerpt":{"rendered":"<p class='MsoNormal' style='margin-bottom: 18.0pt; text-align: justify; line-height: 14.4pt; background: white; vertical-align: baseline;'>Nos gustar\u00eda apoyar la idea gramsciana de construcci\u00f3n de un bloque hist\u00f3rico capaz de impulsar una transformaci\u00f3n real. Pero eso es decir muy poco, y concretarlo es dif\u00edcil, pues la pol\u00edtica modifica constantemente el terreno en el que nos movemos.<\/p>\n","protected":false},"author":9,"featured_media":3266,"comment_status":"open","ping_status":"open","sticky":false,"template":"","format":"standard","meta":{"footnotes":""},"categories":[19],"tags":[1023,1022],"class_list":["post-3265","post","type-post","status-publish","format-standard","has-post-thumbnail","hentry","category-cultura","tag-editores","tag-miguel-riera"],"aioseo_notices":[],"_links":{"self":[{"href":"https:\/\/espai-marx.net\/index.php?rest_route=\/wp\/v2\/posts\/3265","targetHints":{"allow":["GET"]}}],"collection":[{"href":"https:\/\/espai-marx.net\/index.php?rest_route=\/wp\/v2\/posts"}],"about":[{"href":"https:\/\/espai-marx.net\/index.php?rest_route=\/wp\/v2\/types\/post"}],"author":[{"embeddable":true,"href":"https:\/\/espai-marx.net\/index.php?rest_route=\/wp\/v2\/users\/9"}],"replies":[{"embeddable":true,"href":"https:\/\/espai-marx.net\/index.php?rest_route=%2Fwp%2Fv2%2Fcomments&post=3265"}],"version-history":[{"count":0,"href":"https:\/\/espai-marx.net\/index.php?rest_route=\/wp\/v2\/posts\/3265\/revisions"}],"wp:featuredmedia":[{"embeddable":true,"href":"https:\/\/espai-marx.net\/index.php?rest_route=\/wp\/v2\/media\/3266"}],"wp:attachment":[{"href":"https:\/\/espai-marx.net\/index.php?rest_route=%2Fwp%2Fv2%2Fmedia&parent=3265"}],"wp:term":[{"taxonomy":"category","embeddable":true,"href":"https:\/\/espai-marx.net\/index.php?rest_route=%2Fwp%2Fv2%2Fcategories&post=3265"},{"taxonomy":"post_tag","embeddable":true,"href":"https:\/\/espai-marx.net\/index.php?rest_route=%2Fwp%2Fv2%2Ftags&post=3265"}],"curies":[{"name":"wp","href":"https:\/\/api.w.org\/{rel}","templated":true}]}}