{"id":3296,"date":"2016-11-19T00:00:00","date_gmt":"2016-11-18T23:00:00","guid":{"rendered":"https:\/\/espai-marx.net\/?p=3296"},"modified":"2020-02-19T08:47:19","modified_gmt":"2020-02-19T07:47:19","slug":"entrevista-a-ramon-franquesa-el-brexit-ha-demostrado-que-hay-vida-fuera-de-la-union-europea","status":"publish","type":"post","link":"https:\/\/espai-marx.net\/?p=3296","title":{"rendered":"Entrevista a Ram\u00f3n Franquesa; El brexit ha demostrado que hay vida fuera de la Uni\u00f3n Europea"},"content":{"rendered":"<p style=\"margin-bottom: 0.64cm; line-height: 150%;\" align=\"JUSTIFY\"><a name=\"_GoBack\"><\/a> <b>Adem\u00e1s de los desplomes de su cotizaci\u00f3n en bolsa, los balances del Deutsche Bank presentan serias dudas. En septiembre de 2016 se anunci\u00f3 que el Departamento de Justicia estadounidense podr\u00eda sancionar a este banco con 14.000 millones de euros, por su actuaci\u00f3n durante la crisis de las <\/b><i><b>subprime<\/b><\/i><b>. Las inc\u00f3gnitas tambi\u00e9n planean sobre el Commerzbank, segundo banco del pa\u00eds, a lo que se agrega la situaci\u00f3n de las cajas de ahorro y el esc\u00e1ndalo del falseamiento de las emisiones de la Volkswagen. Pero el dedo acusador se\u00f1ala invariablemente a los pa\u00edses del sur\u2026<\/b><\/p>\n<p style=\"margin-bottom: 0.64cm; line-height: 150%;\" align=\"JUSTIFY\">Respecto a los bancos, cuanto mayor es su dimensi\u00f3n m\u00e1s responsabilidad tienen. Y no quiero decir que los bancos espa\u00f1oles sean totalmente inocentes. Pero la que dirigi\u00f3 las inversiones especulativas desde Alemania hacia nuestro pa\u00eds, fue precisamente la banca alemana privada. Por tanto ellos son los grandes responsables de nuestra crisis inmobiliaria, los que introdujeron un capital especulativo que provoc\u00f3 el alza de precios de los productos inmobiliarios. Y ello, en un contexto en que los salarios en Espa\u00f1a tend\u00edan a la baja. Llegaban capitales de todo el mundo, pero sobre todo alemanes y en menor medida de Francia. Se pensaba que los pisos eran una inversi\u00f3n segura, y que nunca bajar\u00edan los precios.<\/p>\n<p style=\"margin-bottom: 0.64cm; line-height: 150%;\" align=\"JUSTIFY\"><b>\u00bfTiene el gigante alem\u00e1n los pies fr\u00e1giles?<\/b><\/p>\n<p style=\"margin-bottom: 0.64cm; line-height: 150%;\" align=\"JUSTIFY\">Que tiene los pies de barro es evidente, pero es un gigante, porque el Deutsche Bank ha acabado utilizando al Banco Central Europeo para su prop\u00f3sito. Tenemos un BCE que, primero, ha provocado una brutal recesi\u00f3n con el argumento de que no pod\u00eda haber d\u00e9ficits presupuestarios; tampoco pod\u00eda cubrir con emisi\u00f3n monetaria la deuda de los pa\u00edses m\u00e1s duramente golpeados por la crisis. Pero despu\u00e9s, cuando las cuentas de los grandes bancos se mostraron hinchadas, falsificadas, llenas de agujeros y deudas, el BCE no tuvo ning\u00fan problema en emitir miles de millones de euros para rescatarlos. Ocurri\u00f3 con el Deutsche Bank, Dexia y otros, tambi\u00e9n los espa\u00f1oles, lo que sucede es que las inversiones est\u00e1n cruzadas entre ellos. Se trata de bancos que apostaron su dinero en inversiones que no pod\u00edan devolverse, y tampoco las pod\u00edan cubrir con las exigencias de solidez que impone el mismo sistema bancario.<\/p>\n<p style=\"margin-bottom: 0.64cm; line-height: 150%;\" align=\"JUSTIFY\"><b>\u00bfQu\u00e9 ocurri\u00f3 entonces?<\/b><\/p>\n<p style=\"margin-bottom: 0.64cm; line-height: 150%;\" align=\"JUSTIFY\">Primero, se intentaron cambiar estas exigencias. Hemos visto que los convenios de Basilea obligaban a los bancos a disponer de un cierto porcentaje de capital propio. Pero esto se ha ido \u201crelajando\u201d. M\u00e1s todav\u00eda en Basilea II y Basilea III mediante diferentes trucos, como permitir contabilizar determinados ep\u00edgrafes como \u201ccapital solvente\u201d, cuando no lo son. Y claro, en la medida en que los agujeros bancarios empezaron a mostrar v\u00edas de agua, es decir, no se devolv\u00eda el capital en el tiempo establecido, tuvieron que recurrir a los pr\u00e9stamos del BCE a tipos de inter\u00e9s pr\u00e1cticamente nulo.<\/p>\n<p style=\"margin-bottom: 0.64cm; line-height: 150%;\" align=\"JUSTIFY\"><b>El<\/b><i><b> brexit<\/b><\/i><b> ha sacudido con fuerza el consenso europeo durante los \u00faltimos meses. La libra esterlina ha llegado a caer hasta los niveles m\u00e1s bajos en tres d\u00e9cadas y la primera ministra brit\u00e1nica, Theresa May, anuncia que en menos de seis meses comenzar\u00e1 el proceso de desvinculaci\u00f3n de la UE. \u00bfQu\u00e9 es lo m\u00e1s relevante del <\/b><i><b>brexit<\/b><\/i><b>?<\/b><\/p>\n<p style=\"margin-bottom: 0.64cm; line-height: 150%;\" align=\"JUSTIFY\">Lo m\u00e1s destacado es el \u201cno\u201d de la poblaci\u00f3n y demostrar \u2013como lo est\u00e1n haciendo- que hay vida fuera de la Uni\u00f3n Europea. Todo el argumento de que Inglaterra se iba a derrumbar aparece como una falacia. Era la construcci\u00f3n (falsa) de la amenaza por abandonar un barco que, en el fondo, se est\u00e1 hundiendo. En el proceso de <i>brexit<\/i> irrumpen diferentes fuerzas: conservadoras, nacionalistas que sue\u00f1an con un pasado colonial\u2026y aparece tambi\u00e9n la izquierda. Los sindicatos, en especial los industriales y mineros, se dan cuenta de que dentro de la Uni\u00f3n se hallan comercialmente desprotegidos, y se les quitan las competencias de la gesti\u00f3n monetaria sin que se establezca una unidad fiscal ni de derechos sociales. Esta situaci\u00f3n provoca el derrumbe del estado social en Inglaterra. Adem\u00e1s, la ruptura con la UE no se produce por el hecho de estar unidos a otros pa\u00edses del espacio europeo, sino por las reglas con las que se ha forjado esta Uni\u00f3n. Sobre esta experiencia, por tanto, son los trabajadores quienes de manera masiva han votado por la salida del sistema. El<i> brexit<\/i> tambi\u00e9n supone una amenaza a la l\u00ednea de flotaci\u00f3n del TTIP.<\/p>\n<p style=\"margin-bottom: 0.64cm; line-height: 150%;\" align=\"JUSTIFY\"><b>El expresidente de la Comisi\u00f3n Europea durante una d\u00e9cada y tambi\u00e9n expresidente del gobierno portugu\u00e9s (2002-2004), Durao Barroso, fich\u00f3 en julio de 2016 por la filial brit\u00e1nica de Goldman Sachs. \u00bfQu\u00e9 supone este paso de la pol\u00edtica a los negocios?<\/b><\/p>\n<p style=\"margin-bottom: 0.64cm; line-height: 150%;\" align=\"JUSTIFY\">Es la prueba de a qui\u00e9n est\u00e1n sirviendo las instituciones europeas. Se trata de pol\u00edticos corruptos, pero en un sentido profundo: no s\u00f3lo porque \u201cpasen\u201d o no maletines (de lo que no podemos tener pruebas), sino en lo m\u00e1s evidente, es decir, traicionan los intereses de la mayor\u00eda social de los pueblos de Europa. \u00bfQu\u00e9 necesitan los pueblos? Reactivaci\u00f3n econ\u00f3mica, trabajo y garant\u00edas sociales. Durao Barroso les ha dado destrucci\u00f3n de salarios, del empleo y del tejido industrial. Adem\u00e1s, gracias a Durao Barroso y al BCE, la carga de la imprudencia de los bancos ha reca\u00eddo sobre la poblaci\u00f3n.<\/p>\n<p style=\"margin-bottom: 0.64cm; line-height: 150%;\" align=\"JUSTIFY\"><b>El periodista, cofundador de ATTAC y colaborador de Le Monde diplomatique Bernard Cassen, plantea un rechazo libre comercio, que contrapone a los derechos humanos y a la conservaci\u00f3n del planeta. \u00bfEst\u00e1s de acuerdo? \u00bfQu\u00e9 opinas de la \u201cdesmundializaci\u00f3n\u201d como principio?<\/b><\/p>\n<p style=\"margin-bottom: 0.64cm; line-height: 150%;\" align=\"JUSTIFY\">El comercio es un factor que en principio me parece positivo, siempre que est\u00e9 a favor del desarrollo de la econom\u00eda y de las sociedades. Lo que en cambio es un producto envenenado, t\u00f3xico, es el comercio sin ninguna regulaci\u00f3n. Que se pueda comerciar libremente entre dos pa\u00edses que se ajustan a un mismo marco legal y de derechos es positivo, porque cada uno se especializa en aquello que puede producir mejor. Sin embargo, el libre comercio entre un pa\u00eds que permite el trabajo infantil y otro que no, es provocar que al final trabajen los ni\u00f1os en el pa\u00eds que en principio no lo permite. Entendida como una regulaci\u00f3n del comercio, la mundializaci\u00f3n es, hasta cierto punto, necesaria. Pero tampoco soy partidario de volver a la autarqu\u00eda. Los pa\u00edses hemos de relacionarnos y comerciar entre nosotros buscando no la competencia, sino la cooperaci\u00f3n y la ventaja mutua. Ello implica una filosof\u00eda distinta a c\u00f3mo se est\u00e1n negociando acuerdos comerciales como el TTIP o el TPP (Acuerdo Transpac\u00edfico), que ni siquiera se negocian en la Organizaci\u00f3n Mundial del Comercio (OMC). Las multinacionales se sienten inc\u00f3modas en la OMC, porque es demasiado transparente para ellas; por tanto, buscan acuerdos bilaterales entre pa\u00edses y entre gobiernos sobre los que ejercen una enorme presi\u00f3n mediante los lobbies. Adem\u00e1s, hay regulaciones comerciales que permanecen escondidas para las poblaciones. El TTIP tiene protocolos en que se plantea que, durante a\u00f1os, los acuerdos van a ser secretos.<\/p>\n<p style=\"margin-bottom: 0.64cm; line-height: 150%;\" align=\"JUSTIFY\"><b>Formas parte de la Plataforma por la Salida del Euro. Actualmente el debate pol\u00edtico en el estado espa\u00f1ol pivota sobre la investidura de Rajoy y las guerras intestinas en el PSOE, de modo que ning\u00fan partido se cuestiona el marco que rige la relaci\u00f3n entre la UE y Espa\u00f1a. \u00bfC\u00f3mo introducir en la \u201cagenda\u201d la discusi\u00f3n sobre la moneda \u00fanica?<\/b><\/p>\n<p style=\"margin-bottom: 0.64cm; line-height: 150%;\" align=\"JUSTIFY\">Es parte de nuestra tarea, introducir esta cuesti\u00f3n en la \u201cagenda\u201d pol\u00edtica sin que ello implique dejar de entrar en otros asuntos. Hoy no se puede hablar de una salida de desarrollo y en positivo para las grandes mayor\u00edas sin abordar la cuesti\u00f3n del euro. Existe actualmente un gran miedo a entrar en la pol\u00e9mica. Hay una visi\u00f3n que, impl\u00edcitamente, supone que este sistema monetario es reformable. Ahora bien, no se va a poder avanzar hasta que no se sea consciente de que no hay reforma posible dentro del sistema euro, porque tanto la moneda \u00fanica como el banco central est\u00e1n dise\u00f1ados para producir las consecuencias actuales.<\/p>\n<p style=\"margin-bottom: 0.64cm; line-height: 150%;\" align=\"JUSTIFY\"><b>\u00bfQu\u00e9 relevancia atribuyes entonces a las iniciativas que plantea Unidos-Podemos como el trabajo garantizado, la renta m\u00ednima para el rescate ciudadano o los programas \u201ckeynesianos\u201d de gasto?<\/b><\/p>\n<p style=\"margin-bottom: 0.64cm; line-height: 150%;\" align=\"JUSTIFY\">Son medidas correctas, el problema es c\u00f3mo van a financiarse cuando est\u00e1s atado de manos a un banco central que controla la emisi\u00f3n monetaria, y que no te va a permitir emisiones dirigidas al rescate de las personas o la creaci\u00f3n de puestos de trabajo; adem\u00e1s va a inundarte con una moneda que va a servir para rescatar a los bancos. \u00bfQu\u00e9 estamos viendo con los miles de millones de euros que el BCE ha inyectado en el Deutsche Bank y los bancos privados europeos? No han servido para estimular la actividad econ\u00f3mica ni siquiera para sacarlos de la recesi\u00f3n, porque los bancos se han dedicado con ese dinero a especular de nuevo: contra los estados, la deuda p\u00fablica y con los nuevos productos financieros artificiales; adem\u00e1s, para mantenerse en un c\u00edrculo de beneficios ficticios. En definitiva el banco central ha decidido rescatarlos, en lugar de que las entidades tuvieran que responder con sus activos y sus propios recursos al desastre donde se metieron.<\/p>\n<p style=\"margin-bottom: 0.64cm; line-height: 150%;\" align=\"JUSTIFY\"><b>El partido de extrema derecha AFD (Alternativa por Alemania) qued\u00f3 por delante de la CDU en las elecciones regionales de Mecklemburgo-Pomerania en septiembre de 2016, y en las de Berl\u00edn alcanz\u00f3 el 14% de los votos. Adem\u00e1s de las vallas y los discursos xen\u00f3fobos, el gobierno de Hungr\u00eda ha sometido a refer\u00e9ndum la cuota de refugiados para el pa\u00eds establecida por la Uni\u00f3n Europea. \u00bfEst\u00e1 cometiendo la izquierda errores?<\/b><\/p>\n<p style=\"margin-bottom: 0.64cm; line-height: 150%;\" align=\"JUSTIFY\">En una situaci\u00f3n en que las personas cada vez viven peor y la izquierda se muestra incapaz de se\u00f1alar d\u00f3nde reside el problema y la soluci\u00f3n; donde adem\u00e1s se limita a especular dentro de la jaula preestablecida, al final lo que se produce es un cansancio de la pol\u00edtica institucional; y un agotamiento de los partidos de izquierda que, se supone, han de dar una salida a estas demandas. Ante tal situaci\u00f3n, la extrema derecha tiene un campo pol\u00edtico ampl\u00edsimo. Tampoco es la primera vez que esto ocurre en Europa. No s\u00f3lo sucedi\u00f3 con el ascenso del nazismo, tambi\u00e9n antes en Austria, en Italia, Hungr\u00eda o Ruman\u00eda. En una coyuntura en la que empeoraban las condiciones de vida de la poblaci\u00f3n, se emprendi\u00f3 la v\u00eda de azuzar el patriotismo y de culpar a otros pa\u00edses y colectivos. Hoy en lugar de armonizar a los pa\u00edses europeos, el euro est\u00e1 provocando una conflictividad creciente entre estos.<\/p>\n<p style=\"margin-bottom: 0.64cm; line-height: 150%;\" align=\"JUSTIFY\"><b>Esta semana la polic\u00eda griega ha reprimido con gases lacrim\u00f3genos una manifestaci\u00f3n de jubilados que pretend\u00eda avanzar hacia la oficina del primer ministro, en protesta por el recorte de las pensiones. \u00bfSimboliza esta movilizaci\u00f3n en qu\u00e9 finaliz\u00f3 el sue\u00f1o de Syriza?<\/b><\/p>\n<p style=\"margin-bottom: 0.64cm; line-height: 150%;\" align=\"JUSTIFY\">Syriza se ha convertido en un agente de la Comisi\u00f3n Europea, que impone las medidas que su pueblo no quer\u00eda. Esto acaba en im\u00e1genes tan gr\u00e1ficas como las de esos pensionistas que defienden sus derechos. Observemos que en Grecia, Italia, Espa\u00f1a y Portugal son las fuerzas de la izquierda las que lideran la resistencia social, a diferencia de lo que ocurre en el centro y oriente de Europa, donde lo hace la extrema derecha. Esta izquierda coherente y los movimientos sociales ya se sit\u00faan frente a la izquierda fraudulenta. Es la que moviliza a los pensionistas, y a la que vot\u00f3 el pueblo de Grecia. En caso de que Syriza no lo recoja, surgir\u00e1 otra fuerza pol\u00edtica que lo haga, en este caso Unidad Popular junto a otras formaciones pol\u00edticas que est\u00e1n emergiendo. Todo ello demuestra que no se puede matar el movimiento a partir de sobornar, arrastrar o meter en el redil a los l\u00edderes. Hay un problema social que est\u00e1 por debajo\u2026<\/p>\n<p style=\"margin-bottom: 0.64cm; line-height: 150%;\" align=\"JUSTIFY\">\u201c<b>Para demasiados intelectuales de izquierda es una groser\u00eda cuestionar la actual Uni\u00f3n Europea\u201d, afirmaste hace unos meses\u2026<\/b><\/p>\n<p style=\"margin-bottom: 0.64cm; line-height: 150%;\" align=\"JUSTIFY\">El problema actual entre los intelectuales de izquierda, de derecha y en general, es un excesivo sometimiento a la idea de Europa como noci\u00f3n de \u201cprogreso\u201d. Esto se ha convertido en una idea falsa. Pudo ser cierta en los a\u00f1os 80, porque ven\u00edamos de una dictadura y nos acerc\u00e1bamos a un modelo de Europa que era muy distinto del actual. Pero hoy, la UE es el instrumento para la destrucci\u00f3n del estado del bienestar y, por tanto, hemos de romper con ese \u201ceurobobismo\u201d que asocia ser europeo con mostrarse de acuerdo con la Uni\u00f3n Europea. \u00bfNombres de intelectuales? No me gusta citar a personas, pero creo que las posiciones ir\u00e1n cambiando. Por ejemplo, en las jornadas \u201cSalir del Euro\u201d celebradas en octubre de 2015 en Barcelona, el economista Arcadi Oliveres explic\u00f3 su evoluci\u00f3n.<\/p>\n<p style=\"margin-bottom: 0.64cm; line-height: 150%;\" align=\"JUSTIFY\"><b>Por \u00faltimo, el historiador y miembro de la Plataforma por la Salida del Euro, Joan Tafalla, ha afirmado en repetidas ocasiones que no existen los atajos; y que la impaciencia es \u201cel opio del pueblo de izquierdas\u201d. \u00bfEst\u00e1s de acuerdo?<\/b><\/p>\n<p style=\"margin-bottom: 0.64cm; line-height: 150%;\" align=\"JUSTIFY\">No s\u00e9 en qu\u00e9 contexto se plante\u00f3 la cuesti\u00f3n. En efecto, las cosas avanzan cuando se debaten, penetran en el pensamiento de la gente y no se resuelven con afirmaciones esquem\u00e1ticas o superficiales. Pero en determinados momentos s\u00ed hay que dar determinados pasos hacia delante, porque los tiempos sociales e hist\u00f3ricos se aceleran. Pensar en estos momentos que el sistema monetario es reformable y que se trata de buscar una mayor\u00eda distinta en el Parlamento, implica situarnos en un camino sin salida. Primero, porque las contradicciones van a estallar mucho antes de que se produzcan esas mayor\u00edas suficientes en una Europa con cada vez m\u00e1s diferencias entre sus territorios. Adem\u00e1s, si se produce la ruptura se plantear\u00e1 un euro de dos tiempos o velocidades, para que el sistema bancario se asegure de que la deuda contin\u00fae siendo v\u00e1lida y la seguimos pagando. Romper con el euro implica, por tanto, contar con un instrumento para cuestionar la deuda ileg\u00edtima.<\/p>\n<p style=\"margin-bottom: 0.64cm; line-height: 150%;\" align=\"JUSTIFY\"><i><b>Fuente:<\/b><\/i><b> <\/b><a href=\"http:\/\/www.rebelion.org\/noticia.php?id=217606\">Rebeli\u00f3n<\/a><\/p>\n<p style=\"margin-bottom: 0.64cm; line-height: 150%;\" align=\"JUSTIFY\">\n","protected":false},"excerpt":{"rendered":"<p class='MsoNormal' style='margin-bottom: 18.0pt; text-align: justify; line-height: 150%; vertical-align: baseline;'>En el estado espa\u00f1ol hay un &#8216;gran miedo&#8217; a polemizar sobre la moneda \u00fanica. De ese modo se supone, impl\u00edcitamente, que el sistema monetario es reformable.<\/p>\n","protected":false},"author":9,"featured_media":3297,"comment_status":"open","ping_status":"open","sticky":false,"template":"","format":"standard","meta":{"footnotes":""},"categories":[13],"tags":[1016],"class_list":["post-3296","post","type-post","status-publish","format-standard","has-post-thumbnail","hentry","category-la-izquierda-a-debate","tag-ramon-franquesa"],"aioseo_notices":[],"_links":{"self":[{"href":"https:\/\/espai-marx.net\/index.php?rest_route=\/wp\/v2\/posts\/3296","targetHints":{"allow":["GET"]}}],"collection":[{"href":"https:\/\/espai-marx.net\/index.php?rest_route=\/wp\/v2\/posts"}],"about":[{"href":"https:\/\/espai-marx.net\/index.php?rest_route=\/wp\/v2\/types\/post"}],"author":[{"embeddable":true,"href":"https:\/\/espai-marx.net\/index.php?rest_route=\/wp\/v2\/users\/9"}],"replies":[{"embeddable":true,"href":"https:\/\/espai-marx.net\/index.php?rest_route=%2Fwp%2Fv2%2Fcomments&post=3296"}],"version-history":[{"count":0,"href":"https:\/\/espai-marx.net\/index.php?rest_route=\/wp\/v2\/posts\/3296\/revisions"}],"wp:featuredmedia":[{"embeddable":true,"href":"https:\/\/espai-marx.net\/index.php?rest_route=\/wp\/v2\/media\/3297"}],"wp:attachment":[{"href":"https:\/\/espai-marx.net\/index.php?rest_route=%2Fwp%2Fv2%2Fmedia&parent=3296"}],"wp:term":[{"taxonomy":"category","embeddable":true,"href":"https:\/\/espai-marx.net\/index.php?rest_route=%2Fwp%2Fv2%2Fcategories&post=3296"},{"taxonomy":"post_tag","embeddable":true,"href":"https:\/\/espai-marx.net\/index.php?rest_route=%2Fwp%2Fv2%2Ftags&post=3296"}],"curies":[{"name":"wp","href":"https:\/\/api.w.org\/{rel}","templated":true}]}}