{"id":3360,"date":"2017-03-14T00:00:00","date_gmt":"2017-03-14T00:00:00","guid":{"rendered":"https:\/\/espai-marx.net\/?p=3360"},"modified":"2019-01-21T18:59:28","modified_gmt":"2019-01-21T18:59:28","slug":"una-esquerra-dins-dels-limits-de-la-natura","status":"publish","type":"post","link":"https:\/\/espai-marx.net\/?p=3360","title":{"rendered":"Una Esquerra dins dels l\u00edmits de la natura"},"content":{"rendered":"\n<p><a name='_GoBack'><\/a> Ja &eacute;s aqu&iacute; la primavera. Comen&ccedil;a el per&iacute;ode de l&#8217;any on sentim la cara m&eacute;s amable de la natura, la llum s&#8217;intensifica acompanyada d&#8217;un augment de la temperatura que ens transmet un benestar de sobte recuperat que l&rsquo;hav&iacute;em oblidat durant l&#8217;hivern. El retorn dels ocells, els brots de plantes i fullatges, el colorit de les flors&#8230; Tot plegat, l&#8217;immens espectacle de la natura que fins i tot en situacions dif&iacute;cils ens alegra la vida. Es mantindr&agrave; aquesta bonan&ccedil;a fins que ens cansem d&#8217;ella, fins que la mateixa natura decideixi que ja n&#8217;hi ha prou i que cal de nou un descans, encara que sigui perqu&egrave; tornem, passats uns mesos, a apreciar i estimar de nou aquest espectacle vital.<\/p>\n<p> Durant l&#8217;hivern, els dies de bonan&ccedil;a tamb&eacute; agra&iuml;m sortir a l&#8217;exterior a sentir el sol i a gaudir una estona de les pinzellades de colors que ens regala la llum, recordant-nos que a poc a poc tornarem a gaudir de la primavera.<\/p>\n<p> Aix&iacute; &eacute;s el cicle de la vida, i aix&iacute; s&oacute;n els seus tempos. Res a veure amb la preocupaci&oacute; di&agrave;ria pel futur immediat, a mitj&agrave; o llarg termini de la vida quotidiana &quot;moderna&quot;, absurdament preocupats d&#8217;horaris, rellotges i necessitats materials que ens mant&eacute; distanciats i tristament indiferents a la natura. &Eacute;s el que hi ha. &Eacute;s la nostra civilitzaci&oacute; la que ens ha portat tant benestar material i tecnol&ograve;gic amb el seu creixement que amb tanta intel&middot;lig&egrave;ncia l&#8217;&eacute;sser hum&agrave; a estat capa&ccedil; de transformar els recursos naturals, &ldquo;dominant&rdquo; la natura. En aquest proc&eacute;s, per&ograve;, no ha pogut evitar deformar i trencar la seva relaci&oacute; amb aquesta.<\/p>\n<p> I aqu&iacute; estem, a les nostres ciutats i habitatges moderns i tecnol&ograve;gics, decorant-los amb plantetes, fustes i colors que recorden la natura perqu&egrave; aix&iacute; &quot;&eacute;s m&eacute;s acollidor&quot;. Alguns privilegiats tenen una segona resid&egrave;ncia, a la natura, &eacute;s clar, per fugir del dia a dia, altres es conformen en poder sortir a passar el dia lluny de les ciutats, altres es conformen amb menys, un passeig pel parc m&eacute;s proper. I molts, i molts nens d&#8217;avui en dia, han der conformar-se en quedar-se en aquestes ciutats tan modernes i tecnol&ograve;giques. La majoria atrapats en una societat i civilitzaci&oacute; que d&oacute;na l&#8217;esquena als plaers de la natura.<\/p>\n<p> Tots experimentem un benestar profund i necessari quan ens allunyem de la modernitat i ens apropem a la natura. Per&ograve;&#8230;&quot;la vida&quot; &eacute;s aix&iacute;. no podem tenir-ho tot.<\/p>\n<p> Aquest creixement, aquest progr&eacute;s, aquesta cursa no ens porta enlloc.<\/p>\n<p> Per&ograve;, i si aquest creixement, el qual dep&egrave;n dels recursos naturals, s&#8217;acabat? i si els recursos naturals f&ograve;ssils s&rsquo;acaben? ja no tindr&iacute;em l&#8217;excusa aquella de &quot;&eacute;s el que hi ha&quot;. Si aix&ograve; fos aix&iacute;, qu&egrave; passaria amb tota la nostra &quot;modernitat&quot;? com la mantindr&iacute;em?<\/p>\n<p> Ara deixem-nos d&#8217;eufemismes i de condicionals. Els recursos naturals f&ograve;ssils s&#8217;acaben i la nostra &quot;modernitat&quot; no &eacute;s altre cosa que el capitalisme desenvolupant-se trepitjant els l&iacute;mits de la natura.<\/p>\n<p> Sabem que la lluita contra el capitalisme necessita d&#8217;una alternativa revolucionaria &ndash;les pol&iacute;tiques &ldquo;d&rsquo;esquerres&rdquo; no gestionaran millor el capitalisme.  Cal un altre model socioecon&ograve;mic, i en aix&ograve; no tota l&#8217;esquerra est&agrave; d&#8217;acord per&ograve; una part important sempre ha mantingut la flama encesa de la cr&iacute;tica radical cap a un sistema, el capitalista, que es basa en l&#8217;acumulaci&oacute; perp&egrave;tua del capital el qual no permet ni regulaci&oacute; ni repartiment de la riquesa.<\/p>\n<p> Necessitem que aquestes esquerres honestes i compromeses amb els oprimits assumeixin seriosament la realitat d&#8217;una civilitzaci&oacute; industrial que s&#8217;acaba perqu&egrave; l&#8217;acumulaci&oacute; perp&egrave;tua de capital est&agrave; directament relacionada amb el creixement del consum de recursos naturals. I aquests s&#8217;acaben.<\/p>\n<p> No es tracta de pensar en el futur desviant l&rsquo;atenci&oacute; del present de lluita, sin&oacute; que cal reflexionar si la precaritzaci&oacute; laboral i material dels oprimits m&eacute;s enll&agrave; de la injust&iacute;cia capitalista, que tamb&eacute;, tenen el seu origen en la fi dels recursos naturals que determinen el fre del creixement econ&ograve;mic.<\/p>\n<p> No es tracta que el pensament marxista davant les dificultats actuals de fer cr&eacute;ixer un moviment real dels oprimits alternatiu amb cultura pr&ograve;pia, es busqui &quot;noves sortides&quot;, sin&oacute; del que es tracta &eacute;s d&#8217;ampliar l&#8217;an&agrave;lisi de la situaci&oacute; concreta per interpretar millor la realitat. &Eacute;s cert que la tradici&oacute; del pensament marxista d&#8217;alliberament capitalista assumia com indispensable el desenvolupament de les forces productives per poder superar el capitalisme i construir el socialisme, per&ograve; tamb&eacute; es cert que analitzava el capitalisme com un monstre que per cr&eacute;ixer ho ha de fer a costa de destruir la natura. I sobretot es cert que durant el per&iacute;ode de formaci&oacute; dels moviments d&#8217;alliberament amb influ&egrave;ncia marxista, tot i ser una realitat que la industrialitzaci&oacute; s&#8217;assumia com una q&uuml;esti&oacute; &quot;natural&quot;, tamb&eacute; es cert que aquesta, en el seu volum, encara no amena&ccedil;ava els l&iacute;mits de la natura d&#8217;una manera tan evident com a partir de mitjans del segle XX.<\/p>\n<p> De fet, la revoluci&oacute; socialista de 1917 va ser possible on precisament el 80% de l&#8217;economia era rural i on els camperols van ser la classe social determinant. Multitud d&#8217;experi&egrave;ncies hist&ograve;riques anticapitalistes van desenvolupar-se en comunitats amb economies precapitalistes.<\/p>\n<p> Per&ograve; la lluita &eacute;s present, no futur. Construir esquerra no &eacute;s un pla de futur, &eacute;s el dia a dia. Sense un nou subjecte pol&iacute;tic sorgit de les entranyes de l&rsquo;avui, de les actuals condicions d&#8217;injust&iacute;cia i explotaci&oacute; de les classes populars, de res servir&agrave; que unes noves elits d&#8217;esquerres adornin el seu discurs amb el col&middot;lapse civilitzatori. Hem de donar per fet que el paper de l&#8217;esquerra &eacute;s ser part integrant de tota una nova cultura de comunitat que ha de sorgir de la vida social dels barris i de les relacions i unions dels treballadors precaris i aturats. Per&ograve; precisament per aix&ograve;, hem d&#8217;adonar-nos que aquest present i realitat en el qual creixen aquests subjectes, &eacute;s l&rsquo;escenari d&rsquo;ara, on ja es respira les conseq&uuml;&egrave;ncies del col&middot;lapse, on aquest subjectes creixen construint f&oacute;rmules d&#8217;autoajuda i autogesti&oacute; locals, en les quals les microeconomies, la recuperaci&oacute; d&#8217;horts urbans, i les alternatives cooperativistes i col&middot;lectivistes de subsist&egrave;ncia i proximitat s&oacute;n l&#8217;escenari incipient del decreixement. Cal que aprenem a interpretar-lo.<\/p>\n<p> El pensament i l&#8217;acci&oacute; marxista, no &eacute;s cap dogma, ens cal, com sempre, per analitzar la realitat concreta.<\/p>\n<p> Necessitem una esquerra que no menteixi donant falses esperances de gestionar millor el capitalisme, i tampoc donant falses esperances de revolucions profundes que no incorporin el decreixement i la reflexi&oacute; d&#8217;una propera inevitable civilitzaci&oacute; postindustrial. El paper de l&rsquo;esquerra en el desenlla&ccedil; del canvi civilitzatori ser&agrave; determinant. La vida de la humanitat, les condicions de vida dels oprimits poden quedar en mans dels de sempre, per&ograve; en un m&oacute;n neo-feudal.<\/p>\n","protected":false},"excerpt":{"rendered":"<p class='MsoNormal' style='margin-bottom: 12.0pt; text-align: justify; line-height: 150%;'>Davant els reptes que signifiquen el m\u00e9s que provable col\u00b7lapse d\u2019un model civilitzatori industrial ens cal una esquerra compromesa que vagi molt m\u00e9s enll\u00e0 de la mera gesti\u00f3 del capitalisme existent i incorpori el decreixement i la reflexi\u00f3 envers noves formes de vida en un futur post-industrial.<\/p>\n","protected":false},"author":4,"featured_media":3361,"comment_status":"open","ping_status":"open","sticky":false,"template":"","format":"standard","meta":{"footnotes":""},"categories":[13],"tags":[],"class_list":["post-3360","post","type-post","status-publish","format-standard","has-post-thumbnail","hentry","category-la-izquierda-a-debate"],"aioseo_notices":[],"_links":{"self":[{"href":"https:\/\/espai-marx.net\/index.php?rest_route=\/wp\/v2\/posts\/3360","targetHints":{"allow":["GET"]}}],"collection":[{"href":"https:\/\/espai-marx.net\/index.php?rest_route=\/wp\/v2\/posts"}],"about":[{"href":"https:\/\/espai-marx.net\/index.php?rest_route=\/wp\/v2\/types\/post"}],"author":[{"embeddable":true,"href":"https:\/\/espai-marx.net\/index.php?rest_route=\/wp\/v2\/users\/4"}],"replies":[{"embeddable":true,"href":"https:\/\/espai-marx.net\/index.php?rest_route=%2Fwp%2Fv2%2Fcomments&post=3360"}],"version-history":[{"count":0,"href":"https:\/\/espai-marx.net\/index.php?rest_route=\/wp\/v2\/posts\/3360\/revisions"}],"wp:featuredmedia":[{"embeddable":true,"href":"https:\/\/espai-marx.net\/index.php?rest_route=\/wp\/v2\/media\/3361"}],"wp:attachment":[{"href":"https:\/\/espai-marx.net\/index.php?rest_route=%2Fwp%2Fv2%2Fmedia&parent=3360"}],"wp:term":[{"taxonomy":"category","embeddable":true,"href":"https:\/\/espai-marx.net\/index.php?rest_route=%2Fwp%2Fv2%2Fcategories&post=3360"},{"taxonomy":"post_tag","embeddable":true,"href":"https:\/\/espai-marx.net\/index.php?rest_route=%2Fwp%2Fv2%2Ftags&post=3360"}],"curies":[{"name":"wp","href":"https:\/\/api.w.org\/{rel}","templated":true}]}}