{"id":3389,"date":"2017-05-25T00:00:00","date_gmt":"2017-05-25T00:00:00","guid":{"rendered":"https:\/\/espai-marx.net\/?p=3389"},"modified":"2020-02-15T09:13:34","modified_gmt":"2020-02-15T08:13:34","slug":"que-haguera-dit-martin-niemoller","status":"publish","type":"post","link":"https:\/\/espai-marx.net\/?p=3389","title":{"rendered":"Qu\u00e8 haguera dit Martin Niem\u00f6ller?"},"content":{"rendered":"<p>Ha passat ja una setmana des que va tenir lloc la Fira Literal, Fira d&#8217;Idees i Llibres Radical, i de la tempesta de la pol\u00e8mica en relaci\u00f3 a la visita de la hist\u00f2rica militant palestina Leila Khaled a Barcelona. Fins al dia d&#8217;avui, les editores i editors impulsors de la Fira hav\u00edem volgut defugir d&#8217;aquesta pol\u00e8mica, per\u00f2 creiem que cal fer arribar una s\u00e8rie de reflexions sobre la forta pressi\u00f3 que hem rebut per fer-nos desistir de convidar-la. Finalment la fira va ser un \u00e8xit, amb m\u00e9s de 15.000 visitants. L\u2019estada de la Leila va ser tranquil\u00b7la i va poder sentir el suport de moltes persones, col\u00b7lectius i institucions.<\/p>\n<p>Malgrat aix\u00f2, les editorials i l\u2019equip de persones que impulsem la Fira Literal ens hem vist atacades en diferents nivells per voler desenvolupar la nostra tasca professional, la difusi\u00f3 d&#8217;idees i llibres de pensament cr\u00edtic. Per tots els flancs hem rebut atacs: associacions extremistes, opin\u00f2legs, periodistes amb poc o gens de sentit deontol\u00f2gic de la professi\u00f3, partits pol\u00edtics amb representaci\u00f3 al consistori, i un trist etc\u00e8tera. Per desgr\u00e0cia, tamb\u00e9 hem estat acompanyats de significatius silencis, per part d&#8217;altres professionals i representants institucionals. Esperem que mai hagin de recordar el fam\u00f3s serm\u00f3 de Martin Niem\u00f6ller \u00abQu\u00e8 haguera dit Jesucrist?\u00bb, err\u00f2niament atribu\u00eft a Bertolt Brecht, on sentencia \u201cAra venen per mi. I no hi ha ning\u00fa que aixequi la veu\u201d.<\/p>\n<p>I amb aix\u00f2 encetem la clau de la pol\u00e8mica. Per qu\u00e8 convidar a Leila Khaled a Barcelona? En primer lloc, per desfer un greuge amb la hist\u00f2ria d&#8217;aquesta ciutat. El 2008 les mateixes forces reaccion\u00e0ries que ens han atacat van aconseguir el seu objectiu de prohibir l&#8217;entrada a Barcelona de Khaled. En segon lloc, l\u2019hem convidat pel nostre comprom\u00eds amb la pau arreu i m\u00e9s concretament, la pau a Palestina. Com a societat, ens permetrem tornar a cometre l&#8217;error d&#8217;anomenar terrorista a una de les agents de la pau com han sigut Mandela, McGuiness, Davis o Otegi als seus respectius pa\u00efsos? I per \u00faltim, per l&#8217;aportaci\u00f3 com a testimoni literari \u00e0rab, com ja van ser Darwish o Kanafani. Ens podem permetre el luxe de tancar els ulls a l&#8217;aportaci\u00f3 liter\u00e0ria de Palestina com a poble ve\u00ed del Mediterrani? Nosaltres davant d&#8217;aquests dubtes tenim una resposta: Barcelona necessita m\u00e9s que mai a Leila Khaled, de fet, necessitem que neixin <i>Leilas<\/i> a cada instant.<\/p>\n<p>Molta gent diversa ha defensat el que en una societat democr\u00e0tica hagu\u00e9s estat el lliure desenvolupament de les nostres funcions socials com activistes culturals. Podem dir que, despr\u00e9s de l&#8217;\u00e8xit d&#8217;assist\u00e8ncia, el ve\u00efnat de Barcelona i el conjunt de persones d&#8217;arreu que van venir a la fira van trencar el setge que hem patit.<\/p>\n<p>Hi ha hagut veus que deien que s&#8217;havien de retirar els recursos p\u00fablics a la fira. Cal aclarir, per\u00f2, que la fira nom\u00e9s finan\u00e7a una part petita de l&#8217;esdeveniment amb recursos p\u00fablics. Com hem apr\u00e8s de la gesti\u00f3 comunit\u00e0ria, el que \u00e9s p\u00fablic \u00e9s el que \u00e9s de tothom, no all\u00f2 que gestiona l&#8217;administraci\u00f3. De fet, amb aquests recursos i d&#8217;altres vinguts de l&#8217;autogesti\u00f3 (micromecenatge, inscripcions, esp\u00f2nsors cooperatius, venda de material, &#8230;) es vol retornar al ve\u00efnat de Barcelona una part dels recursos que ells destinen en forma d&#8217;impostos en una activitat cultural d&#8217;alta qualitat, de lliure acc\u00e9s i de forma gratu\u00efta. La participaci\u00f3 d&#8217;enguany ha estat de m\u00e9s de 15.000 persones i de m\u00e9s de 70 projectes editorials d&#8217;aqu\u00ed i de tota Europa. S\u00f3n dades que fan palesa la necessitat que tenia la ciutat d&#8217;un esdeveniment d&#8217;aquestes caracter\u00edstiques.<\/p>\n<p>Estem compromeses a difondre totes les veus que ens facin m\u00e9s lliures i que lluitin contra la desigualtat. Amants de les llibertats, no ens deixem cohibir i defensem els drets i les llibertats amb fermesa, sempre en ofensiva fins que no hi hagi ni posse\u00efdors ni desposse\u00efts.<\/p>\n<p><a name=\"_GoBack\"><\/a> <i>*Autoria compartida per Jordi Panyella (Pol\u00b7len), Aida I. De Prada (Pol\u00b7len), Mar Carrera (Pol\u00b7len), Sim\u00f3n V\u00e1zquez (Tigre de Paper), Marc Garc\u00e9s (Tigre de Paper), Arnau Carn\u00e9 (Tigre de Paper), Jos\u00e9 Luis Ponce (Bellaterra), Joan Carbonell (Icaria editorial), Desire\u00e9 Herrera (Icaria editorial), Anna Monjo (Icaria editorial), Sergi Espinosa (Ateneu l&#8217;Harmonia)<\/i><\/p>\n<p><b>Font:<\/b> <a href=\"http:\/\/www.eldiario.es\/catalunyaplural\/opinions\/haguera-dit-Martin-Niemoller_6_647145283.html\"><i>http:\/\/www.eldiario.es\/catalunyaplural\/opinions\/haguera-dit-Martin-Niemoller_6_647145283.html<\/i><\/a><\/p>\n<p>&nbsp;<\/p>\n","protected":false},"excerpt":{"rendered":"<p class='MsoNormal' style='margin-bottom: 18.0pt; text-align: justify; line-height: 150%; background: white;'>Ha passat ja una setmana des que va tenir lloc la Fira Literal, Fira d&#8217;Idees i Llibres Radical, i de la tempesta de la pol\u00e8mica en relaci\u00f3 a la visita de la hist\u00f2rica militant palestina Leila Khaled a Barcelona. Fins al dia d&#8217;avui, les editores i editors impulsors de la Fira hav\u00edem volgut defugir d&#8217;aquesta pol\u00e8mica, per\u00f2 creiem que cal fer arribar una s\u00e8rie de reflexions sobre la forta pressi\u00f3 que hem rebut per fer-nos desistir de convidar-la. <\/p>\n","protected":false},"author":9,"featured_media":3390,"comment_status":"open","ping_status":"open","sticky":false,"template":"","format":"standard","meta":{"footnotes":""},"categories":[13,45],"tags":[],"class_list":["post-3389","post","type-post","status-publish","format-standard","has-post-thumbnail","hentry","category-la-izquierda-a-debate","category-proletariado-demos-multidud"],"aioseo_notices":[],"_links":{"self":[{"href":"https:\/\/espai-marx.net\/index.php?rest_route=\/wp\/v2\/posts\/3389","targetHints":{"allow":["GET"]}}],"collection":[{"href":"https:\/\/espai-marx.net\/index.php?rest_route=\/wp\/v2\/posts"}],"about":[{"href":"https:\/\/espai-marx.net\/index.php?rest_route=\/wp\/v2\/types\/post"}],"author":[{"embeddable":true,"href":"https:\/\/espai-marx.net\/index.php?rest_route=\/wp\/v2\/users\/9"}],"replies":[{"embeddable":true,"href":"https:\/\/espai-marx.net\/index.php?rest_route=%2Fwp%2Fv2%2Fcomments&post=3389"}],"version-history":[{"count":0,"href":"https:\/\/espai-marx.net\/index.php?rest_route=\/wp\/v2\/posts\/3389\/revisions"}],"wp:featuredmedia":[{"embeddable":true,"href":"https:\/\/espai-marx.net\/index.php?rest_route=\/wp\/v2\/media\/3390"}],"wp:attachment":[{"href":"https:\/\/espai-marx.net\/index.php?rest_route=%2Fwp%2Fv2%2Fmedia&parent=3389"}],"wp:term":[{"taxonomy":"category","embeddable":true,"href":"https:\/\/espai-marx.net\/index.php?rest_route=%2Fwp%2Fv2%2Fcategories&post=3389"},{"taxonomy":"post_tag","embeddable":true,"href":"https:\/\/espai-marx.net\/index.php?rest_route=%2Fwp%2Fv2%2Ftags&post=3389"}],"curies":[{"name":"wp","href":"https:\/\/api.w.org\/{rel}","templated":true}]}}