{"id":3391,"date":"2017-05-29T00:00:00","date_gmt":"2017-05-29T00:00:00","guid":{"rendered":"https:\/\/espai-marx.net\/?p=3391"},"modified":"2020-02-15T09:12:23","modified_gmt":"2020-02-15T08:12:23","slug":"maduros-para-el-descarte","status":"publish","type":"post","link":"https:\/\/espai-marx.net\/?p=3391","title":{"rendered":"Maduros para el descarte"},"content":{"rendered":"<p><a name=\"_GoBack\"><\/a> El Papa Francisco suele hablar de la cultura del descarte, que predomina en el capitalismo global en que vivimos, \u201cuna cultura de la exclusi\u00f3n a todo aquel que no est\u00e9 en capacidad de producir seg\u00fan los t\u00e9rminos que el liberalismo econ\u00f3mico exagerado ha instaurado\u201d y que \u201cafecta tanto a los seres humanos excluidos como a las cosas que r\u00e1pidamente se convierten en basura\u201d. \u201cYa no se trata simplemente del fen\u00f3meno de la explotaci\u00f3n y de la opresi\u00f3n, sino de algo nuevo: con la exclusi\u00f3n queda afectada en su misma ra\u00edz la pertenencia a la sociedad en la que se vive, pues ya no se est\u00e1 en ella abajo, en la periferia, o sin poder, sino que se est\u00e1 fuera. Los excluidos no son explotados sino desechos, sobrante\u201d.<\/p>\n<p>Un sistema en el que solo cuenta lo que vale y solo vale lo que el mercado designa, es en principio un sistema bastante irracional, en el que la voluntad y la determinaci\u00f3n colectivas quedan subordinadas a una forma espec\u00edfica de construcci\u00f3n social de poder como es el mercado.<\/p>\n<p>Lo que no resulta tan evidente es qu\u00e9 y qui\u00e9n manda en ese \u201cmercado\u201d casi omnipotente. Y constatamos que la cosa va por barrios. En Espa\u00f1a, por ejemplo, el mercado considera casi autom\u00e1ticamente objetos descartables a todos los trabajadores con m\u00e1s de 45 a\u00f1os que pierden su empleo, algo que no resulta tan evidente en otros mercados como el estadounidense o el canadiense, donde el mercado valora en alto grado la experiencia y el conocimiento acumulado en los trabajadores con una larga vida laboral.<\/p>\n<p>Lo que hay que preguntarse entonces es por qu\u00e9 el mercado espa\u00f1ol y el mercado vasco no valoran el saber y el conocimiento de quienes acuden al mercado de trabajo con una oferta que aporta el a\u00f1adido de una larga experiencia laboral acumulada. Porque, ahora mismo, hay 1,6 millones de personas con m\u00e1s de 45 a\u00f1os en Espa\u00f1a -y en Euskadi cerca de 50.000- que buscan un empleo, la gran mayor\u00eda de los cuales siente que la mayor dificultad para encontrar un empleo no estriba en sus conocimientos o sus cualidades f\u00edsicas e intelectuales, sino en su edad.<\/p>\n<p>Contrario a lo que suele afirmarse en los discursos al uso, una parte sustancial de estos trabajadores tienen una alta capacidad laboral tanto en formaci\u00f3n como en experiencia. M\u00e1s de la cuarta parte de los titulados superiores en paro tiene m\u00e1s de 45 a\u00f1os y los titulados superiores representan el 17% de los parados de m\u00e1s de 45 a\u00f1os, frente a un 22% en el conjunto de la poblaci\u00f3n parada. Trabajadores de alta capacidad que al mercado al parecer no le interesan, provocando un despilfarro de conocimientos y talento que significa como m\u00ednimo dejar de generar 40.000 millones de euros de valor a\u00f1adido en Espa\u00f1a o 1.200 millones en Euskadi.<\/p>\n<p><b>Un discurso ideol\u00f3gico<\/b><\/p>\n<p>El argumento de la inadecuada formaci\u00f3n de los trabajadores en paro como causa de su situaci\u00f3n es un discurso fundamentalmente ideol\u00f3gico al que se aferran los poderes reales, el mercantil y el administrativo, para encubrir su propia responsabilidad en el asunto y para desactivar, mediante la culpabilizaci\u00f3n, a las v\u00edctimas del desempleo. El problema es que las empresas realmente existentes en nuestro entorno, tanto por sus estructuras de gesti\u00f3n y organizaci\u00f3n como por las actividades a las que se dedican -en Euskadi, junto a 10.500 empresas industriales con empleados hay 12.500 empresas de comercio minorista; los 5.000 bares con empleados son tantos como las empresas que se dedican a la educaci\u00f3n y la sanidad; por las 170 empresas de I+D hay otros tantos campings\u2026-, solo son capaces de absorber un porcentaje muy limitado de personal de alta cualificaci\u00f3n. As\u00ed, apenas dos millones entre los 15,5 millones de empleados en el sector privado en el Estado tienen profesiones intelectuales, cient\u00edficas y t\u00e9cnicas. Por el contrario, de los tres millones de ocupados en el sector p\u00fablico, un 45% trabajan en empleos de alta cualificaci\u00f3n cient\u00edfica y t\u00e9cnica.<\/p>\n<p>En un entorno de empresas en el que predominan las que generan un escaso valor a\u00f1adido y una escasa intensidad tecnol\u00f3gica, va a tener un papel determinante en la demanda de trabajadores las diferencias salariales entre j\u00f3venes y mayores, valorando m\u00e1s los menores costes de aquellos que la mayor contribuci\u00f3n potencial de estos.<\/p>\n<p>Que la sociedad haya normalizado una situaci\u00f3n en la que convive una enorme necesidad de servicios y conocimientos para mejorar la calidad de vida de las personas con unos trabajadores infrautilizados y que a su vez se ven sometidos a un estr\u00e9s social muy fuerte y un declive sostenido de la calidad de vida, solo se explica por el dominio de unas representaciones sociales en las que se permite dudar de casi todo, salvo el poder del mercado como determinante \u00faltimo en la asignaci\u00f3n de los recursos.<\/p>\n<p><b>Mucho m\u00e1s que pol\u00edticas activas<\/b><\/p>\n<p>\u00bfQu\u00e9 pol\u00edtica se requiere entonces para lograr valorizar los conocimientos de los parados con amplia experiencia laboral? Sin duda, darles un empleo productivo para que su capacidad se traduzca en valor para la sociedad. Si el mercado es incapaz de resolver el problema, el sector p\u00fablico tiene una responsabilidad que por muy subsidiaria que se quiera plantear, exige una actuaci\u00f3n mucho m\u00e1s directa y profunda de la que aplica con las mal llamadas pol\u00edticas activas de empleo, poco m\u00e1s que pol\u00edticas de formaci\u00f3n permanente de escaso impacto laboral salvo para los encargados de impartir dicha formaci\u00f3n.<\/p>\n<p>Para absorber de forma productiva a los trabajadores mayores en paro, a corto plazo ser\u00eda conveniente reservar un porcentaje de los nuevos empleos p\u00fablicos a los trabajadores de m\u00e1s de 45 a\u00f1os. A medio plazo, un programa de fomento de la actividad y de empleo p\u00fablico orientado a satisfacer las necesidades sociales m\u00e1s urgentes, que van desde los cuidados personales hasta el desarrollo de nuevas actividades de producci\u00f3n de bienes y servicios intensivos en conocimiento, activar\u00eda sin duda la demanda de trabajo cualificado, pudiendo incluso llegar a agotar su oferta si se mostrase sostenido en el tiempo, requiriendo un nuevo impulso a la inversi\u00f3n en formaci\u00f3n, ahora s\u00ed, basado en necesidades objetivas.<\/p>\n<p>Las dificultades que pudiera comportar llevar adelante un programa de este tipo son m\u00e1s te\u00f3ricas que reales, porque hasta ahora ning\u00fan gobierno de la Eurozona se ha atrevido a cuestionar el principio, establecido por no se sabe muy bien qui\u00e9n, de que el sector p\u00fablico debe ser un actor pasivo en el mercado de trabajo, limitado a la actividad normativa y formativa, y que ya habr\u00eda alcanzado un l\u00edmite simb\u00f3lico, fijado por no se sabe muy bien qu\u00e9 criterio de optimizaci\u00f3n, en cuanto a su capacidad de crear empleo p\u00fablico.<\/p>\n<p>Lo cierto es que los poderes p\u00fablicos no crean nuevo empleo p\u00fablico no porque no puedan, sino porque no saben c\u00f3mo hacerlo. Una carencia cultural cuya consecuencia es el drama vital de una enorme multitud que conforma el ej\u00e9rcito de los parados descartados.<\/p>\n<p><i><b>Fuente:<\/b><\/i> <a href=\"http:\/\/www.deia.com\/2017\/05\/27\/opinion\/tribuna-abierta\/maduros-para-el-descarte\">http:\/\/www.deia.com\/2017\/05\/27\/opinion\/tribuna-abierta\/maduros-para-el-descarte<\/a><\/p>\n<p>&nbsp;<\/p>\n","protected":false},"excerpt":{"rendered":"<p style='margin-top: 0cm; margin-right: 0cm; margin-bottom: 18.0pt; margin-left: 0cm; text-align: justify; line-height: 150%; background: white;'>Vivimos en una cultura del descarte, de la exclusi\u00f3n a todo aquel que no est\u00e9 en capacidad de producir seg\u00fan los t\u00e9rminos que el liberalismo econ\u00f3mico exagerado ha instaurado y que afecta tanto a los seres humanos como a las cosas que r\u00e1pidamente se convierten en basura. Los excluidos no son explotados sino desechos, sobrante. En un sistema en el que solo cuenta lo que vale y solo vale lo que el mercado designa, en el que la voluntad y la determinaci\u00f3n colectivas quedan subordinadas a una forma espec\u00edfica de construcci\u00f3n social de poder como es el mercado.<\/p>\n","protected":false},"author":9,"featured_media":3392,"comment_status":"open","ping_status":"open","sticky":false,"template":"","format":"standard","meta":{"footnotes":""},"categories":[3,45],"tags":[],"class_list":["post-3391","post","type-post","status-publish","format-standard","has-post-thumbnail","hentry","category-condiciones-de-vida","category-proletariado-demos-multidud"],"aioseo_notices":[],"_links":{"self":[{"href":"https:\/\/espai-marx.net\/index.php?rest_route=\/wp\/v2\/posts\/3391","targetHints":{"allow":["GET"]}}],"collection":[{"href":"https:\/\/espai-marx.net\/index.php?rest_route=\/wp\/v2\/posts"}],"about":[{"href":"https:\/\/espai-marx.net\/index.php?rest_route=\/wp\/v2\/types\/post"}],"author":[{"embeddable":true,"href":"https:\/\/espai-marx.net\/index.php?rest_route=\/wp\/v2\/users\/9"}],"replies":[{"embeddable":true,"href":"https:\/\/espai-marx.net\/index.php?rest_route=%2Fwp%2Fv2%2Fcomments&post=3391"}],"version-history":[{"count":0,"href":"https:\/\/espai-marx.net\/index.php?rest_route=\/wp\/v2\/posts\/3391\/revisions"}],"wp:featuredmedia":[{"embeddable":true,"href":"https:\/\/espai-marx.net\/index.php?rest_route=\/wp\/v2\/media\/3392"}],"wp:attachment":[{"href":"https:\/\/espai-marx.net\/index.php?rest_route=%2Fwp%2Fv2%2Fmedia&parent=3391"}],"wp:term":[{"taxonomy":"category","embeddable":true,"href":"https:\/\/espai-marx.net\/index.php?rest_route=%2Fwp%2Fv2%2Fcategories&post=3391"},{"taxonomy":"post_tag","embeddable":true,"href":"https:\/\/espai-marx.net\/index.php?rest_route=%2Fwp%2Fv2%2Ftags&post=3391"}],"curies":[{"name":"wp","href":"https:\/\/api.w.org\/{rel}","templated":true}]}}