{"id":3402,"date":"2017-06-07T00:00:00","date_gmt":"2017-06-07T00:00:00","guid":{"rendered":"https:\/\/espai-marx.net\/?p=3402"},"modified":"2020-02-15T09:07:50","modified_gmt":"2020-02-15T08:07:50","slug":"con-la-revolucion-bolivariana-por-siempre","status":"publish","type":"post","link":"https:\/\/espai-marx.net\/?p=3402","title":{"rendered":"\u00a1Con la revoluci\u00f3n bolivariana por siempre!"},"content":{"rendered":"<p><em>Respuesta al comunicado de intelectuales contra el proceso bolivariano de Venezuela<\/em><\/p>\n<p>Bajo la impl\u00edcita formula del \u201cyo acuso\u201d y unas horas antes de la reuni\u00f3n de la OEA en la que se discutir\u00eda nuevamente la intervenci\u00f3n en Venezuela, m\u00e1s de una centena de intelectuales y acad\u00e9micos latinoamericanos, europeos y norteamericanos, firmaron recientemente una solicitada titulada \u201cLlamado internacional urgente a detener la escalada de violencia en Venezuela\u201d. Dicha solicitada constituye toda una declaraci\u00f3n de principios de su posici\u00f3n respecto a la coyuntura bolivariana, elaborando diagn\u00f3sticos, atribuyendo responsabilidades, y prescribiendo una salida a la crisis que tiene lugar en el pa\u00eds caribe\u00f1o.<\/p>\n<p>No ofenderemos la inteligencia ni la moral de los suscribientes (algunos verdaderas \u201cvacas sagradas\u201d del mundo acad\u00e9mico cr\u00edtico) poniendo en tela de juicio su compromiso pol\u00edtico o sus competencias interpretativas. Asumiremos cada afirmaci\u00f3n de la solicitada como lo que es, como una tesis err\u00f3nea sobre el acontecer del proceso bolivariano de Venezuela. Y como tal, la someteremos a an\u00e1lisis, dando cuenta de que tambi\u00e9n los acusadores pueden y deben ser acusados. Tambi\u00e9n los intelectuales, adem\u00e1s de pontificar desde las encumbradas alturas de las academias, deber\u00e1n dar cuenta de sus aciertos y sus errores en este dram\u00e1tico impasse continental, que bien podr\u00e1 significar la clausura conservadora de un ciclo pol\u00edtico ascendente, o bien el remanso previo a una eventual segunda oleada progresista y de izquierda en la regi\u00f3n. Una derrota de las clases populares latinoamericanas no dejar\u00e1 de salpicar a los intelectuales en su prescindencia org\u00e1nica, en su incapacidad pedag\u00f3gica, o en sus desinteligencias a la hora de calibrar juicios certeros.<\/p>\n<p>El concepto de \u201cguerra de cuarta generaci\u00f3n\u201d o de \u201cguerra de baja intensidad\u201d, es mucho m\u00e1s que una hip\u00e9rbole para se\u00f1alar la intensidad de una coyuntura espec\u00edfica. Es, m\u00e1s bien, la descripci\u00f3n de toda una estrategia insurreccional del imperialismo norteamericano para roer la joya m\u00e1s dura de la corona: la porf\u00eda de una revoluci\u00f3n venezolana que, como ha hecho la cubana, viene a ofender nuevamente las aspiraciones virreinales de Estados Unidos respecto de su patio trasero. M\u00e1s a\u00fan si consideramos la vital importancia econ\u00f3mica y geopol\u00edtica de Venezuela para la reciente administraci\u00f3n republicana de Donald Trump. Demostrada est\u00e1 la capacidad venezolana de religar a las experiencias progresistas y de izquierda y de tensionarlas hacia los l\u00edmites de lo posible con una audaz pol\u00edtica de integraci\u00f3n latinoamericana, as\u00ed como su control soberano sobre importantes recursos estrat\u00e9gicos tan caros a los proyectos de desarrollo de los pa\u00edses centrales como el petr\u00f3leo o la biodiversidad. S\u00f3lo Venezuela, partera de este nuevo ciclo hist\u00f3rico, puede, con su ca\u00edda, sellar su clausura irremediable. As\u00ed lo ha entendido Estados Unidos, m\u00e1s no as\u00ed, pareciera, algunos de nuestros m\u00e1s prestigiados acad\u00e9micos.<\/p>\n<p>Venezuela parece encontrarse en el preciso y doloroso tr\u00e1nsito entre dos de las etapas analizadas por Antonio Gramsci en sus an\u00e1lisis de situaci\u00f3n y correlaciones de fuerza (es decir, en el an\u00e1lisis del grado de organizaci\u00f3n, autoconciencia y homogeneidad alcanzados por grupos sociales antag\u00f3nicos). Hace tiempo que Venezuela se desplaz\u00f3 eficazmente de un momento meramente econ\u00f3mico-corporativo hacia un momento pol\u00edtico, con la formaci\u00f3n de una identidad popular com\u00fan al conjunto de las clases populares (el chavismo) y con su confrontaci\u00f3n global con las clases dominantes. El fallido golpe de estado de 2002, el desbaratado paro petrolero, y la asunci\u00f3n de un socialismo para el siglo XXI se\u00f1alan este derrotero. Ahora bien, este momento pol\u00edtico sostenido hasta el 2013, y su consiguiente empate hegem\u00f3nico entre bloques sociales, comenz\u00f3 a desmoronarse con la muerte de Hugo Ch\u00e1vez Fr\u00edas y se consum\u00f3 con el cierre del cerco internacional tras la derrota electoral del kirchnerismo en Argentina y con el golpe institucional a Dilma Rousseff en Brasil. El tercer momento analizado por Antonio Gramsci, el inevitable momento pol\u00edtico-militar al que nos estamos precipitando, fue, parad\u00f3jicamente, alcanzado no s\u00f3lo por la radicalizaci\u00f3n end\u00f3gena del chavismo, como por la reacci\u00f3n envalentonada de una derecha local y trasnacional dispuesta al m\u00e1s descarnado de los revanchismos.<\/p>\n<p>Ahora bien, analizar este momento pol\u00edtico-militar en ciernes, implica considerar que las guarimbas de la oposici\u00f3n, el asesinato de referentes chavistas en el campo y en la ciudad, la infiltraci\u00f3n incesante de paramilitares colombianos, la formaci\u00f3n de milicias bolivarianas, el fortalecimiento de la uni\u00f3n c\u00edvico-militar y el patrullaje militar de las costas venezolanas por las potencias emergentes, son mucho m\u00e1s que testimonio de la desbordada pasi\u00f3n caribe\u00f1a. Son, en cambio, s\u00edntomas de toda una etapa que amerita categor\u00edas de an\u00e1lisis espec\u00edficas, para entender la radicalizaci\u00f3n militarista del imperialismo norteamericano en su largo pero irrefrenable declive global. En nuestra opini\u00f3n, ignorar la dimensi\u00f3n de este proceso lleva a an\u00e1lisis superficiales que intuyen derivas autoritarias, presuntos autogolpes, o militarizaciones ociosas de la clase pol\u00edtica de los gobiernos latinoamericanos. Siempre bajo la \u00f3ptica de intelectuales propensos a describir \u201cd\u00e9ficit\u201d de democracia por estas latitudes, siempre con la vara de concepciones euroc\u00e9ntricas y pretendidamente universales sobre lo que ha de ser lo democr\u00e1tico.<\/p>\n<p>Por supuesto que hay un proceso de militarizaci\u00f3n y una escalada de violencia, pero lejos de ser el resultado de factores internos, esta militarizaci\u00f3n es permanentemente inducida por la agresi\u00f3n imperialista en todos sus niveles (diplom\u00e1tico, pol\u00edtico, econ\u00f3mico, militar, medi\u00e1tico, financiero). \u00bfO debemos enumerar acaso los golpes de estado en Honduras, Paraguay y Brasil que anteceden la presente arremetida? De nada valen las groseras teor\u00edas de los dos demonios para analizar las causas de la violencia venezolana: \u00bfo qu\u00e9 significa entonces el \u201corigen complejo y compartido de la violencia\u201d se\u00f1alado por la solicitada? \u00bfO la identificaci\u00f3n, aparentemente sim\u00e9trica, de \u201cextremistas\u201d de derecha y totalitarios de izquierda, que redunda al finalizar el texto en el se\u00f1alamiento de un \u00fanico e inaudito responsable de la violencia: \u00a1el estado y el gobierno bolivariano! \u00a1Justo quienes insisten en una estrategia de paz!\u00bfQu\u00e9 deber\u00edan haber hecho, seg\u00fan estos intelectuales, Fidel Castro y los revolucionarios cubanos ante la invasi\u00f3n de Playa Gir\u00f3n? \u00bfSentarse a parlamentar con diplom\u00e1ticos inexistentes mientras las bombas atronaban en Bah\u00eda de Cochinos? \u00bfEnfrentar con papeletas electorales los fusiles de los mercenarios? \u00bfPeticionar cautamente ante la OEA?<\/p>\n<p>El m\u00e1s elemental de los an\u00e1lisis cr\u00edticos ha de ser capaz de separar la paja del trigo, de distinguir la violencia fundante y la mera violencia reactiva de las clases y los gobiernos populares, y de entender, como Antonio Gramsci, que no hay resoluci\u00f3n pac\u00edfica o democr\u00e1tica (en el sentido estrictamente liberal del t\u00e9rmino) a la lucha de clases. Tarde o temprano las clases dominantes, en su impotencia electoral, acudir\u00e1n a golpes blandos comandados por las corporaciones judiciales o medi\u00e1ticas, y cuando tambi\u00e9n estos se muestren in\u00fatiles, har\u00e1n sonar nuevamente la hora de la espada.<\/p>\n<p>Por eso, la pretendida mirada \u201cm\u00e1s all\u00e1 de la polarizaci\u00f3n\u201d, ese vano intento de otear una realidad l\u00edmpida tras las nieblas de una lucha pol\u00edtica sin cuartel, se demuestra imposible. Se trata, nuevamente con Gramsci, de \u201ctomar partido\u201d, lo que no significa apoyar enceguecidamente a un proceso pol\u00edtico o a su conducci\u00f3n eventual, sino de elegir el campo desde el que se enuncian las cr\u00edticas y desde el que se cumplen las tareas espec\u00edficas de la praxis intelectual. El intelectual \u201corg\u00e1nico\u201d no es un modelo de intelectual de izquierda, sino el \u00fanico en sentido estricto: es decir, aquel que reflexiona en conjunto, codo a codo, sin la mediaci\u00f3n de pedestales odiosos, con los sujetos populares organizados. No deja de resultar sugestivo que una solicitada firmada por acad\u00e9micos de tan alto nivel prescinda de las m\u00e1s elementales categor\u00edas de an\u00e1lisis del arsenal pol\u00edtico cr\u00edtico, dando por tierra con el intento de fundar una caracterizaci\u00f3n certera sobre el proceso bolivariano. Ni clases sociales, ni dependencia estructural, ni tampoco el imperialismo, aparecen siquiera mencionados en la solicitada, mientras \u00e9stas son herramientas que cualquier comunero o comunera venezolana hace tiempo que ha incorporado a su vocabulario pol\u00edtico, en lo que constituye otra faceta de un proceso de democratizaci\u00f3n (y de socializaci\u00f3n del poder) bien radical.<\/p>\n<p>Creemos encontrar en la solicitada, en cambio, una fetichizaci\u00f3n notable de la democracia en sus formatos liberales. Porque, \u00bfdesde qu\u00e9 otra concepci\u00f3n de la democracia es posible juzgar como antidemocr\u00e1tico a un proceso que combate a una Asamblea Legislativa en desacato por juramentar a diputados elegidos de manera fraudulenta, y que ha intentado, sin tener atribuciones constitucionales para ello, destituir cuatro veces al Presidente Maduro, lo que sin duda constituyen intentos de golpe de Estado, pero que, sin embargo, la sostiene plenamente en funciones?\u00bfDesde d\u00f3nde se intuye una deriva antidemocr\u00e1tica en un proceso que a\u00fan moviliza activamente a cientos de miles de personas y que sostiene y ampl\u00eda elementos democr\u00e1ticos cualitativos como las Comunas y los Consejos Comunales? \u00bfD\u00f3nde est\u00e1n los elementos autoritarios de un gobierno que responde a la agresi\u00f3n institucional y a la violencia callejera con la m\u00e1s protag\u00f3nica de las respuestas, es decir, con una convocatoria re-constituyente que relance hacia adelante la radicalidad de un proceso largamente estancado por el asedio externo y los errores internos?<\/p>\n<p>Volver a historizar a la democracia, escindir el ideal de sus imperfectas realizaciones institucionales, desfetichizar sus elementos formales y comprender sus nuevas modalidades emergentes, resulta imprescindible para no caer presa de una valoraci\u00f3n liberal-republicana y en suma, colonial, sobre qu\u00e9 es lo democr\u00e1tico. Es m\u00e1s, creemos que ni siquiera desde una visi\u00f3n liberal consecuente es posible criticar al proceso bolivariano que, como ning\u00fan otro proyecto, supo tomar, profundizar y radicalizar la democracia liberal formal con mecanismos consultivos, plebiscitarios y revocatorios absolutamente in\u00e9ditos. No hay democracia a secas, democracia pura, democracia al margen de la historia y de las determinaciones clasistas, nacionales, \u00e9tnicas y sexo-gen\u00e9ricas de la lucha pol\u00edtica. Hay, o habr\u00e1 democracia de los trabajadores, los campesinos, los pobres, los ind\u00edgenas, los afrodescendientes, los estudiantes, los migrantes, los jubilados, las mujeres. Y \u00e9sta solo se conquistar\u00e1 cuando los intereses de las clases populares se impongan: si ser\u00e1 por las buenas o por las malas, por m\u00e9todos consuetudinarios o violentos, por v\u00eda electoral o a trav\u00e9s de una dolorosa guerra civil, lo decidir\u00e1n como siempre, los que tienen todo que perder, pero tambi\u00e9n todo que ganar en Venezuela y en el conjunto de Nuestra Am\u00e9rica.<\/p>\n<p>Basado en el texto hom\u00f3nimo de Lautaro Rivara (Soci\u00f3logo y poeta argentino ), publicado en La Tecl@ E\u00f1e<\/p>\n<p>Enviar adhesiones a: <a href=\"mailto:endefensadelpuebloenlucha@gmail.com\">endefensadelpuebloenlucha@gmail.com<\/a> \/ <a href=\"mailto:oficinaredh@gmail.com\">oficinaredh@gmail.com<\/a><\/p>\n<p><strong>ADHESIONES<\/strong><\/p>\n<p><strong> ALEMANIA:<\/strong><\/p>\n<ul>\n<li>Rainer Schlittgen, Profesor Em\u00e9rito. Universidad de Hamburgo<\/li>\n<\/ul>\n<p>&nbsp;<\/p>\n<ul>\n<li>Michael Ramminger, Institut f\u00fcr Theologie und Politik, M\u00fcnster<\/li>\n<\/ul>\n<p>&nbsp;<\/p>\n<ul>\n<li>Andrej Palacko. Reportero fotogr\u00e1fico \u2013 Periodista Independiente<\/li>\n<\/ul>\n<p>&nbsp;<\/p>\n<ul>\n<li>Ricarda Schlittgen, Berlin<\/li>\n<\/ul>\n<p><strong>ARGENTINA:<\/strong><\/p>\n<ul>\n<li>Adolfo P\u00e9rez Esquivel. Premio Nobel de la Paz<\/li>\n<\/ul>\n<p>&nbsp;<\/p>\n<ul>\n<li>Stella Calloni, periodista<\/li>\n<\/ul>\n<p>&nbsp;<\/p>\n<ul>\n<li>Atilio Bor\u00f3n, polit\u00f3logo y soci\u00f3logo. Premio Libertador al Pensamiento Cr\u00edtico 2012<\/li>\n<\/ul>\n<p>&nbsp;<\/p>\n<ul>\n<li>Alicia Castro, ex embajadora argentina en la Rep\u00fablica Bolivariana de Venezuela y ante el Reino Unido<\/li>\n<\/ul>\n<p>&nbsp;<\/p>\n<ul>\n<li>Lautaro Rivara, poeta y soci\u00f3logo<\/li>\n<\/ul>\n<p>&nbsp;<\/p>\n<ul>\n<li>Ver\u00f3nica\u200b Grondona Olmi, economista argentina, asesora del grupo GUE \/NGL, la izquierda en el Parlamento Europeo<\/li>\n<\/ul>\n<p>&nbsp;<\/p>\n<ul>\n<li>Telma Luzzani, periodista y escritora<\/li>\n<\/ul>\n<p>&nbsp;<\/p>\n<ul>\n<li>Claudio Katz, profesor de la Universidad de Buenos Aires e investigador del CONICET<\/li>\n<\/ul>\n<p>&nbsp;<\/p>\n<ul>\n<li>Julio Gambina, Fundaci\u00f3n de investigaciones sociales y pol\u00edticas, Presidente de la Sociedad Latinoamericana de Econom\u00eda Pol\u00edtica y Pensamiento Cr\u00edtico (SEPLA).<\/li>\n<\/ul>\n<p>&nbsp;<\/p>\n<ul>\n<li>N\u00e9stor Kohan, Escritor. Docente de Universidad de Buenos Aires<\/li>\n<\/ul>\n<p>&nbsp;<\/p>\n<ul>\n<li>Jorge Beinstein, Profesor Em\u00e9rito de la Universidad Nacional de La Plata, Argentina<\/li>\n<\/ul>\n<p>&nbsp;<\/p>\n<ul>\n<li>Paula Klachko. Lic. en Sociolog\u00eda UBA. Dra. en Historia UNLP. Prof. UNDAV-UNPAZ<\/li>\n<\/ul>\n<p>&nbsp;<\/p>\n<ul>\n<li>Manuel Bertoldi \u2013 Patria Grande Argentina<\/li>\n<\/ul>\n<p>&nbsp;<\/p>\n<ul>\n<li>Carlos Azn\u00e1rez, periodista, editor de Resumen Latinoamericano<\/li>\n<\/ul>\n<p>&nbsp;<\/p>\n<ul>\n<li>Santiago Liaudat, docente investigador. Universidad Nacional de la Plata.<\/li>\n<\/ul>\n<p>&nbsp;<\/p>\n<ul>\n<li>Gabriel Impaglione, poeta, dirige la revista literaria Isla Negra. Argentina-Italia.<\/li>\n<\/ul>\n<p>&nbsp;<\/p>\n<ul>\n<li>Fernando Vicente Prieto, periodista.<\/li>\n<\/ul>\n<p>&nbsp;<\/p>\n<ul>\n<li>Aldo Casas, antrop\u00f3logo, revistaHerramienta.<\/li>\n<\/ul>\n<p>&nbsp;<\/p>\n<ul>\n<li>Guillermo Cieza, escritor, militante popular.<\/li>\n<\/ul>\n<p>&nbsp;<\/p>\n<ul>\n<li>Nora Ciapponi, FPDS-Corriente Nacional<\/li>\n<\/ul>\n<p>&nbsp;<\/p>\n<ul>\n<li>Sebasti\u00e1n Salgado, Periodista<\/li>\n<\/ul>\n<p>&nbsp;<\/p>\n<ul>\n<li>Fernando Stratta, docente e investigador UNLA<\/li>\n<\/ul>\n<p>&nbsp;<\/p>\n<ul>\n<li>Silvina M. Romano, Investigadora del IEALC, UBA<\/li>\n<\/ul>\n<p>&nbsp;<\/p>\n<ul>\n<li>Miguel Mazzeo, escritor, profesor UBA y UNLa<\/li>\n<\/ul>\n<p>&nbsp;<\/p>\n<ul>\n<li>Fernando Bossi, periodista, director Portal Alba<\/li>\n<\/ul>\n<p>&nbsp;<\/p>\n<ul>\n<li>Horacio Cerutti, fil\u00f3sofo<\/li>\n<\/ul>\n<p>&nbsp;<\/p>\n<ul>\n<li>Mart\u00edn Ogando, docente e investigador de la Universidad de Buenos Aires<\/li>\n<\/ul>\n<p>&nbsp;<\/p>\n<ul>\n<li>Teodoro Pablo Lecman, Poeta, Profesor y Doctor en Psicolog\u00eda UNBA.<\/li>\n<\/ul>\n<p>&nbsp;<\/p>\n<ul>\n<li>Gabo Sequeira. Trovador. Argentina<\/li>\n<\/ul>\n<p>&nbsp;<\/p>\n<ul>\n<li>Jos\u00e9 Seoane. Profesor e investigador de la Facultad de Ciencias Sociales \u2013 UBA. Grupo de Estudios sobre Am\u00e9rica Latina y el Caribe \u2013 GEAL<\/li>\n<\/ul>\n<p>&nbsp;<\/p>\n<ul>\n<li>Roberto Elisalde. RIOSAL\/CTA-A<\/li>\n<\/ul>\n<p>&nbsp;<\/p>\n<ul>\n<li>Jorge Cardelli, Sec. de Cultura de La Cta Aut\u00f3noma<\/li>\n<\/ul>\n<p>&nbsp;<\/p>\n<ul>\n<li>Patricia Machado Usina Cultural Del Sur<\/li>\n<\/ul>\n<p>&nbsp;<\/p>\n<ul>\n<li>Sergio Nicanoff, Historiador Docente Uba<\/li>\n<\/ul>\n<p>&nbsp;<\/p>\n<ul>\n<li>Fernando Bargas. Emancipaci\u00f3n Sur \u2013 CABA<\/li>\n<\/ul>\n<p>&nbsp;<\/p>\n<ul>\n<li>Mariano F\u00e9liz, investigador, profesor universitario<\/li>\n<\/ul>\n<p>&nbsp;<\/p>\n<ul>\n<li>V\u00ecctor Ego Ducrot. Fac. de Periodismo y Comunicaci\u00f3n Social. Univ. Nacional de La Plata.<\/li>\n<\/ul>\n<p>&nbsp;<\/p>\n<ul>\n<li>Esteban Diotallevi, Periodista, editor<\/li>\n<\/ul>\n<p>&nbsp;<\/p>\n<ul>\n<li>Horacio L\u00f3pez, Ensayista, escritor<\/li>\n<\/ul>\n<p>&nbsp;<\/p>\n<ul>\n<li>Dante Ramaglia. Docente Universitario. Investigador.<\/li>\n<\/ul>\n<p>&nbsp;<\/p>\n<ul>\n<li>Clara A. Jalif, Prof. Consulta UNCUYO \/ CONICET Mendoza.<\/li>\n<\/ul>\n<p>&nbsp;<\/p>\n<ul>\n<li>Jorge Sanmartino, UBA-IEALC<\/li>\n<\/ul>\n<p>&nbsp;<\/p>\n<ul>\n<li>Paula Belloni, LESET, CECS<\/li>\n<\/ul>\n<p>&nbsp;<\/p>\n<ul>\n<li>Alicia Naveda, Doctorado en Ciencias Sociales Universidad Nacional de San Juan<\/li>\n<\/ul>\n<p>&nbsp;<\/p>\n<ul>\n<li>Eduardo Lucita, EDI<\/li>\n<\/ul>\n<p>&nbsp;<\/p>\n<ul>\n<li>Susana Murillo, Investigadora UBA.<\/li>\n<\/ul>\n<p>&nbsp;<\/p>\n<ul>\n<li>Fernando Stratta, docente e investigador UNLA.<\/li>\n<\/ul>\n<table cellspacing=\"2\" cellpadding=\"2\">\n<tbody>\n<tr>\n<td style=\"border: none; padding: 0cm;\" width=\"451\">\n<p>\u2013 Beatriz Rajland Prof Facultad de Derecho. UBA, Investigadora en el FISyP, Buenos Aires.<\/p>\n<p>\u2013 Daniel Campione, Prof de Teor\u00eda del Estado. UBA. Investigadora en el FISyP, Buenos Aires.<\/p>\n<p>\u2013 Eduardo Schmidt. Fundaci\u00f3n de Investigaciones Sociales y Pol\u00edticas (FISyP), Buenos Aires,<\/p>\n<p>\u2013 Federico Nacif<\/p>\n<p>\u2013 Hebe Livio<\/p>\n<p>\u2013 Sergio Zeta, Contrahegemon\u00edaweb<\/p>\n<p>\u2013 Fernando Cardozo \u2013 Relaciones Internacionales, Central de Trabajadores de la Argentina (CTA) Aut\u00f3noma.<\/p>\n<p>\u2013 Gonzalo Arm\u00faa, Secretar\u00eda Operativa ALBA Movimientos<\/p>\n<p>\u2013 ALBA Movimientos- Articulaci\u00f3n continental de Movimientos Sociales hacia el ALBA<\/p>\n<p>\u2013 ATTAC Argentina<\/p>\n<p>\u2013 Movimiento por la Unidad Latinoamericana y el Cambio Social \u2013 Buenos Aires<\/p>\n<p>\u2013 MULCS Buenos Aires<\/p>\n<p>\u2013 Movimiento Proyecto Popular<\/p>\n<p>\u2013 Escuela de formaci\u00f3n pol\u00edtica Jos\u00e9 Carlos Mari\u00e1tegui<\/td>\n<\/tr>\n<\/tbody>\n<\/table>\n<ul>\n<li style=\"list-style-type: none;\">\n<ul>\n<li><\/li>\n<\/ul>\n<\/li>\n<\/ul>\n<p>Jos\u00e9 Steinsleger. Periodista<\/p>\n<p>&nbsp;<\/p>\n<ul>\n<li><\/li>\n<\/ul>\n<p>&nbsp;<\/p>\n<p>COMUNA (Colectiva en Movimiento por una Universidad Nuestramericana) Frente Popular Dar\u00edo Santill\u00e1n \u2013 Corriente Nacional.<\/p>\n<p>&nbsp;<\/p>\n<ul>\n<li><\/li>\n<\/ul>\n<p>&nbsp;<\/p>\n<p>Centro de Estudios para el Cambio Social<\/p>\n<p><strong>AUSTRALIA:<\/strong><\/p>\n<ul>\n<li style=\"list-style-type: none;\">\n<ul>\n<li><\/li>\n<\/ul>\n<\/li>\n<\/ul>\n<p>Federico Fuentes, periodista.<\/p>\n<p>&nbsp;<\/p>\n<ul>\n<li><\/li>\n<\/ul>\n<p>&nbsp;<\/p>\n<p>Australian Solidarity with Latin America (Solidaridad Australiana con Am\u00e9rica Latina, ASLA), Brisbane<\/p>\n<p>&nbsp;<\/p>\n<ul>\n<li><\/li>\n<\/ul>\n<p>&nbsp;<\/p>\n<p>Australia Venezuela Solidarity Network (Red de Solidaridad Australia-Venezuela, AVSN)<\/p>\n<p>&nbsp;<\/p>\n<ul>\n<li><\/li>\n<\/ul>\n<p>&nbsp;<\/p>\n<p>Chile Solidarity Campaign (Campa\u00f1a de Solidaridad con Chile), Melbourne<\/p>\n<p>&nbsp;<\/p>\n<ul>\n<li><\/li>\n<\/ul>\n<p>&nbsp;<\/p>\n<p>Colombia Demand Justice Campaign (Campa\u00f1a Colombia Reclama Justicia)<\/p>\n<p>&nbsp;<\/p>\n<ul>\n<li><\/li>\n<\/ul>\n<p>&nbsp;<\/p>\n<p>Committee for Human Rights in Chile (Comit\u00e9 por los Derechos Humanos en Chile), Sydney<\/p>\n<p>&nbsp;<\/p>\n<ul>\n<li><\/li>\n<\/ul>\n<p>&nbsp;<\/p>\n<p>Committee for Human Rights in Guatemala (Comit\u00e9 por los Derechos Humanos en Guatemala), Sydney<\/p>\n<p>&nbsp;<\/p>\n<ul>\n<li><\/li>\n<\/ul>\n<p>&nbsp;<\/p>\n<p>Frente Farabundo Mart\u00ed de Liberaci\u00f3n Nacional (FMLN) Committee, Sydney<\/p>\n<p>&nbsp;<\/p>\n<ul>\n<li><\/li>\n<\/ul>\n<p>&nbsp;<\/p>\n<p>LatinAmerica Social Forum (Foro Social Latinoamericano), Sydney<\/p>\n<p>&nbsp;<\/p>\n<ul>\n<li><\/li>\n<\/ul>\n<p>&nbsp;<\/p>\n<p>Latin American Solidarity Network (Red de Solidaridad Latinoamericano, LASNET)<\/p>\n<p>&nbsp;<\/p>\n<ul>\n<li><\/li>\n<\/ul>\n<p>&nbsp;<\/p>\n<p>Grupo Mapuche Mawida, Sydney<\/p>\n<p>&nbsp;<\/p>\n<ul>\n<li><\/li>\n<\/ul>\n<p>&nbsp;<\/p>\n<p>Mapuche Aboriginal Solidarity for Indigenous Land (MASIL, Solidaridad Mapuche Aborigine por las Tierras Ind\u00edgenas), Melbourne<\/p>\n<p>&nbsp;<\/p>\n<ul>\n<li><\/li>\n<\/ul>\n<p>&nbsp;<\/p>\n<p>Mapuche Australia Solidarity (Solidaridad Mapuche Australia)<\/p>\n<p>&nbsp;<\/p>\n<ul>\n<li><\/li>\n<\/ul>\n<p>&nbsp;<\/p>\n<p>United for Colombia (Unidos por Colombia)<\/p>\n<p>&nbsp;<\/p>\n<ul>\n<li><\/li>\n<\/ul>\n<p>&nbsp;<\/p>\n<p>Australia Cuba Friendship Society (Sociedad de Amistad Australia-Cuba), Western Australia<\/p>\n<p>&nbsp;<\/p>\n<ul>\n<li><\/li>\n<\/ul>\n<p>&nbsp;<\/p>\n<p>Venezuela Solidarity Campaign (Campa\u00f1a Solidaridad con Venezuela, Melbourne)<\/p>\n<p>&nbsp;<\/p>\n<ul>\n<li><\/li>\n<\/ul>\n<p>&nbsp;<\/p>\n<p>Eulalia Reyes de Whitney, Profesora<\/p>\n<p>&nbsp;<\/p>\n<ul>\n<li><\/li>\n<\/ul>\n<p>&nbsp;<\/p>\n<p>Myriam Raquel Macha\u00edn \u2013 Sydney -Australia<\/p>\n<p><strong>B\u00c9LGICA:<\/strong><\/p>\n<ul>\n<li style=\"list-style-type: none;\">\n<ul>\n<li><\/li>\n<\/ul>\n<\/li>\n<\/ul>\n<p>Michel Collon. Escritor y periodista. Coordinador de Investig\u2019action<\/p>\n<p>&nbsp;<\/p>\n<ul>\n<li><\/li>\n<\/ul>\n<p>&nbsp;<\/p>\n<p>Alex Anfruns. Periodista, articulista de Investig\u2019Action<\/p>\n<p><strong>BOLIVIA:<\/strong><\/p>\n<ul>\n<li style=\"list-style-type: none;\">\n<ul>\n<li><\/li>\n<\/ul>\n<\/li>\n<\/ul>\n<p>Gisela L\u00f3pez, Ministra de Comunicaci\u00f3n<\/p>\n<p>&nbsp;<\/p>\n<ul>\n<li><\/li>\n<\/ul>\n<p>&nbsp;<\/p>\n<p>Juan Ram\u00f3n Quintana, ex Ministro de la Presidencia y actual Embajador de Bolivia en Cuba<\/p>\n<p>&nbsp;<\/p>\n<ul>\n<li><\/li>\n<\/ul>\n<p>&nbsp;<\/p>\n<p>Hugo M\u00f3ldiz. Abogado, periodista y experto en relaciones internacionales<\/p>\n<p>&nbsp;<\/p>\n<ul>\n<li><\/li>\n<\/ul>\n<p>&nbsp;<\/p>\n<p>Katu Arkonada. Escritor y polit\u00f3logo.<\/p>\n<p>&nbsp;<\/p>\n<ul>\n<li><\/li>\n<\/ul>\n<p>&nbsp;<\/p>\n<p>Jorge Mansilla Torres<\/p>\n<p>&nbsp;<\/p>\n<ul>\n<li><\/li>\n<\/ul>\n<p>&nbsp;<\/p>\n<p>Rebeca Peralta Mari\u00f1elarena, M\u00e9xico-Bolivia.<\/p>\n<p>&nbsp;<\/p>\n<ul>\n<li><\/li>\n<\/ul>\n<p>&nbsp;<\/p>\n<p>Luis L\u00f3pez \u2013 Artista Pintor<\/p>\n<p>&nbsp;<\/p>\n<ul>\n<li><\/li>\n<\/ul>\n<p>&nbsp;<\/p>\n<p>Sebasti\u00e1n L\u00f3pez, cr\u00edtico de cine<\/p>\n<p>&nbsp;<\/p>\n<ul>\n<li><\/li>\n<\/ul>\n<p>&nbsp;<\/p>\n<p>Rudy L\u00f3pez \u2013 analista pol\u00edtico<\/p>\n<p>&nbsp;<\/p>\n<ul>\n<li><\/li>\n<\/ul>\n<p>&nbsp;<\/p>\n<p>Cris Gonz\u00e1lez- diplom\u00e1tica y comunicadora<\/p>\n<p>&nbsp;<\/p>\n<ul>\n<li><\/li>\n<\/ul>\n<p>&nbsp;<\/p>\n<p>Hugo Moldiz \u2013 Coordinador del Cap\u00edtulo Boliviano de la Red En Defensa de la Humanidad.<\/p>\n<p>&nbsp;<\/p>\n<ul>\n<li><\/li>\n<\/ul>\n<p>&nbsp;<\/p>\n<p>Nahir Gonz\u00e1lez- diplom\u00e1tica y artista<\/p>\n<p>&nbsp;<\/p>\n<ul>\n<li><\/li>\n<\/ul>\n<p>&nbsp;<\/p>\n<p>Luisa L\u00f3pez Orellana- analista pol\u00edtica, soci\u00f3loga<\/p>\n<p>&nbsp;<\/p>\n<ul>\n<li><\/li>\n<\/ul>\n<p>&nbsp;<\/p>\n<p>Javier Larra\u00edn- Editor, Historiador<\/p>\n<p>&nbsp;<\/p>\n<ul>\n<li><\/li>\n<\/ul>\n<p>&nbsp;<\/p>\n<p>Alfredo Chuquimia- Diagramador, Arquitecto<\/p>\n<p>&nbsp;<\/p>\n<ul>\n<li><\/li>\n<\/ul>\n<p>&nbsp;<\/p>\n<p>Patricia Guilarte- diplom\u00e1tica, periodista<\/p>\n<p>&nbsp;<\/p>\n<ul>\n<li><\/li>\n<\/ul>\n<p>&nbsp;<\/p>\n<p>Jord\u00e1n Rodr\u00edguez- Editor, periodista<\/p>\n<p>&nbsp;<\/p>\n<ul>\n<li><\/li>\n<\/ul>\n<p>&nbsp;<\/p>\n<p>Tony Gonz\u00e1lez- artista<\/p>\n<p>&nbsp;<\/p>\n<ul>\n<li><\/li>\n<\/ul>\n<p>&nbsp;<\/p>\n<p>Gonzalo Gosalvez, Profesor de econom\u00eda pol\u00edtica, Bolivia<\/p>\n<p>&nbsp;<\/p>\n<ul>\n<li><\/li>\n<\/ul>\n<p>&nbsp;<\/p>\n<p>Roxana Marlen Vaca Uriona, Red de Econom\u00eda Pol\u00edtica Cr\u00edtica, Bolivia<\/p>\n<p><strong>BRASIL:<\/strong><\/p>\n<ul>\n<li style=\"list-style-type: none;\">\n<ul>\n<li><\/li>\n<\/ul>\n<\/li>\n<\/ul>\n<p>Frei Betto, Escritor<\/p>\n<p>&nbsp;<\/p>\n<ul>\n<li><\/li>\n<\/ul>\n<p>&nbsp;<\/p>\n<p>Emir Sader, Soci\u00f3logo y Polit\u00f3logo. Escritor.<\/p>\n<p>&nbsp;<\/p>\n<ul>\n<li><\/li>\n<\/ul>\n<p>&nbsp;<\/p>\n<p>Joao Pedro Stedile. MST<\/p>\n<p>&nbsp;<\/p>\n<ul>\n<li><\/li>\n<\/ul>\n<p>&nbsp;<\/p>\n<p>Theotonio dos Santos. Soci\u00f3logo, Polit\u00f3logo, Economista. Escritor.<\/p>\n<p>&nbsp;<\/p>\n<ul>\n<li><\/li>\n<\/ul>\n<p>&nbsp;<\/p>\n<p>Monica Bruckmann, soci\u00f3loga, cient\u00edfica pol\u00edtica y prof. Univ. Federal de R\u00edo de Janeiro<\/p>\n<p>&nbsp;<\/p>\n<ul>\n<li><\/li>\n<\/ul>\n<p>&nbsp;<\/p>\n<p>Luiz Bernardo Peric\u00e1s, Professor de Historia Contempor\u00e1nea da Universidade de S\u00e3o Paulo (USP), Ganhador do Pr\u00eamio Ezequiel Mart\u00ednez Estrada, Casa de las Am\u00e9ricas, Cuba, 2014.<\/p>\n<p>&nbsp;<\/p>\n<ul>\n<li><\/li>\n<\/ul>\n<p>&nbsp;<\/p>\n<p>Anita Leocadia Prestes, historiadora y profesora universitaria.<\/p>\n<p>&nbsp;<\/p>\n<ul>\n<li><\/li>\n<\/ul>\n<p>&nbsp;<\/p>\n<p>Fernando Morais, periodista y escritor.<\/p>\n<p>&nbsp;<\/p>\n<ul>\n<li><\/li>\n<\/ul>\n<p>&nbsp;<\/p>\n<p>Carlos Alberto Almeida, periodista<\/p>\n<p>&nbsp;<\/p>\n<ul>\n<li><\/li>\n<\/ul>\n<p>&nbsp;<\/p>\n<p>Marcelo D\u00edaz Carcanholo, Universidad Federal Fluminense, Presidente de la Sociedad de Econom\u00eda Pol\u00edtica de Brasil (SEP).<\/p>\n<p>&nbsp;<\/p>\n<ul>\n<li><\/li>\n<\/ul>\n<p>&nbsp;<\/p>\n<p>Marilia Guimaraes. Coordinadora REDH \u2013 Brasil<\/p>\n<p>&nbsp;<\/p>\n<ul>\n<li><\/li>\n<\/ul>\n<p>&nbsp;<\/p>\n<p>Jandira Feghalli. Diputada Federal<\/p>\n<p>&nbsp;<\/p>\n<ul>\n<li><\/li>\n<\/ul>\n<p>&nbsp;<\/p>\n<p>Lindeberg Far\u00edas. Senador<\/p>\n<p>&nbsp;<\/p>\n<ul>\n<li><\/li>\n<\/ul>\n<p>&nbsp;<\/p>\n<p>Mar\u00eda Claudia Bad\u00e1n Ribeiro. Investigadora. Dra en Hist. Social. (IHEAL\/Unicamp)\u200b\u200b<\/p>\n<p>&nbsp;<\/p>\n<ul>\n<li><\/li>\n<\/ul>\n<p>&nbsp;<\/p>\n<p>Gabriel E. Vitullo. Dr en Ccia Pol\u00edtica, prof. Universidad Federal do Rio Grande do Norte<\/p>\n<p>&nbsp;<\/p>\n<ul>\n<li><\/li>\n<\/ul>\n<p>&nbsp;<\/p>\n<p>Sirio L\u00f3pez. Velasco, Fil\u00f3sofo. Escritor.<\/p>\n<p>&nbsp;<\/p>\n<ul>\n<li><\/li>\n<\/ul>\n<p>&nbsp;<\/p>\n<p>Carlos Eduardo Martins\u2013 UFRJ<\/p>\n<p>&nbsp;<\/p>\n<ul>\n<li><\/li>\n<\/ul>\n<p>&nbsp;<\/p>\n<p>Roberto Ponciano \u2013 CUT e PT Brasil.<\/p>\n<p>&nbsp;<\/p>\n<ul>\n<li><\/li>\n<\/ul>\n<p>&nbsp;<\/p>\n<p>Paola Estrada, ALBA Movimientos Brasil<\/p>\n<p>&nbsp;<\/p>\n<ul>\n<li><\/li>\n<\/ul>\n<p>&nbsp;<\/p>\n<p>Humberto Far\u00edas, Nacional \/ MPA<\/p>\n<p>&nbsp;<\/p>\n<ul>\n<li><\/li>\n<\/ul>\n<p>&nbsp;<\/p>\n<p>Maria Luiza Franco Busse- Jornalista, Brasil<\/p>\n<p>&nbsp;<\/p>\n<ul>\n<li><\/li>\n<\/ul>\n<p>&nbsp;<\/p>\n<p>Andr\u00e9 Takahashi \u2013 Soci\u00f3logo e militante brasileiro<\/p>\n<p>&nbsp;<\/p>\n<ul>\n<li><\/li>\n<\/ul>\n<p>&nbsp;<\/p>\n<p>Vanessa Martina Silva, jornalista<\/p>\n<p>&nbsp;<\/p>\n<ul>\n<li><\/li>\n<\/ul>\n<p>&nbsp;<\/p>\n<p>Carlos Eug\u00eanio Paz, Escritor, m\u00fasico, ex-militante da A\u00e7\u00e3o Libertadora Nacional , ALN.<\/p>\n<p>&nbsp;<\/p>\n<ul>\n<li><\/li>\n<\/ul>\n<p>&nbsp;<\/p>\n<p>Niemeyer Almeida Filho, Universidad Federal de Uberlandia, Directivo de SEPLA, Brasil<\/p>\n<p>&nbsp;<\/p>\n<ul>\n<li><\/li>\n<\/ul>\n<p>&nbsp;<\/p>\n<p>Lincoln de Abreu Penna. Historiador e professor universit\u00e1rio<\/p>\n<p>&nbsp;<\/p>\n<ul>\n<li><\/li>\n<\/ul>\n<p>&nbsp;<\/p>\n<p>Fl\u00e1vio Miranda \u2013 Professor da UFRRJ. Brasil<\/p>\n<p>&nbsp;<\/p>\n<ul>\n<li><\/li>\n<\/ul>\n<p>&nbsp;<\/p>\n<p>Daniel Rodrigues, GEPMARX\/UFPE, Recife. Brasil<\/p>\n<p>&nbsp;<\/p>\n<ul>\n<li><\/li>\n<\/ul>\n<p>&nbsp;<\/p>\n<p>Joana A. Coutinho, UFMA\/MA, Brasil<\/p>\n<p>&nbsp;<\/p>\n<ul>\n<li><\/li>\n<\/ul>\n<p>&nbsp;<\/p>\n<p>Paulo Nakatani, Universidad Federal de Victoria, Brasil<\/p>\n<p>&nbsp;<\/p>\n<ul>\n<li><\/li>\n<\/ul>\n<p>&nbsp;<\/p>\n<p>Luiz Eduardo Sim\u00f5es de Souza, Universidade federal do Maranh\u00e3o, Brasil.<\/p>\n<p>&nbsp;<\/p>\n<ul>\n<li><\/li>\n<\/ul>\n<p>&nbsp;<\/p>\n<p>Henrique Amorim, economista, Brasil<\/p>\n<p>&nbsp;<\/p>\n<ul>\n<li><\/li>\n<\/ul>\n<p>&nbsp;<\/p>\n<p>Celi Taffarel, economista, Brasil<\/p>\n<p>&nbsp;<\/p>\n<ul>\n<li><\/li>\n<\/ul>\n<p>&nbsp;<\/p>\n<p>Luiz Jorge Pessoa de Mendon\u00e7a, economista, Brasil<\/p>\n<p>&nbsp;<\/p>\n<ul>\n<li><\/li>\n<\/ul>\n<p>&nbsp;<\/p>\n<p>Milton Pinheiro, Universidade do Estado da Bahia, Brasil<\/p>\n<p>&nbsp;<\/p>\n<ul>\n<li><\/li>\n<\/ul>\n<p>&nbsp;<\/p>\n<p>Sammer Siman, Universidad Federal de Esp\u00edritu Santo, Brasil<\/p>\n<p>&nbsp;<\/p>\n<ul>\n<li><\/li>\n<\/ul>\n<p>&nbsp;<\/p>\n<p>Jacques de Novion \u2013 Departamento de Estudos Latino-americanos, Universidade de Bras\u00edlia<\/p>\n<p>&nbsp;<\/p>\n<ul>\n<li><\/li>\n<\/ul>\n<p>&nbsp;<\/p>\n<p>Aurelio Fernandes. Professor de Hist\u00f3ria. Centro Ruy Mauro Marini \u2013 CRM<\/p>\n<p>&nbsp;<\/p>\n<ul>\n<li><\/li>\n<\/ul>\n<p>&nbsp;<\/p>\n<p>Flavio Aguiar, escritor y periodista<\/p>\n<p>&nbsp;<\/p>\n<ul>\n<li><\/li>\n<\/ul>\n<p>&nbsp;<\/p>\n<p>Elder Andrade de Paula<\/p>\n<p>&nbsp;<\/p>\n<ul>\n<li><\/li>\n<\/ul>\n<p>&nbsp;<\/p>\n<p>Alexis Benavides<\/p>\n<p>&nbsp;<\/p>\n<ul>\n<li><\/li>\n<\/ul>\n<p>&nbsp;<\/p>\n<p>Jos\u00e9 Reinaldo Carvalho<\/p>\n<p>&nbsp;<\/p>\n<ul>\n<li><\/li>\n<\/ul>\n<p>&nbsp;<\/p>\n<p>Elizabeth Carvalho<\/p>\n<p>&nbsp;<\/p>\n<ul>\n<li><\/li>\n<\/ul>\n<p>&nbsp;<\/p>\n<p>Ac\u00e1cia Cristina Reis de Andrade, brasileira, Cirurgi\u00e3-dentista<\/p>\n<p><strong>CANAD\u00c1:<\/strong><\/p>\n<ul>\n<li style=\"list-style-type: none;\">\n<ul>\n<li><\/li>\n<\/ul>\n<\/li>\n<\/ul>\n<p>Michael A. Lebowitz, Professor Emeritus of Economics, Simon Fraser University<\/p>\n<p>&nbsp;<\/p>\n<ul>\n<li><\/li>\n<\/ul>\n<p>&nbsp;<\/p>\n<p>Arnold August, autor y periodista, miembro de la Red en Defensa de la Humanidad (Canad\u00e1)<\/p>\n<p>&nbsp;<\/p>\n<ul>\n<li><\/li>\n<\/ul>\n<p>&nbsp;<\/p>\n<p>James Cockcroft Autor, escritor, poeta, Red en Defensa de la Humanidad<\/p>\n<p>&nbsp;<\/p>\n<ul>\n<li><\/li>\n<\/ul>\n<p>&nbsp;<\/p>\n<p>Katharine Beeman, poeta, Montreal, Quebec<\/p>\n<p>&nbsp;<\/p>\n<ul>\n<li><\/li>\n<\/ul>\n<p>&nbsp;<\/p>\n<p>Claude Morin, historiador, Universit\u00e9 de Montr\u00e9al, Canad\u00e1<\/p>\n<p>&nbsp;<\/p>\n<ul>\n<li><\/li>\n<\/ul>\n<p>&nbsp;<\/p>\n<p>Jos\u00e9 Castro Pozo, escritor, periodista<\/p>\n<p>&nbsp;<\/p>\n<ul>\n<li><\/li>\n<\/ul>\n<p>&nbsp;<\/p>\n<p>Ren\u00e9e Castro Pozo, Editora, profesora, feminista socialista<\/p>\n<p>&nbsp;<\/p>\n<ul>\n<li><\/li>\n<\/ul>\n<p>&nbsp;<\/p>\n<p>Richard Fidler<\/p>\n<p>&nbsp;<\/p>\n<ul>\n<li><\/li>\n<\/ul>\n<p>&nbsp;<\/p>\n<p>Jean-Pierre Daubois, Montr\u00e9al, sindicalista<\/p>\n<p>&nbsp;<\/p>\n<ul>\n<li><\/li>\n<\/ul>\n<p>&nbsp;<\/p>\n<p>Susan Stiut, Canad\u00e1<\/p>\n<p>&nbsp;<\/p>\n<ul>\n<li><\/li>\n<\/ul>\n<p>&nbsp;<\/p>\n<p>Migd\u00e1leder Mazuera. Te\u00f3loga.<\/p>\n<p>&nbsp;<\/p>\n<ul>\n<li><\/li>\n<\/ul>\n<p>&nbsp;<\/p>\n<p>William K. Carroll, Professor of Sociology, University of Victoria.<\/p>\n<p>&nbsp;<\/p>\n<ul>\n<li><\/li>\n<\/ul>\n<p>&nbsp;<\/p>\n<p>Ruth San Martin, Soci\u00f3loga, Toronto.<\/p>\n<table cellspacing=\"2\" cellpadding=\"2\">\n<tbody>\n<tr>\n<td style=\"border: none; padding: 0cm;\">&nbsp;<\/td>\n<\/tr>\n<\/tbody>\n<\/table>\n<p><strong>CHILE:<\/strong><\/p>\n<ul>\n<li style=\"list-style-type: none;\">\n<ul>\n<li><\/li>\n<\/ul>\n<\/li>\n<\/ul>\n<p>Marta Harnecker, Escritora. Premio Libertador al Pensamiento Cr\u00edtico, 2013.<\/p>\n<p>&nbsp;<\/p>\n<ul>\n<li><\/li>\n<\/ul>\n<p>&nbsp;<\/p>\n<p>Manuel Cabieses, Periodista, Editor<\/p>\n<p>&nbsp;<\/p>\n<ul>\n<li><\/li>\n<\/ul>\n<p>&nbsp;<\/p>\n<p>Orlando Caputo<\/p>\n<p>&nbsp;<\/p>\n<ul>\n<li><\/li>\n<\/ul>\n<p>&nbsp;<\/p>\n<p>Francisca Cabieses, periodista, editora<\/p>\n<p>&nbsp;<\/p>\n<ul>\n<li><\/li>\n<\/ul>\n<p>&nbsp;<\/p>\n<p>Lidia Baltra Montaner, Periodista<\/p>\n<p>&nbsp;<\/p>\n<ul>\n<li><\/li>\n<\/ul>\n<p>&nbsp;<\/p>\n<p>Francisco Villa, M\u00fasico, trovador<\/p>\n<p>&nbsp;<\/p>\n<ul>\n<li><\/li>\n<\/ul>\n<p>&nbsp;<\/p>\n<p>Oscar Saavedra, poeta<\/p>\n<p>&nbsp;<\/p>\n<ul>\n<li><\/li>\n<\/ul>\n<p>&nbsp;<\/p>\n<p>Ximena de la Barra, Arquitecto, Cientista Social Chileno\/Espa\u00f1ola.<\/p>\n<p>&nbsp;<\/p>\n<ul>\n<li><\/li>\n<\/ul>\n<p>&nbsp;<\/p>\n<p>Javier Larra\u00edn Parada. Profesor de historia y geograf\u00eda. Director revista \u201cCorreo del Alba\u201d<\/p>\n<p>&nbsp;<\/p>\n<ul>\n<li><\/li>\n<\/ul>\n<p>&nbsp;<\/p>\n<p>Esteban Silva. Soci\u00f3logo, Presidente Fundaci\u00f3n Constituyente XXI<\/p>\n<p>&nbsp;<\/p>\n<ul>\n<li><\/li>\n<\/ul>\n<p>&nbsp;<\/p>\n<p>Jaime Svart, poeta chileno residente en Atenas, Grecia. Magister en Literatura Hispanoamericana de la Universidad de Santiago de Chile<\/p>\n<p>&nbsp;<\/p>\n<ul>\n<li><\/li>\n<\/ul>\n<p>&nbsp;<\/p>\n<p>Rafael Agacino, Chile<\/p>\n<p>&nbsp;<\/p>\n<ul>\n<li><\/li>\n<\/ul>\n<p>&nbsp;<\/p>\n<p>Graciela Galarce<\/p>\n<p><strong> COLOMBIA:<\/strong><\/p>\n<ul>\n<li style=\"list-style-type: none;\">\n<ul>\n<li><\/li>\n<\/ul>\n<\/li>\n<\/ul>\n<p>Piedad C\u00f3rdoba, Luchadora Social<\/p>\n<p>&nbsp;<\/p>\n<ul>\n<li><\/li>\n<\/ul>\n<p>&nbsp;<\/p>\n<p>Fernando Rend\u00f3n, poeta, Premio Nobel Alternativo. Directos festival de Poes\u00eda de Medell\u00edn<\/p>\n<p>&nbsp;<\/p>\n<ul>\n<li><\/li>\n<\/ul>\n<p>&nbsp;<\/p>\n<p>Hernando Calvo Ospina. Periodista y Articulista<\/p>\n<p>&nbsp;<\/p>\n<ul>\n<li><\/li>\n<\/ul>\n<p>&nbsp;<\/p>\n<p>Diego Otero PRADA, Rector Uniciencia<\/p>\n<p>&nbsp;<\/p>\n<ul>\n<li><\/li>\n<\/ul>\n<p>&nbsp;<\/p>\n<p>Francisco Ram\u00edrez Cu\u00e9llar, Abogado defensor de Derechos Humanos y Laborales<\/p>\n<p>&nbsp;<\/p>\n<ul>\n<li><\/li>\n<\/ul>\n<p>&nbsp;<\/p>\n<p>Aida Julieta Qui\u00f1ones Torres, Facultad de Comunicaci\u00f3n, Pontificia Universidad Javeriana<\/p>\n<p>&nbsp;<\/p>\n<ul>\n<li><\/li>\n<\/ul>\n<p>&nbsp;<\/p>\n<p>Gustavo Pinz\u00f3n \u2013 Conacoms, N\u00facleo Colombia<\/p>\n<p>&nbsp;<\/p>\n<ul>\n<li><\/li>\n<\/ul>\n<p>&nbsp;<\/p>\n<p>Gabriel Jaime Franco, poeta<\/p>\n<p>&nbsp;<\/p>\n<ul>\n<li><\/li>\n<\/ul>\n<p>&nbsp;<\/p>\n<p>Gloria Chvatal, pintora<\/p>\n<p>&nbsp;<\/p>\n<ul>\n<li><\/li>\n<\/ul>\n<p>&nbsp;<\/p>\n<p>Jairo Guzm\u00e1n, poeta<\/p>\n<p>&nbsp;<\/p>\n<ul>\n<li><\/li>\n<\/ul>\n<p>&nbsp;<\/p>\n<p>Edgar Monta\u00f1ez, cineasta<\/p>\n<p>&nbsp;<\/p>\n<ul>\n<li><\/li>\n<\/ul>\n<p>&nbsp;<\/p>\n<p>\u00c1lvaro Mar\u00edn, poeta<\/p>\n<p>&nbsp;<\/p>\n<ul>\n<li><\/li>\n<\/ul>\n<p>&nbsp;<\/p>\n<p>Winston Porras, pintor<\/p>\n<p>&nbsp;<\/p>\n<ul>\n<li><\/li>\n<\/ul>\n<p>&nbsp;<\/p>\n<p>Zabier Hern\u00e1ndez, acad\u00e9mico<\/p>\n<p>&nbsp;<\/p>\n<ul>\n<li><\/li>\n<\/ul>\n<p>&nbsp;<\/p>\n<p>Wilfrido Jim\u00e9nez, m\u00fasico<\/p>\n<p>&nbsp;<\/p>\n<ul>\n<li><\/li>\n<\/ul>\n<p>&nbsp;<\/p>\n<p>Rafael Quiroz, pintor<\/p>\n<p>&nbsp;<\/p>\n<ul>\n<li><\/li>\n<\/ul>\n<p>&nbsp;<\/p>\n<p>Beatriz Ortega, comunicadora audiovisual<\/p>\n<p>&nbsp;<\/p>\n<ul>\n<li><\/li>\n<\/ul>\n<p>&nbsp;<\/p>\n<p>Sof\u00eda de la Hoz, periodista<\/p>\n<p>&nbsp;<\/p>\n<ul>\n<li><\/li>\n<\/ul>\n<p>&nbsp;<\/p>\n<p>Sergio Serrano \u2013 Fot\u00f3grafo<\/p>\n<p>&nbsp;<\/p>\n<ul>\n<li><\/li>\n<\/ul>\n<p>&nbsp;<\/p>\n<p>Mar\u00eda Fernanda Sa\u00f1udo, Profesora Universidad Javeriana<\/p>\n<p>&nbsp;<\/p>\n<ul>\n<li><\/li>\n<\/ul>\n<p>&nbsp;<\/p>\n<p>Abimael Castro, periodista<\/p>\n<p>&nbsp;<\/p>\n<ul>\n<li><\/li>\n<\/ul>\n<p>&nbsp;<\/p>\n<p>David Palmer, poeta, escritor y reportero Colombo-Canadiense. Primer Secretario de Tareas del Observatorio Internacional de la Di\u00e1spora (OID) con sede en Nueva York.<\/p>\n<p>&nbsp;<\/p>\n<ul>\n<li><\/li>\n<\/ul>\n<p>&nbsp;<\/p>\n<p>Jos\u00e9 Francisco Puello-Socarr\u00e1s, ESAP<\/p>\n<p>&nbsp;<\/p>\n<ul>\n<li><\/li>\n<\/ul>\n<p>&nbsp;<\/p>\n<p>Bernardo Parra Restrepo<\/p>\n<p>&nbsp;<\/p>\n<ul>\n<li><\/li>\n<\/ul>\n<p>&nbsp;<\/p>\n<p>Berbab\u00e9 Andrade<\/p>\n<p>&nbsp;<\/p>\n<ul>\n<li><\/li>\n<\/ul>\n<p>&nbsp;<\/p>\n<p>Rafael Contreras, pintor-escritor colombo-venezolano<\/p>\n<p><strong> COSTA RICA:<\/strong><\/p>\n<ul>\n<li style=\"list-style-type: none;\">\n<ul>\n<li><\/li>\n<\/ul>\n<\/li>\n<\/ul>\n<p>Ronald Bonill Carvajal, poeta, Costa Rica<\/p>\n<p>&nbsp;<\/p>\n<ul>\n<li><\/li>\n<\/ul>\n<p>&nbsp;<\/p>\n<p>Margarita Guido. Psic\u00f3loga y Educadora<\/p>\n<p>&nbsp;<\/p>\n<ul>\n<li><\/li>\n<\/ul>\n<p>&nbsp;<\/p>\n<p>Xiomara Esquivel Vargas. Actriz y Productora de Artes Esc\u00e9nicas<\/p>\n<p><strong>CUBA<\/strong><\/p>\n<ul>\n<li style=\"list-style-type: none;\">\n<ul>\n<li><\/li>\n<\/ul>\n<\/li>\n<\/ul>\n<p>Roberto Fern\u00e1ndez Retamar, Escritor. Presidente de Casa de las Am\u00e9ricas<\/p>\n<p>&nbsp;<\/p>\n<ul>\n<li><\/li>\n<\/ul>\n<p>&nbsp;<\/p>\n<p>Omar Gonz\u00e1lez, poeta, escritor<\/p>\n<p>&nbsp;<\/p>\n<ul>\n<li><\/li>\n<\/ul>\n<p>&nbsp;<\/p>\n<p>Casa de las Am\u00e9ricas<\/p>\n<p>&nbsp;<\/p>\n<ul>\n<li><\/li>\n<\/ul>\n<p>&nbsp;<\/p>\n<p>Isabel Monal, Fil\u00f3sofa, escritora.<\/p>\n<p>&nbsp;<\/p>\n<ul>\n<li><\/li>\n<\/ul>\n<p>&nbsp;<\/p>\n<p>Aurelio Alonso. Soci\u00f3logo y escritor. Subdirector Revista Casa de las Am\u00e9ricas.<\/p>\n<p>&nbsp;<\/p>\n<ul>\n<li><\/li>\n<\/ul>\n<p>&nbsp;<\/p>\n<p>Fernando Mart\u00ednez Heredia. Fil\u00f3sofo y ensayista. Premio Nacional de Ciencias Sociales.<\/p>\n<p>&nbsp;<\/p>\n<ul>\n<li><\/li>\n<\/ul>\n<p>&nbsp;<\/p>\n<p>Elo\u00edsa X\u00f3chitl Le Riverend Morales. Investigadora, traductora<\/p>\n<p>&nbsp;<\/p>\n<ul>\n<li><\/li>\n<\/ul>\n<p>&nbsp;<\/p>\n<p>Enrique Ubieta G\u00f3mez, ensayista y periodista (Cuba)<\/p>\n<p>&nbsp;<\/p>\n<ul>\n<li><\/li>\n<\/ul>\n<p>&nbsp;<\/p>\n<p>Omar Gonz\u00e1lez, escritor y periodista. Coordinador REDH-Cuba.<\/p>\n<p>&nbsp;<\/p>\n<ul>\n<li><\/li>\n<\/ul>\n<p>&nbsp;<\/p>\n<p>Waldo Leyva, escritor, periodista y poeta.<\/p>\n<p>&nbsp;<\/p>\n<ul>\n<li><\/li>\n<\/ul>\n<p>&nbsp;<\/p>\n<p>Vicente Feli\u00fa, trovador,<\/p>\n<p>&nbsp;<\/p>\n<ul>\n<li><\/li>\n<\/ul>\n<p>&nbsp;<\/p>\n<p>Gloria Teresita Almaguer Gonz\u00e1lez, Soci\u00f3loga, Docente Universidad de La Habana,<\/p>\n<p>&nbsp;<\/p>\n<ul>\n<li><\/li>\n<\/ul>\n<p>&nbsp;<\/p>\n<p>Graziella Pogolotti. Escritora.<\/p>\n<p>&nbsp;<\/p>\n<ul>\n<li><\/li>\n<\/ul>\n<p>&nbsp;<\/p>\n<p>Ra\u00fal Suarez- Pastor em\u00e9rito de la Iglesia Bautista Ebenezer de Marianao y Director Fundador del Centro Memorial Martin Luther King (Cuba).<\/p>\n<p>&nbsp;<\/p>\n<ul>\n<li><\/li>\n<\/ul>\n<p>&nbsp;<\/p>\n<p>Ariana L\u00f3pez. Integrante de la REDH-Cuba<\/p>\n<p>&nbsp;<\/p>\n<ul>\n<li><\/li>\n<\/ul>\n<p>&nbsp;<\/p>\n<p>Joel Suarez- Coordinador Ejecutivo Centro Memorial Martin Luther King (Cuba)<\/p>\n<p>&nbsp;<\/p>\n<ul>\n<li><\/li>\n<\/ul>\n<p>&nbsp;<\/p>\n<p>Alpidio Alonso-Grau, poeta, director de la revista de poes\u00eda Amnios<\/p>\n<p>&nbsp;<\/p>\n<ul>\n<li><\/li>\n<\/ul>\n<p>&nbsp;<\/p>\n<p>Camila Pi\u00f1eiro Harnecker \u2013 Universidad de La Habana, Cuba<\/p>\n<p>&nbsp;<\/p>\n<ul>\n<li><\/li>\n<\/ul>\n<p>&nbsp;<\/p>\n<p>Gilberto Vald\u00e9s Guti\u00e9rrez, Investigador del Instituto de Filosof\u00eda, Cuba<\/p>\n<p>&nbsp;<\/p>\n<ul>\n<li><\/li>\n<\/ul>\n<p>&nbsp;<\/p>\n<p>Alberto P\u00e9rez Lara, Investigador del Instituto de Filosof\u00eda, Cuba<\/p>\n<p>&nbsp;<\/p>\n<ul>\n<li><\/li>\n<\/ul>\n<p>&nbsp;<\/p>\n<p>Yohanka Le\u00f3n del R\u00edo, Investigadora del Instituto de Filosof\u00eda, Cuba<\/p>\n<p>&nbsp;<\/p>\n<ul>\n<li><\/li>\n<\/ul>\n<p>&nbsp;<\/p>\n<p>Georgina Alfonso Gonzales, Directora del Instituto de Filosof\u00eda, Cuba<\/p>\n<p>&nbsp;<\/p>\n<ul>\n<li><\/li>\n<\/ul>\n<p>&nbsp;<\/p>\n<p>Felix Vald\u00e9s Garc\u00eda, Investigador del Instituto de Filosof\u00eda, Cuba<\/p>\n<p>&nbsp;<\/p>\n<ul>\n<li><\/li>\n<\/ul>\n<p>&nbsp;<\/p>\n<p>Alcides Garcia Carrazana- Secretario de comunicaci\u00f3n ALBA Movimientos- Centro Memorial Martin Luther King (Cuba).<\/p>\n<p>&nbsp;<\/p>\n<ul>\n<li><\/li>\n<\/ul>\n<p>&nbsp;<\/p>\n<p>Jes\u00fas Pastor Garc\u00eda Brigos, Investigador Titular, Instituto de Filosof\u00eda<\/p>\n<p>&nbsp;<\/p>\n<ul>\n<li><\/li>\n<\/ul>\n<p>&nbsp;<\/p>\n<p>Nevalis Quintana Fern\u00e1ndez, Actor y Poeta,<\/p>\n<p>&nbsp;<\/p>\n<ul>\n<li><\/li>\n<\/ul>\n<p>&nbsp;<\/p>\n<p>Esteban Morales, investigador, Cuba<\/p>\n<p>&nbsp;<\/p>\n<ul>\n<li><\/li>\n<\/ul>\n<p>&nbsp;<\/p>\n<p>Damodar Pe\u00f1a Pent\u00f3n, Mgr.Ccias de la Educ M\u00e9dica, Esc Latinoamericana de Medicina<\/p>\n<p>&nbsp;<\/p>\n<ul>\n<li><\/li>\n<\/ul>\n<p>&nbsp;<\/p>\n<p>Fabio Grobart Sunshine<\/p>\n<p>&nbsp;<\/p>\n<ul>\n<li><\/li>\n<\/ul>\n<p>&nbsp;<\/p>\n<p>Lohania Aruca, historiadora y miembro UPEC<\/p>\n<p>&nbsp;<\/p>\n<ul>\n<li><\/li>\n<\/ul>\n<p>&nbsp;<\/p>\n<p>Michael V\u00e1zquez Montes de Oca, ensayista e investigador<\/p>\n<p>&nbsp;<\/p>\n<ul>\n<li><\/li>\n<\/ul>\n<p>&nbsp;<\/p>\n<p>Rebeca Mujica.<\/p>\n<p><strong>ECUADOR:<\/strong><\/p>\n<ul>\n<li style=\"list-style-type: none;\">\n<ul>\n<li><\/li>\n<\/ul>\n<\/li>\n<\/ul>\n<p>Mar\u00eda Augusta Calle. Periodista y pol\u00edtica. Diputada a la Asamblea Nacional.<\/p>\n<p>&nbsp;<\/p>\n<ul>\n<li><\/li>\n<\/ul>\n<p>&nbsp;<\/p>\n<p>Osvaldo Le\u00f3n, Periodista. Director de la Agencia Latinoamericana de Informaci\u00f3n (ALAI)<\/p>\n<p>&nbsp;<\/p>\n<ul>\n<li><\/li>\n<\/ul>\n<p>&nbsp;<\/p>\n<p>Irene Le\u00f3n. Soci\u00f3loga y comunicadora. Directora de FEDAEPS.<\/p>\n<p>&nbsp;<\/p>\n<ul>\n<li><\/li>\n<\/ul>\n<p>&nbsp;<\/p>\n<p>Antonio Salamanca, Profesor Quito<\/p>\n<p>&nbsp;<\/p>\n<ul>\n<li><\/li>\n<\/ul>\n<p>&nbsp;<\/p>\n<p>Francisco Peralta \u2013 Conacoms, N\u00facleo Ecuador<\/p>\n<p>&nbsp;<\/p>\n<ul>\n<li><\/li>\n<\/ul>\n<p>&nbsp;<\/p>\n<p>Organizaci\u00f3n Bulla Zurda<\/p>\n<p><strong>EL SALVADOR:<\/strong><\/p>\n<ul>\n<li style=\"list-style-type: none;\">\n<ul>\n<li><\/li>\n<\/ul>\n<\/li>\n<\/ul>\n<p>Nidia D\u00edaz. Pol\u00edtica y dirigente salvadore\u00f1a. Diputada. Fundadora del FMLN.<\/p>\n<p>&nbsp;<\/p>\n<ul>\n<li><\/li>\n<\/ul>\n<p>&nbsp;<\/p>\n<p>Carlos Molina Vel\u00e1squez, docente de filosof\u00eda, Univ. Centroamericana Jos\u00e9 Sime\u00f3n Ca\u00f1as.<\/p>\n<p>&nbsp;<\/p>\n<ul>\n<li><\/li>\n<\/ul>\n<p>&nbsp;<\/p>\n<p>H\u00e9ctor Iv\u00e1n Castro Castaneda, Movimiento Ciudadano 5+<\/p>\n<p>&nbsp;<\/p>\n<ul>\n<li><\/li>\n<\/ul>\n<p>&nbsp;<\/p>\n<p>\u00c1ngel Mar\u00eda Ibarra Turcios, acad\u00e9mico y activista ambiental, Viceministro de Medio Ambiente.<\/p>\n<p>&nbsp;<\/p>\n<ul>\n<li><\/li>\n<\/ul>\n<p>&nbsp;<\/p>\n<p>Luis Alvarenga, poeta salvadore\u00f1o.\u200b Profesor Centroamericana Jos\u00e9 Sime\u00f3n Ca\u00f1as.<\/p>\n<p>&nbsp;<\/p>\n<ul>\n<li><\/li>\n<\/ul>\n<p>&nbsp;<\/p>\n<p>Cecilio Garc\u00eda. Bi\u00f3logo. Profesor Universitario Jubilado<\/p>\n<p><strong>EGIPTO:<\/strong><\/p>\n<ul>\n<li style=\"list-style-type: none;\">\n<ul>\n<li><\/li>\n<\/ul>\n<\/li>\n<\/ul>\n<p>Samir Amin. Economista egipcio. Escritor. Especializado en temas del Tercer Mundo<\/p>\n<p><strong>ESPA\u00d1A:<\/strong><\/p>\n<ul>\n<li style=\"list-style-type: none;\">\n<ul>\n<li><\/li>\n<\/ul>\n<\/li>\n<\/ul>\n<p>Carlos Fern\u00e1ndez Liria. Fil\u00f3sofo, escritor, profesor de filosof\u00eda. Ganador del Premio Libertador al Pensamiento Cr\u00edtico 2010.<\/p>\n<p>&nbsp;<\/p>\n<ul>\n<li><\/li>\n<\/ul>\n<p>&nbsp;<\/p>\n<p>\u00c1ngeles Diez Rodr\u00edguez, Dra. Ciencias Pol\u00edticas y Sociolog\u00eda, profesora de la Universidad Complutense de Madrid<\/p>\n<p>&nbsp;<\/p>\n<ul>\n<li><\/li>\n<\/ul>\n<p>&nbsp;<\/p>\n<p>Salvador L\u00f3pez Arnal, profesor y colaborador de Rebeli\u00f3n.org<\/p>\n<p>&nbsp;<\/p>\n<ul>\n<li><\/li>\n<\/ul>\n<p>&nbsp;<\/p>\n<p>Constantino B\u00e9rtolo. Editor, cr\u00edtico y ensayista<\/p>\n<p>&nbsp;<\/p>\n<ul>\n<li><\/li>\n<\/ul>\n<p>&nbsp;<\/p>\n<p>Bel\u00e9n Gopegui. Novelista y guionista<\/p>\n<p>&nbsp;<\/p>\n<ul>\n<li><\/li>\n<\/ul>\n<p>&nbsp;<\/p>\n<p>\u00c1ngel De La Cruz Bermejo, Profesor \/ Periodista, Madrid<\/p>\n<p>&nbsp;<\/p>\n<ul>\n<li><\/li>\n<\/ul>\n<p>&nbsp;<\/p>\n<p>Alejandro Andreassi Cieri, Profesor (jubilado) Universitat Aut\u00f3noma de Barcelona<\/p>\n<p>&nbsp;<\/p>\n<ul>\n<li><\/li>\n<\/ul>\n<p>&nbsp;<\/p>\n<p>Jos\u00e9 Luis Mart\u00edn Ramos, historiador, Barcelona,<\/p>\n<p>&nbsp;<\/p>\n<ul>\n<li><\/li>\n<\/ul>\n<p>&nbsp;<\/p>\n<p>Manuel Mart\u00ednez Llaneza. Profesor Titular Universidad Polit\u00e9cnica de Madrid<\/p>\n<p>&nbsp;<\/p>\n<ul>\n<li><\/li>\n<\/ul>\n<p>&nbsp;<\/p>\n<p>Joaqu\u00edn Miras Albarr\u00e1n. Presidente de Espai Marx<\/p>\n<p>&nbsp;<\/p>\n<ul>\n<li><\/li>\n<\/ul>\n<p>&nbsp;<\/p>\n<p>Antonio Francisco Ord\u00f3\u00f1ez, Jurista (Barcelona)<\/p>\n<p>&nbsp;<\/p>\n<ul>\n<li><\/li>\n<\/ul>\n<p>&nbsp;<\/p>\n<p>Higinio Polo, profesor y escritor. Barcelona.<\/p>\n<p>&nbsp;<\/p>\n<ul>\n<li><\/li>\n<\/ul>\n<p>&nbsp;<\/p>\n<p>Mar\u00eda Remedios Garc\u00eda Albert (Madrid, Espa\u00f1a)<\/p>\n<p>&nbsp;<\/p>\n<ul>\n<li><\/li>\n<\/ul>\n<p>&nbsp;<\/p>\n<p>Manuel Pardo de Donleb\u00fan Montesino, Militar en la Reserva, miembro del Foro Contra la Guerra Imperialista y la OTAN.<\/p>\n<p>&nbsp;<\/p>\n<ul>\n<li><\/li>\n<\/ul>\n<p>&nbsp;<\/p>\n<p>Samir Delgado, poeta, Islas Canarias<\/p>\n<p>&nbsp;<\/p>\n<ul>\n<li><\/li>\n<\/ul>\n<p>&nbsp;<\/p>\n<p>Arantxa Tirado. Polit\u00f3loga latinoamericanista e internacionalista.<\/p>\n<p>&nbsp;<\/p>\n<ul>\n<li><\/li>\n<\/ul>\n<p>&nbsp;<\/p>\n<p>Sara Rosenberg \u2013 Escritora \u2013 (Miembro del Foro contra la guerra imperialista y la OTAN)<\/p>\n<p>&nbsp;<\/p>\n<ul>\n<li><\/li>\n<\/ul>\n<p>&nbsp;<\/p>\n<p>Eduardo Hern\u00e1ndez Fern\u00e1ndez, Arquitecto<\/p>\n<p>&nbsp;<\/p>\n<ul>\n<li><\/li>\n<\/ul>\n<p>&nbsp;<\/p>\n<p>Jos\u00e9 Juan Bartolom\u00e9 Pina, Economista<\/p>\n<p>&nbsp;<\/p>\n<ul>\n<li><\/li>\n<\/ul>\n<p>&nbsp;<\/p>\n<p>Pedro L\u00f3pez L\u00f3pez, Profesor Titular de la Universidad Complutense de Madrid. Soci\u00f3logo, activista de derechos humanos<\/p>\n<p>&nbsp;<\/p>\n<ul>\n<li><\/li>\n<\/ul>\n<p>&nbsp;<\/p>\n<p>Blanca Lagunilla Suqu\u00eda, Funcionaria del INSS, jubilada.<\/p>\n<p>&nbsp;<\/p>\n<ul>\n<li><\/li>\n<\/ul>\n<p>&nbsp;<\/p>\n<p>Ricardo Garc\u00eda P\u00e9rez. Traductor<\/p>\n<p>&nbsp;<\/p>\n<ul>\n<li><\/li>\n<\/ul>\n<p>&nbsp;<\/p>\n<p>Foro Contra la Guerra Imperialista y la OTAN<\/p>\n<p><strong>ESTADOS UNIDOS:<\/strong><\/p>\n<ul>\n<li style=\"list-style-type: none;\">\n<ul>\n<li><\/li>\n<\/ul>\n<\/li>\n<\/ul>\n<p>Ram\u00f3n Grosfoguel, Universidad de California<\/p>\n<p>&nbsp;<\/p>\n<ul>\n<li><\/li>\n<\/ul>\n<p>&nbsp;<\/p>\n<p>James Petras, escritor, articulista<\/p>\n<p>&nbsp;<\/p>\n<ul>\n<li><\/li>\n<\/ul>\n<p>&nbsp;<\/p>\n<p>James Counts Early. Former Director Cultural Heritage Policy Smithsonian Institution Center for Folklife and Cultural Heritage; Consultant Statecraft Heritage Policy, African Diaspora;<\/p>\n<p>&nbsp;<\/p>\n<ul>\n<li><\/li>\n<\/ul>\n<p>&nbsp;<\/p>\n<p>Cynthia McKinney. Congresista afroamericana. Activista de los derechos civiles.<\/p>\n<p>&nbsp;<\/p>\n<ul>\n<li><\/li>\n<\/ul>\n<p>&nbsp;<\/p>\n<p>Padre Luis Barrios, Ph.D., John Jay College of Criminal Justice, USA<\/p>\n<p>&nbsp;<\/p>\n<ul>\n<li><\/li>\n<\/ul>\n<p>&nbsp;<\/p>\n<p>Dario Azzellini, Murphy Institute, CUNY, New York, USA<\/p>\n<p>&nbsp;<\/p>\n<ul>\n<li><\/li>\n<\/ul>\n<p>&nbsp;<\/p>\n<p>John Catalinotto, profesor de matem\u00e1tica jubilado, EEUU<\/p>\n<p>&nbsp;<\/p>\n<ul>\n<li><\/li>\n<\/ul>\n<p>&nbsp;<\/p>\n<p>Sara Flounders, co-director, Centro de Acci\u00f3n Internacional, EEUU<\/p>\n<p>&nbsp;<\/p>\n<ul>\n<li><\/li>\n<\/ul>\n<p>&nbsp;<\/p>\n<p>Berta Joubert-Ceci, editor, Workers World-MundoObrero, EEUU<\/p>\n<p>&nbsp;<\/p>\n<ul>\n<li><\/li>\n<\/ul>\n<p>&nbsp;<\/p>\n<p>William I. Robinson, Profesor de Sociolog\u00eda. Universidad de California en Santa B\u00e1rbara<\/p>\n<p>&nbsp;<\/p>\n<ul>\n<li><\/li>\n<\/ul>\n<p>&nbsp;<\/p>\n<p>Jack Hirschman, Revolutionary Poets Brigade, Estados Unidos<\/p>\n<p>&nbsp;<\/p>\n<ul>\n<li><\/li>\n<\/ul>\n<p>&nbsp;<\/p>\n<p>Agneta Falk, Revolutionary Poets Brigade, Estados Unidos<\/p>\n<p>&nbsp;<\/p>\n<ul>\n<li><\/li>\n<\/ul>\n<p>&nbsp;<\/p>\n<p>Carlos Rafael Dieguez. Director de Hermes Am\u00e9rica<\/p>\n<h2 class=\"western\" style=\"margin-left: 0.2cm; margin-top: 0cm; margin-bottom: 0.2cm; line-height: 150%;\" align=\"justify\">. Jo Anne Engelbert , profesora em\u00e9rita, Montclair State University<\/h2>\n<ul>\n<li style=\"list-style-type: none;\">\n<ul>\n<li><\/li>\n<\/ul>\n<\/li>\n<\/ul>\n<p>Izvara Kleinhempel Predmore, ethnomusicologist, United States<\/p>\n<p>&nbsp;<\/p>\n<ul>\n<li><\/li>\n<\/ul>\n<p>&nbsp;<\/p>\n<p>Michael P Predmore, Professor emeritus of modern Hispanic literature, Stanford University, United States<\/p>\n<p>&nbsp;<\/p>\n<ul>\n<li><\/li>\n<\/ul>\n<p>&nbsp;<\/p>\n<p>Robin Hahnel, Professor Emeritus American University Washington DC, Tepolla, Co-Director Economics for Equity and the Environment<\/p>\n<p>&nbsp;<\/p>\n<ul>\n<li><\/li>\n<\/ul>\n<p>&nbsp;<\/p>\n<p>Sid Shniad, Trade Union researcher.<\/p>\n<p>&nbsp;<\/p>\n<ul>\n<li><\/li>\n<\/ul>\n<p>&nbsp;<\/p>\n<p>Merle Ratner, Marxist activist<\/p>\n<p><strong>FRANCIA<\/strong><\/p>\n<ul>\n<li style=\"list-style-type: none;\">\n<ul>\n<li><\/li>\n<\/ul>\n<\/li>\n<\/ul>\n<p>Ignacio Ramonet, Periodista, escritor<\/p>\n<p>&nbsp;<\/p>\n<ul>\n<li><\/li>\n<\/ul>\n<p>&nbsp;<\/p>\n<p>Thierry Meyssan, Francia<\/p>\n<p>&nbsp;<\/p>\n<ul>\n<li><\/li>\n<\/ul>\n<p>&nbsp;<\/p>\n<p>Alfredo G\u00f3mez M\u00fcller. Fil\u00f3sofo, Escritor, Profesor Universidad de Tours<\/p>\n<p>&nbsp;<\/p>\n<ul>\n<li><\/li>\n<\/ul>\n<p>&nbsp;<\/p>\n<p>Luis Dapelo, Traductor, cr\u00edtico literario.<\/p>\n<p><strong>GUATEMALA:<\/strong><\/p>\n<ul>\n<li style=\"list-style-type: none;\">\n<ul>\n<li><\/li>\n<\/ul>\n<\/li>\n<\/ul>\n<p>Simona Yagenova, Soci\u00f3loga, Analista pol\u00edtica, equipo coordinador REDH-Guatemala<\/p>\n<p>&nbsp;<\/p>\n<ul>\n<li><\/li>\n<\/ul>\n<p>&nbsp;<\/p>\n<p>Mario Sosa, antrop\u00f3logo.<\/p>\n<p>&nbsp;<\/p>\n<ul>\n<li><\/li>\n<\/ul>\n<p>&nbsp;<\/p>\n<p>Marcelo Colussi, Psic\u00f3logo.<\/p>\n<p>&nbsp;<\/p>\n<ul>\n<li><\/li>\n<\/ul>\n<p>&nbsp;<\/p>\n<p>Carlos Maldonado. Colectivo La Gotera.<\/p>\n<p>&nbsp;<\/p>\n<ul>\n<li><\/li>\n<\/ul>\n<p>&nbsp;<\/p>\n<p>Sandino Asturias, Polit\u00f3logo y coordinador del Centro de Estudios de Guatemala.<\/p>\n<p>&nbsp;<\/p>\n<ul>\n<li><\/li>\n<\/ul>\n<p>&nbsp;<\/p>\n<p>Rafael Cuevas Molina. Escritor y pintor, profesor universitario.<\/p>\n<p>&nbsp;<\/p>\n<ul>\n<li><\/li>\n<\/ul>\n<p>&nbsp;<\/p>\n<p>Ilka Oliva Corado, escritora y porta guatemalteca en Estados Unidos<\/p>\n<p>&nbsp;<\/p>\n<ul>\n<li><\/li>\n<\/ul>\n<p>&nbsp;<\/p>\n<p>Kajkoj Maximo Ba Tiul, maya poqomchi, antrop\u00f3logo, escritor, investigador, profesor.<\/p>\n<p>&nbsp;<\/p>\n<ul>\n<li><\/li>\n<\/ul>\n<p>&nbsp;<\/p>\n<p>Factor M\u00e9ndez Doninelli. Abogado, acad\u00e9mico y defensor de los DDHH.<\/p>\n<p>&nbsp;<\/p>\n<ul>\n<li><\/li>\n<\/ul>\n<p>&nbsp;<\/p>\n<p>Silvia Sol\u00f3rzano, medica, feminista<\/p>\n<p><strong> HAIT\u00cd:<\/strong><\/p>\n<ul>\n<li style=\"list-style-type: none;\">\n<ul>\n<li><\/li>\n<\/ul>\n<\/li>\n<\/ul>\n<p>Camille Chalmers. Directeur Ex\u00e9cutif de la Plate-forme ha\u00eftienne de Plaidoyerpour un D\u00e9veloppementAlternatif (PAPDA)<\/p>\n<p><strong>INGLATERRA:<\/strong><\/p>\n<ul>\n<li style=\"list-style-type: none;\">\n<ul>\n<li><\/li>\n<\/ul>\n<\/li>\n<\/ul>\n<p>Alfredo Saad Filho, SOAS, University of London.<\/p>\n<p><strong>ITALIA:<\/strong><\/p>\n<ul>\n<li style=\"list-style-type: none;\">\n<ul>\n<li><\/li>\n<\/ul>\n<\/li>\n<\/ul>\n<p>Domenico Losurdo, Fil\u00f3sofo, escritor, professor em\u00e9rito de la Universidad de Urbino<\/p>\n<p>&nbsp;<\/p>\n<ul>\n<li><\/li>\n<\/ul>\n<p>&nbsp;<\/p>\n<p>Gianni Min\u00e0, giornalista, Roma<\/p>\n<p>&nbsp;<\/p>\n<ul>\n<li><\/li>\n<\/ul>\n<p>&nbsp;<\/p>\n<p>Alessandra Riccio, Docente universitaria, Napoli<\/p>\n<p>&nbsp;<\/p>\n<ul>\n<li><\/li>\n<\/ul>\n<p>&nbsp;<\/p>\n<p>Marco Consolo. Escritor, ensayista. integrante del Partido de la Refundaci\u00f3n Comunista<\/p>\n<p>&nbsp;<\/p>\n<ul>\n<li><\/li>\n<\/ul>\n<p>&nbsp;<\/p>\n<p>Giovanna Mulas, escritora, Italia<\/p>\n<p>&nbsp;<\/p>\n<ul>\n<li><\/li>\n<\/ul>\n<p>&nbsp;<\/p>\n<p>Gennaro Carotenuto, historiador, escritor, profesor universitario, N\u00e1poles<\/p>\n<p>&nbsp;<\/p>\n<ul>\n<li><\/li>\n<\/ul>\n<p>&nbsp;<\/p>\n<p>Maurizio De Giovanni, scrittore, Napoli<\/p>\n<p>&nbsp;<\/p>\n<ul>\n<li><\/li>\n<\/ul>\n<p>&nbsp;<\/p>\n<p>Christian Raimo, scrittore, Roma<\/p>\n<p>&nbsp;<\/p>\n<ul>\n<li><\/li>\n<\/ul>\n<p>&nbsp;<\/p>\n<p>Michela Mercuri, docente SIOI, Milano<\/p>\n<p>&nbsp;<\/p>\n<ul>\n<li><\/li>\n<\/ul>\n<p>&nbsp;<\/p>\n<p>Giorgio Trucchi, periodista, Italia\/Nicaragua<\/p>\n<p>&nbsp;<\/p>\n<ul>\n<li><\/li>\n<\/ul>\n<p>&nbsp;<\/p>\n<p>Michela Mercuri, docente SIOI, Milano<\/p>\n<p>&nbsp;<\/p>\n<ul>\n<li><\/li>\n<\/ul>\n<p>&nbsp;<\/p>\n<p>Marinella Correggia, periodista, autora entre otros de los libros El presidente de la paz (sobre Hugo Ch\u00e1vez, 2015), y L\u2019Alba dell\u2019avvenire (sobre el ALBA, 2007), ecopacifista.<\/p>\n<p>&nbsp;<\/p>\n<ul>\n<li><\/li>\n<\/ul>\n<p>&nbsp;<\/p>\n<p>Geraldina Colotti, periodista y escritora, Italia<\/p>\n<p>&nbsp;<\/p>\n<ul>\n<li><\/li>\n<\/ul>\n<p>&nbsp;<\/p>\n<p>Eleonora Forenza. Diputada europea \u201cL\u2019altra Europa\u201d per Tsipras<\/p>\n<p>&nbsp;<\/p>\n<ul>\n<li><\/li>\n<\/ul>\n<p>&nbsp;<\/p>\n<p>Ferruccio Brugnaro, Poeta. Italia<\/p>\n<p>&nbsp;<\/p>\n<ul>\n<li><\/li>\n<\/ul>\n<p>&nbsp;<\/p>\n<p>Comitato Bolivariano \u201cLa Madrugada\u201d \u2013 Firenze, Italia<\/p>\n<p>&nbsp;<\/p>\n<ul>\n<li><\/li>\n<\/ul>\n<p>&nbsp;<\/p>\n<p>Ferruccio Brugnaro, poeta, Italia<\/p>\n<p><strong>M\u00c9XICO:<\/strong><\/p>\n<ul>\n<li style=\"list-style-type: none;\">\n<ul>\n<li><\/li>\n<\/ul>\n<\/li>\n<\/ul>\n<p>Pablo Gonz\u00e1lez Casanova, profesor em\u00e9rito y ex-Rector de la Universidad Nacional Aut\u00f3noma de M\u00e9xico<\/p>\n<p>&nbsp;<\/p>\n<ul>\n<li><\/li>\n<\/ul>\n<p>&nbsp;<\/p>\n<p>Ra\u00fal Vera L\u00f3pez, obispo de Saltillo, M\u00e9xico<\/p>\n<p>&nbsp;<\/p>\n<ul>\n<li><\/li>\n<\/ul>\n<p>&nbsp;<\/p>\n<p>V\u00edctor Flores Olea. Escritor, ensayista, analista pol\u00edtico<\/p>\n<p>&nbsp;<\/p>\n<ul>\n<li><\/li>\n<\/ul>\n<p>&nbsp;<\/p>\n<p>Fernando Buen Abad. Fil\u00f3sofo de la Comunicaci\u00f3n. Instituto de Cultura y Comunicaci\u00f3n \/ Universidad Nacional de Lan\u00fas. Argentina.<\/p>\n<p>&nbsp;<\/p>\n<ul>\n<li><\/li>\n<\/ul>\n<p>&nbsp;<\/p>\n<p>Ana Esther Cece\u00f1a. Economista. Docente UNAM. Coordina el Observatorio Latinoamericano de Geopol\u00edtica.<\/p>\n<p>&nbsp;<\/p>\n<ul>\n<li><\/li>\n<\/ul>\n<p>&nbsp;<\/p>\n<p>Luis Hern\u00e1ndez Navarro. Escritor y periodista. Coordinador de Opini\u00f3n de La Jornada<\/p>\n<p>&nbsp;<\/p>\n<ul>\n<li><\/li>\n<\/ul>\n<p>&nbsp;<\/p>\n<p>Gilberto L\u00f3pez y Rivas, Antrop\u00f3logo. Profesor UNAM. Articulista de La Jormada.<\/p>\n<p>&nbsp;<\/p>\n<ul>\n<li><\/li>\n<\/ul>\n<p>&nbsp;<\/p>\n<p>Alicia Castellanos Guerrero, Profesora Investigadora de la UAM-Iztapalapa<\/p>\n<p>&nbsp;<\/p>\n<ul>\n<li><\/li>\n<\/ul>\n<p>&nbsp;<\/p>\n<p>Nayar L\u00f3pez Polit\u00f3logo, latinoamericanista, docente investigador de la UNAM.<\/p>\n<p>&nbsp;<\/p>\n<ul>\n<li><\/li>\n<\/ul>\n<p>&nbsp;<\/p>\n<p>Angel Guerra. Periodista, profesor en Casa Lamm, latinoamericanista, articulista de La Jornada.<\/p>\n<p>&nbsp;<\/p>\n<ul>\n<li><\/li>\n<\/ul>\n<p>&nbsp;<\/p>\n<p>H\u00e9ctor D\u00edaz Polanco. Ensayista, antrop\u00f3logo, soci\u00f3logo, historiador. Premio Libertador al Pensamiento Cr\u00edtico 2015.<\/p>\n<p>&nbsp;<\/p>\n<ul>\n<li><\/li>\n<\/ul>\n<p>&nbsp;<\/p>\n<p>Jorge Veraza. Economista. Dr. en Estudios Latinoamericanos, Escritor, Premio Libertador al Pensamiento Cr\u00edtico 2011.<\/p>\n<p>&nbsp;<\/p>\n<ul>\n<li><\/li>\n<\/ul>\n<p>&nbsp;<\/p>\n<p>Carlos Fazio. Polit\u00f3logo y periodista. Colaborador de La Jonada y del Semanario Brecha<\/p>\n<p>&nbsp;<\/p>\n<ul>\n<li><\/li>\n<\/ul>\n<p>&nbsp;<\/p>\n<p>John Saxe-Fern\u00e1ndez, Centro de Investigaciones Interdisciplinarias en Ciencias y Humanidades, UNAM. Facultad de Ciencias Pol\u00edticas y Sociales UNAM.<\/p>\n<p>&nbsp;<\/p>\n<ul>\n<li><\/li>\n<\/ul>\n<p>&nbsp;<\/p>\n<p>Dar\u00edo Salinas, Soci\u00f3logo. Investigador en la Universidad Iberoamericana, M\u00e9xico.<\/p>\n<p>&nbsp;<\/p>\n<ul>\n<li><\/li>\n<\/ul>\n<p>&nbsp;<\/p>\n<p>Miguel \u00c1ngel Adame Cer\u00f3n. Profesor-Investigador de la Escuela Nacional de Antropolog\u00eda e Historia, INAH-SC M\u00e9xico.<\/p>\n<p>&nbsp;<\/p>\n<ul>\n<li><\/li>\n<\/ul>\n<p>&nbsp;<\/p>\n<p>Walter Mart\u00ednez, ensayista, analista pol\u00edtico<\/p>\n<p>&nbsp;<\/p>\n<ul>\n<li><\/li>\n<\/ul>\n<p>&nbsp;<\/p>\n<p>Edmundo del Pozo Mart\u00ednez. Maestro en Derecho por la UNAM.<\/p>\n<p>&nbsp;<\/p>\n<ul>\n<li><\/li>\n<\/ul>\n<p>&nbsp;<\/p>\n<p>Margarita Favela Gavia, Soci\u00f3loga y polit\u00f3loga. Profesora de la UNAM<\/p>\n<p>&nbsp;<\/p>\n<ul>\n<li><\/li>\n<\/ul>\n<p>&nbsp;<\/p>\n<p>Enrique Gonz\u00e1lez Ruiz. Ex Rector Univ. de Guerrero. Defensor de los DDHH, fundador del Frente Nac Contra la Represi\u00f3n (FNCR) e impulsor del Frente de Abogados Democr\u00e1ticos<\/p>\n<p>&nbsp;<\/p>\n<ul>\n<li><\/li>\n<\/ul>\n<p>&nbsp;<\/p>\n<p>Miguel Socolovsky, Investigador del Instituto de Ciencias Nucleares de la UNAM<\/p>\n<p>&nbsp;<\/p>\n<ul>\n<li><\/li>\n<\/ul>\n<p>&nbsp;<\/p>\n<p>Diana Tovar, Conacoms, N\u00facleo M\u00e9xico<\/p>\n<p>&nbsp;<\/p>\n<ul>\n<li><\/li>\n<\/ul>\n<p>&nbsp;<\/p>\n<p>\u00d3scar Gonz\u00e1lez, Profesor-Investigador de tiempo completo dela UACM, M\u00e9xico.<\/p>\n<p>&nbsp;<\/p>\n<ul>\n<li><\/li>\n<\/ul>\n<p>&nbsp;<\/p>\n<p>Jos\u00e9 Miguel Candia (UNAM \u2013 M\u00e9xico)<\/p>\n<p>&nbsp;<\/p>\n<ul>\n<li><\/li>\n<\/ul>\n<p>&nbsp;<\/p>\n<p>Fernando S\u00e1nchez Mart\u00ednez. Bi\u00f3logo, Prof. Investigador del Centro INAH, Morelos<\/p>\n<p>&nbsp;<\/p>\n<ul>\n<li><\/li>\n<\/ul>\n<p>&nbsp;<\/p>\n<p>Tatiana Coll soci\u00f3loga, profesora-investigadora de la Universidad Pedag\u00f3gica Nacional y de la UNAM, articulista del peri\u00f3dico La Jornada.<\/p>\n<p>&nbsp;<\/p>\n<ul>\n<li><\/li>\n<\/ul>\n<p>&nbsp;<\/p>\n<p>Ismael Hern\u00e1ndez Lujano. Fil\u00f3sofo y sindicalista<\/p>\n<p>&nbsp;<\/p>\n<ul>\n<li><\/li>\n<\/ul>\n<p>&nbsp;<\/p>\n<p>Sammuel Sosa, Profesor-investigador de la Facultad de Ciencias Pol\u00edticas y Siciales de la UNAM.<\/p>\n<p>&nbsp;<\/p>\n<ul>\n<li><\/li>\n<\/ul>\n<p>&nbsp;<\/p>\n<p>Guillermo Fern\u00e1ndez Ampi\u00e9, docente, Universidad Nacional Aut\u00f3noma de M\u00e9xico<\/p>\n<p>&nbsp;<\/p>\n<ul>\n<li><\/li>\n<\/ul>\n<p>&nbsp;<\/p>\n<p>Polo Castellanos. Muralista, M\u00e9xico<\/p>\n<p>&nbsp;<\/p>\n<ul>\n<li><\/li>\n<\/ul>\n<p>&nbsp;<\/p>\n<p>Argelia Guerrero Renteria, bailarina, maestra y periodista<\/p>\n<p>&nbsp;<\/p>\n<ul>\n<li><\/li>\n<\/ul>\n<p>&nbsp;<\/p>\n<p>Ana Mar\u00eda Rivadeo, Fil\u00f3sofa, Universidad Nacional Aut\u00f3noma de M\u00e9xico<\/p>\n<p>&nbsp;<\/p>\n<ul>\n<li><\/li>\n<\/ul>\n<p>&nbsp;<\/p>\n<p>Enrique Rajchenberg, historiador, UNAM, M\u00e9xico\u200b<\/p>\n<p>&nbsp;<\/p>\n<ul>\n<li><\/li>\n<\/ul>\n<p>&nbsp;<\/p>\n<p>Samuel Cielo Canales, Profesor-Investigador, UACM, M\u00e9xico<\/p>\n<p>&nbsp;<\/p>\n<ul>\n<li><\/li>\n<\/ul>\n<p>&nbsp;<\/p>\n<p>Adri\u00e1n Sotelo Valencia, Soci\u00f3logo, Profesor-Investigador UNAM, M\u00e9xico<\/p>\n<p>&nbsp;<\/p>\n<ul>\n<li><\/li>\n<\/ul>\n<p>&nbsp;<\/p>\n<p>Ver\u00f3nica L\u00f3pez, latinoamericanista, Profesora-Investigadora UNAM, M\u00e9xico<\/p>\n<p>&nbsp;<\/p>\n<ul>\n<li><\/li>\n<\/ul>\n<p>&nbsp;<\/p>\n<p>Pastor Ric\u00e1rdez, Grupo Tacuba, M\u00e9xico<\/p>\n<p>&nbsp;<\/p>\n<ul>\n<li><\/li>\n<\/ul>\n<p>&nbsp;<\/p>\n<p>Georgette Kuri, Latinoamericanista, UNAM, M\u00e9xico<\/p>\n<p>&nbsp;<\/p>\n<ul>\n<li><\/li>\n<\/ul>\n<p>&nbsp;<\/p>\n<p>Marco Vel\u00e1zquez, Profesor-Investigador, UACM, M\u00e9xico<\/p>\n<p>&nbsp;<\/p>\n<ul>\n<li><\/li>\n<\/ul>\n<p>&nbsp;<\/p>\n<p>Laura Nieto, latinoamericanista, UNAM, M\u00e9xico<br \/>\nRa\u00fal Romero Gallardo, soci\u00f3logo, UNAM, M\u00e9xico<\/p>\n<p>&nbsp;<\/p>\n<ul>\n<li><\/li>\n<\/ul>\n<p>&nbsp;<\/p>\n<p>C\u00e9sar Navarro Gallegos, profesor investigador Instituto Mora y UNAM;<\/p>\n<p>&nbsp;<\/p>\n<ul>\n<li><\/li>\n<\/ul>\n<p>&nbsp;<\/p>\n<p>Maciel Silva profesora UNAM;<\/p>\n<p>&nbsp;<\/p>\n<ul>\n<li><\/li>\n<\/ul>\n<p>&nbsp;<\/p>\n<p>Ang\u00e9lica Garc\u00eda Gonz\u00e1lez, profesora Universidad Pedag\u00f3gica;<\/p>\n<p>&nbsp;<\/p>\n<ul>\n<li><\/li>\n<\/ul>\n<p>&nbsp;<\/p>\n<p>Maribel Flores estudiante-investigadora Instituto Mora;<\/p>\n<p>&nbsp;<\/p>\n<ul>\n<li><\/li>\n<\/ul>\n<p>&nbsp;<\/p>\n<p>Pavel Navarro investigador INHA;<\/p>\n<p>&nbsp;<\/p>\n<ul>\n<li><\/li>\n<\/ul>\n<p>&nbsp;<\/p>\n<p>ALfonso Lozano consejero acad\u00e9mico UPN.<\/p>\n<p>&nbsp;<\/p>\n<ul>\n<li><\/li>\n<\/ul>\n<p>&nbsp;<\/p>\n<p>Josefina Morales, IIEc-UNAM, Secretaria General de SEPLA, M\u00e9xico<\/p>\n<p>&nbsp;<\/p>\n<ul>\n<li><\/li>\n<\/ul>\n<p>&nbsp;<\/p>\n<p>Germ\u00e1n S\u00e1nchez Daza, Universidad Aut\u00f3noma de Puebla, M\u00e9xico<\/p>\n<p>&nbsp;<\/p>\n<ul>\n<li><\/li>\n<\/ul>\n<p>&nbsp;<\/p>\n<p>Jaime Ornelas Delgado, Benem\u00e9rita Universidad Aut\u00f3noma de Puebla, M\u00e9xico.<\/p>\n<p>&nbsp;<\/p>\n<ul>\n<li><\/li>\n<\/ul>\n<p>&nbsp;<\/p>\n<p>Jaime Estay, Benem\u00e9rita Universidad Aut\u00f3noma de Puebla, M\u00e9xico.<\/p>\n<p>&nbsp;<\/p>\n<ul>\n<li><\/li>\n<\/ul>\n<p>&nbsp;<\/p>\n<p>Dacsina Peto Vonduben, Profesora Facultad de econom\u00eda UNAM, M\u00e9xico<\/p>\n<p>&nbsp;<\/p>\n<ul>\n<li><\/li>\n<\/ul>\n<p>&nbsp;<\/p>\n<p>Rub\u00e9n Mat\u00edas Garc\u00eda, doctorante del Programa de Posgrado en Estudios Latinoamericanos de la Universidad Nacional Aut\u00f3noma de M\u00e9xico<\/p>\n<p>&nbsp;<\/p>\n<ul>\n<li><\/li>\n<\/ul>\n<p>&nbsp;<\/p>\n<p>Luis Arizmendi, Econom\u00eda Pol\u00edtica, UNAM, M\u00e9xico<\/p>\n<p>&nbsp;<\/p>\n<ul>\n<li><\/li>\n<\/ul>\n<p>&nbsp;<\/p>\n<p>V\u00edctor Rodr\u00edguez Padilla, Posgrado de la Facultad de Ingenier\u00eda, Universidad Nacional Aut\u00f3noma de M\u00e9xico<\/p>\n<p>&nbsp;<\/p>\n<ul>\n<li><\/li>\n<\/ul>\n<p>&nbsp;<\/p>\n<p>Alejandro \u00c1lvarez, UNAM, M\u00e9xico<\/p>\n<p>&nbsp;<\/p>\n<ul>\n<li><\/li>\n<\/ul>\n<p>&nbsp;<\/p>\n<p>Arturo Guill\u00e9n, Universidad Aut\u00f3noma Metropolitana, M\u00e9xico<\/p>\n<p>&nbsp;<\/p>\n<ul>\n<li><\/li>\n<\/ul>\n<p>&nbsp;<\/p>\n<p>Alejandro C\u00e9sar L\u00f3pez Bola\u00f1os, UNAM, M\u00e9xico<\/p>\n<p>&nbsp;<\/p>\n<ul>\n<li><\/li>\n<\/ul>\n<p>&nbsp;<\/p>\n<p>Pedro Hern\u00e1ndez Morales Secci\u00f3n 9 CNTE<\/p>\n<p>&nbsp;<\/p>\n<ul>\n<li><\/li>\n<\/ul>\n<p>&nbsp;<\/p>\n<p>Mylai Burgos Matamoros. Acad\u00e9mica y Jurista, Universidad Aut\u00f3noma de la Ciudad de M\u00e9xico.<\/p>\n<p>&nbsp;<\/p>\n<ul>\n<li><\/li>\n<\/ul>\n<p>&nbsp;<\/p>\n<p>Ictzel Maldonado, latinoamericanista, UNAM, M\u00e9xico<\/p>\n<p>&nbsp;<\/p>\n<ul>\n<li><\/li>\n<\/ul>\n<p>&nbsp;<\/p>\n<p>Efra\u00edn Le\u00f3n Hern\u00e1ndez. UNAM<\/p>\n<p>&nbsp;<\/p>\n<ul>\n<li><\/li>\n<\/ul>\n<p>&nbsp;<\/p>\n<p>David Herrera Santana- Facultad de Filosof\u00eda y Letras UNAM<\/p>\n<p>&nbsp;<\/p>\n<ul>\n<li><\/li>\n<\/ul>\n<p>&nbsp;<\/p>\n<p>Leticia Guti\u00e9rrez<\/p>\n<p>&nbsp;<\/p>\n<ul>\n<li><\/li>\n<\/ul>\n<p>&nbsp;<\/p>\n<p>Gabriela Hern\u00e1ndez<\/p>\n<p>&nbsp;<\/p>\n<ul>\n<li><\/li>\n<\/ul>\n<p>&nbsp;<\/p>\n<p>Carmen Mendoza<\/p>\n<p>&nbsp;<\/p>\n<ul>\n<li><\/li>\n<\/ul>\n<p>&nbsp;<\/p>\n<p>Norberto P\u00e9rez<\/p>\n<p>&nbsp;<\/p>\n<ul>\n<li><\/li>\n<\/ul>\n<p>&nbsp;<\/p>\n<p>Alfonso Anaya<\/p>\n<p>&nbsp;<\/p>\n<ul>\n<li><\/li>\n<\/ul>\n<p>&nbsp;<\/p>\n<p>Hildelisa Preciado<\/p>\n<p>&nbsp;<\/p>\n<ul>\n<li><\/li>\n<\/ul>\n<p>&nbsp;<\/p>\n<p>Dalia Ruiz<\/p>\n<p>&nbsp;<\/p>\n<ul>\n<li><\/li>\n<\/ul>\n<p>&nbsp;<\/p>\n<p>Mar\u00eda Elena L\u00f3pez.<\/p>\n<p>&nbsp;<\/p>\n<ul>\n<li><\/li>\n<\/ul>\n<p>&nbsp;<\/p>\n<p>Lourdes del Villar<\/p>\n<p>&nbsp;<\/p>\n<ul>\n<li><\/li>\n<\/ul>\n<p>&nbsp;<\/p>\n<p>\u00c1ngeles Gonz\u00e1lez,<\/p>\n<p>&nbsp;<\/p>\n<ul>\n<li><\/li>\n<\/ul>\n<p>&nbsp;<\/p>\n<p>Elizabeth Alejandre<\/p>\n<p>&nbsp;<\/p>\n<ul>\n<li><\/li>\n<\/ul>\n<p>&nbsp;<\/p>\n<p>Rosa Barranco<\/p>\n<p>&nbsp;<\/p>\n<ul>\n<li><\/li>\n<\/ul>\n<p>&nbsp;<\/p>\n<p>Bertha Vallejo<\/p>\n<p>&nbsp;<\/p>\n<ul>\n<li><\/li>\n<\/ul>\n<p>&nbsp;<\/p>\n<p>Leonor A\u00edda Concha<\/p>\n<p>&nbsp;<\/p>\n<ul>\n<li><\/li>\n<\/ul>\n<p>&nbsp;<\/p>\n<p>Guadalupe Abd\u00f3<\/p>\n<p>&nbsp;<\/p>\n<ul>\n<li><\/li>\n<\/ul>\n<p>&nbsp;<\/p>\n<p>Graciela Tapia<\/p>\n<p>&nbsp;<\/p>\n<ul>\n<li><\/li>\n<\/ul>\n<p>&nbsp;<\/p>\n<p>Mar\u00eda Elena Ram\u00edrez<\/p>\n<p>&nbsp;<\/p>\n<ul>\n<li><\/li>\n<\/ul>\n<p>&nbsp;<\/p>\n<p>Cristina Steffen<\/p>\n<p>&nbsp;<\/p>\n<ul>\n<li><\/li>\n<\/ul>\n<p>&nbsp;<\/p>\n<p>Maricarmen Montes<\/p>\n<p>&nbsp;<\/p>\n<ul>\n<li><\/li>\n<\/ul>\n<p>&nbsp;<\/p>\n<p>Claudia Sandoval<\/p>\n<p>&nbsp;<\/p>\n<ul>\n<li><\/li>\n<\/ul>\n<p>&nbsp;<\/p>\n<p>Carlos Prigollini<\/p>\n<p>&nbsp;<\/p>\n<ul>\n<li><\/li>\n<\/ul>\n<p>&nbsp;<\/p>\n<p>Jos\u00e9 Miguel Candia.<\/p>\n<p>&nbsp;<\/p>\n<ul>\n<li><\/li>\n<\/ul>\n<p>&nbsp;<\/p>\n<p>Catalina Eibenschutz Profesor Distinguido Uam-X, Mexico<\/p>\n<p>&nbsp;<\/p>\n<ul>\n<li><\/li>\n<\/ul>\n<p>&nbsp;<\/p>\n<p>Xadeni M\u00e9ndez M\u00e1rquez<\/p>\n<p>&nbsp;<\/p>\n<ul>\n<li><\/li>\n<\/ul>\n<p>&nbsp;<\/p>\n<p>Mar\u00eda Rosa M\u00e1rquez<\/p>\n<p>&nbsp;<\/p>\n<ul>\n<li><\/li>\n<\/ul>\n<p>&nbsp;<\/p>\n<p>Jorge M\u00e9ndez Spinola<\/p>\n<p>&nbsp;<\/p>\n<ul>\n<li><\/li>\n<\/ul>\n<p>&nbsp;<\/p>\n<p>Rosa Mar\u00eda Cabrera Lotfe<\/p>\n<p>&nbsp;<\/p>\n<ul>\n<li><\/li>\n<\/ul>\n<p>&nbsp;<\/p>\n<p>\u200bSindicato de Trabajadores de Radio Educaci\u00f3n, M\u00e9xico<\/p>\n<p>&nbsp;<\/p>\n<ul>\n<li><\/li>\n<\/ul>\n<p>&nbsp;<\/p>\n<p>Mujeres para el Di\u00e1logo. M\u00e9xico<\/p>\n<p>&nbsp;<\/p>\n<ul>\n<li><\/li>\n<\/ul>\n<p>&nbsp;<\/p>\n<p>Comit\u00e9 Monse\u00f1or Romero, M\u00e9xico<\/p>\n<p>&nbsp;<\/p>\n<ul>\n<li><\/li>\n<\/ul>\n<p>&nbsp;<\/p>\n<p>Movimiento de Solidaridad Nuestra Am\u00e9rica. M\u00e9xico.<\/p>\n<p>&nbsp;<\/p>\n<ul>\n<li><\/li>\n<\/ul>\n<p>&nbsp;<\/p>\n<p>Servicio Internacional de Solidaridad con los pueblos de Am\u00e9rica Latina SICSAL\/M\u00e9xico.<\/p>\n<p><strong>NICARAGUA:<\/strong><\/p>\n<ul>\n<li style=\"list-style-type: none;\">\n<ul>\n<li><\/li>\n<\/ul>\n<\/li>\n<\/ul>\n<p>Miguel d\u2019Escoto Brockmann, presidente cap\u00edtulo nicarag\u00fcense de la REDH. Presidente Asamblea General de la ONU 2008-2009.<\/p>\n<p>&nbsp;<\/p>\n<ul>\n<li><\/li>\n<\/ul>\n<p>&nbsp;<\/p>\n<p>Aldo Diaz Lacayo, Vicepresidente nicarag\u00fcense de la REDH, Historiador, ex Diplom\u00e1tico<\/p>\n<p>&nbsp;<\/p>\n<ul>\n<li><\/li>\n<\/ul>\n<p>&nbsp;<\/p>\n<p>Sof\u00eda M. Clark, polit\u00f3loga, Capitulo nicarag\u00fcense de la REDH<\/p>\n<p>&nbsp;<\/p>\n<ul>\n<li><\/li>\n<\/ul>\n<p>&nbsp;<\/p>\n<p>Giorgio Trucchi, periodista, Italia\/Nicaragua<\/p>\n<p>&nbsp;<\/p>\n<ul>\n<li><\/li>\n<\/ul>\n<p>&nbsp;<\/p>\n<p>Manuel Moncada Fonseca, historiador nicarag\u00fcense<\/p>\n<p><strong>PANAM\u00c1:<\/strong><\/p>\n<ul>\n<li style=\"list-style-type: none;\">\n<ul>\n<li><\/li>\n<\/ul>\n<\/li>\n<\/ul>\n<p>Silvestre D\u00edaz, Secretario de Organizaci\u00f3n del Frente Amplio por la Democracia (FAD) y Director del Centro de Investigaci\u00f3n y Docencia de Panam\u00e1 (CIDPA)<\/p>\n<p>&nbsp;<\/p>\n<ul>\n<li><\/li>\n<\/ul>\n<p>&nbsp;<\/p>\n<p>Nils Castro. Cientista social, educador, pol\u00edtico y periodista<\/p>\n<p>&nbsp;<\/p>\n<ul>\n<li><\/li>\n<\/ul>\n<p>&nbsp;<\/p>\n<p>Marco A. Gand\u00e1segui, hijo, Profesor de Sociolog\u00eda de la Universidad de Panam\u00e1 e investigador asociado del CELA<\/p>\n<p>&nbsp;<\/p>\n<ul>\n<li><\/li>\n<\/ul>\n<p>&nbsp;<\/p>\n<p>Olmedo Beluche, Ensayista, periodista, soci\u00f3logo, polit\u00f3logo y profesor universitario.<\/p>\n<p><strong>PARAGUAY:<\/strong><\/p>\n<ul>\n<li style=\"list-style-type: none;\">\n<ul>\n<li><\/li>\n<\/ul>\n<\/li>\n<\/ul>\n<p>Gustavo Codas, economista<\/p>\n<p>&nbsp;<\/p>\n<ul>\n<li><\/li>\n<\/ul>\n<p>&nbsp;<\/p>\n<p>Ricardo Flecha, Trovador.<\/p>\n<p>&nbsp;<\/p>\n<ul>\n<li><\/li>\n<\/ul>\n<p>&nbsp;<\/p>\n<p>Techi Cusmanich, Arquitecta.<\/p>\n<p>&nbsp;<\/p>\n<ul>\n<li><\/li>\n<\/ul>\n<p>&nbsp;<\/p>\n<p>Marielle Palau, soci\u00f3loga, Asunci\u00f3n-Paraguay<\/p>\n<p>&nbsp;<\/p>\n<ul>\n<li><\/li>\n<\/ul>\n<p>&nbsp;<\/p>\n<p>Lila Molinier, SEPPY, Directivo de SEPLA, Paraguay<\/p>\n<p>&nbsp;<\/p>\n<ul>\n<li><\/li>\n<\/ul>\n<p>&nbsp;<\/p>\n<p>Sarah Zevaco, Sociedad de Econom\u00eda Pol\u00edtica del Paraguay, SEPPY<\/p>\n<p>&nbsp;<\/p>\n<ul>\n<li><\/li>\n<\/ul>\n<p>&nbsp;<\/p>\n<p>Antonella LevySforza, SEPPY, Paraguay<\/p>\n<p>&nbsp;<\/p>\n<ul>\n<li><\/li>\n<\/ul>\n<p>&nbsp;<\/p>\n<p>An\u00edbal Amado, Sociedad de Econom\u00eda Pol\u00edtica del Paraguay<\/p>\n<p><strong>PER\u00da: <\/strong><\/p>\n<ul>\n<li style=\"list-style-type: none;\">\n<ul>\n<li><\/li>\n<\/ul>\n<\/li>\n<\/ul>\n<p>Arturo Corcuera. Premio de poes\u00eda Casa de las Am\u00e9ricas.<\/p>\n<p>&nbsp;<\/p>\n<ul>\n<li><\/li>\n<\/ul>\n<p>&nbsp;<\/p>\n<p>H\u00e9ctor B\u00e9jar Rivera. Premio de ensayo Casa de las Am\u00e9ricas.<\/p>\n<p>&nbsp;<\/p>\n<ul>\n<li><\/li>\n<\/ul>\n<p>&nbsp;<\/p>\n<p>Hildebrando P\u00e9rez Grande. Premio de poes\u00eda Casa de las Am\u00e9ricas.<\/p>\n<p>&nbsp;<\/p>\n<ul>\n<li><\/li>\n<\/ul>\n<p>&nbsp;<\/p>\n<p>Winston Orrillo. Premio Nacional de Cultura del Per\u00fa<\/p>\n<p>&nbsp;<\/p>\n<ul>\n<li><\/li>\n<\/ul>\n<p>&nbsp;<\/p>\n<p>Reynaldo Naranjo. Premio Nacional de Poes\u00eda.<\/p>\n<p>&nbsp;<\/p>\n<ul>\n<li><\/li>\n<\/ul>\n<p>&nbsp;<\/p>\n<p>Juan Crist\u00f3bal. Premio Nacional de Poes\u00eda.<\/p>\n<p>&nbsp;<\/p>\n<ul>\n<li><\/li>\n<\/ul>\n<p>&nbsp;<\/p>\n<p>Jos\u00e9 Luis Ayala. Poeta.<\/p>\n<p>&nbsp;<\/p>\n<ul>\n<li><\/li>\n<\/ul>\n<p>&nbsp;<\/p>\n<p>Delfina Paredes. Actriz nacional.<\/p>\n<p>&nbsp;<\/p>\n<ul>\n<li><\/li>\n<\/ul>\n<p>&nbsp;<\/p>\n<p>Pilar Roca. Cineasta.<\/p>\n<p>&nbsp;<\/p>\n<ul>\n<li><\/li>\n<\/ul>\n<p>&nbsp;<\/p>\n<p>Federico Garc\u00eda. Cineasta.<\/p>\n<p>&nbsp;<\/p>\n<ul>\n<li><\/li>\n<\/ul>\n<p>&nbsp;<\/p>\n<p>Rosina Valc\u00e1rcel. Poeta. Colectivo Macondo. Lima, Per\u00fa<\/p>\n<p>&nbsp;<\/p>\n<ul>\n<li><\/li>\n<\/ul>\n<p>&nbsp;<\/p>\n<p>Ana Mar\u00eda Intili. Poeta.<\/p>\n<p>&nbsp;<\/p>\n<ul>\n<li><\/li>\n<\/ul>\n<p>&nbsp;<\/p>\n<p>Marcela P\u00e9rez Silva. Cantautora.<\/p>\n<p>&nbsp;<\/p>\n<ul>\n<li><\/li>\n<\/ul>\n<p>&nbsp;<\/p>\n<p>Margot Palomino. Cantautora.<\/p>\n<p>&nbsp;<\/p>\n<ul>\n<li><\/li>\n<\/ul>\n<p>&nbsp;<\/p>\n<p>Fanny Palacios Izquierdo. Pintora.<\/p>\n<p>&nbsp;<\/p>\n<ul>\n<li><\/li>\n<\/ul>\n<p>&nbsp;<\/p>\n<p>Bruno Portuguez. Pintor.<\/p>\n<p>&nbsp;<\/p>\n<ul>\n<li><\/li>\n<\/ul>\n<p>&nbsp;<\/p>\n<p>Gustavo Espinoza. Periodista.<\/p>\n<p>&nbsp;<\/p>\n<ul>\n<li><\/li>\n<\/ul>\n<p>&nbsp;<\/p>\n<p>Manuel Robles. Periodista.<\/p>\n<p>&nbsp;<\/p>\n<ul>\n<li><\/li>\n<\/ul>\n<p>&nbsp;<\/p>\n<p>Vicente Otta. Soci\u00f3logo.<\/p>\n<p>&nbsp;<\/p>\n<ul>\n<li><\/li>\n<\/ul>\n<p>&nbsp;<\/p>\n<p>Eduardo Arroyo. Soci\u00f3logo.<\/p>\n<p>&nbsp;<\/p>\n<ul>\n<li><\/li>\n<\/ul>\n<p>&nbsp;<\/p>\n<p>Julio Dagnino. Periodista.<\/p>\n<p>&nbsp;<\/p>\n<ul>\n<li><\/li>\n<\/ul>\n<p>&nbsp;<\/p>\n<p>Milciades Ruiz. Periodista.<\/p>\n<p>&nbsp;<\/p>\n<ul>\n<li><\/li>\n<\/ul>\n<p>&nbsp;<\/p>\n<p>Ala\u00edn El\u00edas. Escritor.<\/p>\n<p>&nbsp;<\/p>\n<ul>\n<li><\/li>\n<\/ul>\n<p>&nbsp;<\/p>\n<p>Carlos Ostolaza. Pintor.<\/p>\n<p>&nbsp;<\/p>\n<ul>\n<li><\/li>\n<\/ul>\n<p>&nbsp;<\/p>\n<p>Feliciano Atoche. Arquitecto<\/p>\n<p>&nbsp;<\/p>\n<ul>\n<li><\/li>\n<\/ul>\n<p>&nbsp;<\/p>\n<p>Rodolfo Moreno. Poeta.<\/p>\n<p>&nbsp;<\/p>\n<ul>\n<li><\/li>\n<\/ul>\n<p>&nbsp;<\/p>\n<p>Denis Merino. Periodista.<\/p>\n<p><strong>PUERTO RICO:<\/strong><\/p>\n<ul>\n<li style=\"list-style-type: none;\">\n<ul>\n<li><\/li>\n<\/ul>\n<\/li>\n<\/ul>\n<p>Danny Rivera. Artista, cantor<\/p>\n<p>&nbsp;<\/p>\n<ul>\n<li><\/li>\n<\/ul>\n<p>&nbsp;<\/p>\n<p>Francisco Torres, secretario de organizaci\u00f3n Movimiento Nacionalista Revolucionario de Puerto Rico<\/p>\n<p>&nbsp;<\/p>\n<ul>\n<li><\/li>\n<\/ul>\n<p>&nbsp;<\/p>\n<p>Elma Beatriz Rosado, Independentista puertorrique\u00f1a, viuda de Filiberto Ojeda.<\/p>\n<p>&nbsp;<\/p>\n<ul>\n<li><\/li>\n<\/ul>\n<p>&nbsp;<\/p>\n<p>Jos\u00e9 Rivera Rivera, Portavoz Frente Socialista de Puerto Rico<\/p>\n<p><strong>SUD\u00c1FRICA: <\/strong><\/p>\n<ul>\n<li style=\"list-style-type: none;\">\n<ul>\n<li><\/li>\n<\/ul>\n<\/li>\n<\/ul>\n<p>Patrick Bond, Professor of Political Economy, University of the Witwatersrand, Johannesburg<\/p>\n<p><strong>SENEGAL:<\/strong><\/p>\n<ul>\n<li style=\"list-style-type: none;\">\n<ul>\n<li><\/li>\n<\/ul>\n<\/li>\n<\/ul>\n<p>Thierno Diop, fil\u00f3sofo marxista y profesor de la Universidad Cheik Anta Diop. Coordinador REDH-Senegal.<\/p>\n<p><strong>SUECIA:<\/strong><\/p>\n<ul>\n<li style=\"list-style-type: none;\">\n<ul>\n<li><\/li>\n<\/ul>\n<\/li>\n<\/ul>\n<p>Luciano Alzaga, periodista, Suecia<\/p>\n<p>&nbsp;<\/p>\n<p><strong>T\u00daNEZ:<\/strong><\/p>\n<ul>\n<li style=\"list-style-type: none;\">\n<ul>\n<li><\/li>\n<\/ul>\n<\/li>\n<\/ul>\n<p>Rashid Sherif, Siquiatra, Miembro del Frente Popular<\/p>\n<p><strong> URUGUAY:<\/strong><\/p>\n<ul>\n<li style=\"list-style-type: none;\">\n<ul>\n<li><\/li>\n<\/ul>\n<\/li>\n<\/ul>\n<p>Daniel Viglietti. Cantautor<\/p>\n<p>&nbsp;<\/p>\n<ul>\n<li><\/li>\n<\/ul>\n<p>&nbsp;<\/p>\n<p>Antonio El\u00edas, Universidad de la Rep\u00fablica, Vicepresidente de la Sociedad Latinoamericana de Econom\u00eda Pol\u00edtica y Pensamiento Cr\u00edtico (SEPLA).<\/p>\n<p>&nbsp;<\/p>\n<ul>\n<li><\/li>\n<\/ul>\n<p>&nbsp;<\/p>\n<p>Ruben El\u00edas, Ingeniero Agr\u00f3nomo, REDIU \u2013 SEPLA Uruguay<\/p>\n<p>&nbsp;<\/p>\n<ul>\n<li><\/li>\n<\/ul>\n<p>&nbsp;<\/p>\n<p>Yamand\u00fa Acosta. Fil\u00f3sofo, escritor<\/p>\n<p>&nbsp;<\/p>\n<ul>\n<li><\/li>\n<\/ul>\n<p>&nbsp;<\/p>\n<p>Ignacio Mart\u00ednez, Escritor<\/p>\n<p>&nbsp;<\/p>\n<ul>\n<li><\/li>\n<\/ul>\n<p>&nbsp;<\/p>\n<p>Esteban P\u00e9rez, ex diputado nacional.<\/p>\n<p>&nbsp;<\/p>\n<ul>\n<li><\/li>\n<\/ul>\n<p>&nbsp;<\/p>\n<p>Ruben Monted\u00f3nico, periodista<\/p>\n<p>&nbsp;<\/p>\n<ul>\n<li><\/li>\n<\/ul>\n<p>&nbsp;<\/p>\n<p>Rosario Piedra Cueva<\/p>\n<p>&nbsp;<\/p>\n<ul>\n<li><\/li>\n<\/ul>\n<p>&nbsp;<\/p>\n<p>Roberto Villanueva<\/p>\n<p>&nbsp;<\/p>\n<ul>\n<li><\/li>\n<\/ul>\n<p>&nbsp;<\/p>\n<p>Gabriel Carbajales<\/p>\n<p><strong>VENEZUELA:<\/strong><\/p>\n<ul>\n<li style=\"list-style-type: none;\">\n<ul>\n<li><\/li>\n<\/ul>\n<\/li>\n<\/ul>\n<p>Luis Britto Garc\u00eda, Escritor. Ensayista, Dramaturgo, Guionista.<\/p>\n<p>&nbsp;<\/p>\n<ul>\n<li><\/li>\n<\/ul>\n<p>&nbsp;<\/p>\n<p>Maryclen Stelling. Soci\u00f3loga, Analista Pol\u00edtica<\/p>\n<p>&nbsp;<\/p>\n<ul>\n<li><\/li>\n<\/ul>\n<p>&nbsp;<\/p>\n<p>Iraida Vargas-Arenas. Investigadora Nacional Em\u00e9rita. Premio Nacional de Cultura. Menci\u00f3n Especial de Premio Nacional de Ciencia. Premio Libertadoras y Libertadores de Venezuela.<\/p>\n<p>&nbsp;<\/p>\n<ul>\n<li><\/li>\n<\/ul>\n<p>&nbsp;<\/p>\n<p>Mario Sanoja Obediente \u2013 Investigador Nacional Em\u00e9rito. Premio Nacional de Cultura. Individuo de N\u00famero de la Academia Nacional de la Historia de Venezuela.<\/p>\n<p>&nbsp;<\/p>\n<ul>\n<li><\/li>\n<\/ul>\n<p>&nbsp;<\/p>\n<p>Carmen Boh\u00f3rquez, Fil\u00f3sofa. Historiadora. Coordinadora General Red En Defensa de la Humanidad. Premio Nacional de Cultura.<\/p>\n<p>&nbsp;<\/p>\n<ul>\n<li><\/li>\n<\/ul>\n<p>&nbsp;<\/p>\n<p>Julio Escalona, Economista, Ex Embajador deVenezuela en la ONU, Articulista<\/p>\n<p>&nbsp;<\/p>\n<ul>\n<li><\/li>\n<\/ul>\n<p>&nbsp;<\/p>\n<p>Giovanna Proa\u00f1o Moreno \u2013 Consejo Nacional de Comunicadores Socialistas<\/p>\n<p>&nbsp;<\/p>\n<ul>\n<li><\/li>\n<\/ul>\n<p>&nbsp;<\/p>\n<p>Jos\u00e9 P\u00e9rez, Poeta, narrador, profesor universitario jubilado.<\/p>\n<p>&nbsp;<\/p>\n<ul>\n<li><\/li>\n<\/ul>\n<p>&nbsp;<\/p>\n<p>Sergio Arria, Antrop\u00f3logo, Centro Universitario para la Informaci\u00f3n y la Comunicaci\u00f3n Sean MacBride\/UNla \u2013 Idelcoop<\/p>\n<p>&nbsp;<\/p>\n<ul>\n<li><\/li>\n<\/ul>\n<p>&nbsp;<\/p>\n<p>Jos\u00e9 Antonio Varela, Cineasta<\/p>\n<p>&nbsp;<\/p>\n<ul>\n<li><\/li>\n<\/ul>\n<p>&nbsp;<\/p>\n<p>Farruco Sesto, Arquitecto y Poeta<\/p>\n<p>&nbsp;<\/p>\n<ul>\n<li><\/li>\n<\/ul>\n<p>&nbsp;<\/p>\n<p>Pedro Calzadilla, Historiador. Director del Centro Nacional de Historia (CNH).<\/p>\n<p>&nbsp;<\/p>\n<ul>\n<li><\/li>\n<\/ul>\n<p>&nbsp;<\/p>\n<p>Iv\u00e1n Padilla, Periodista. Editor de Todos Adentro<\/p>\n<p>&nbsp;<\/p>\n<ul>\n<li><\/li>\n<\/ul>\n<p>&nbsp;<\/p>\n<p>Jean Araud, Ingeniero aeron\u00e1utico, Comunicador Social<\/p>\n<p>&nbsp;<\/p>\n<ul>\n<li><\/li>\n<\/ul>\n<p>&nbsp;<\/p>\n<p>Yadira C\u00f3rdova, Odont\u00f3loga, Profesora universitaria<\/p>\n<p>&nbsp;<\/p>\n<ul>\n<li><\/li>\n<\/ul>\n<p>&nbsp;<\/p>\n<p>Francisco P\u00e9rez, Profesor universitario<\/p>\n<p>&nbsp;<\/p>\n<ul>\n<li><\/li>\n<\/ul>\n<p>&nbsp;<\/p>\n<p>Iv\u00e1n Oliver Rugeles, periodista,<\/p>\n<p>&nbsp;<\/p>\n<ul>\n<li><\/li>\n<\/ul>\n<p>&nbsp;<\/p>\n<p>Ra\u00fal Grioni, Arquitecto<\/p>\n<p>&nbsp;<\/p>\n<ul>\n<li><\/li>\n<\/ul>\n<p>&nbsp;<\/p>\n<p>Edgar Alberto Gonz\u00e1lez Mar\u00edn. C\u00f3nsul General de Venezuela en R\u00edo de Janeiro<\/p>\n<p>&nbsp;<\/p>\n<ul>\n<li><\/li>\n<\/ul>\n<p>&nbsp;<\/p>\n<p>Alexander Torres Iriarte. Historiador. Profesor e Investigador del CNH<\/p>\n<p>&nbsp;<\/p>\n<ul>\n<li><\/li>\n<\/ul>\n<p>&nbsp;<\/p>\n<p>N\u00e9stor Francia, Comunicador Social<\/p>\n<p>&nbsp;<\/p>\n<ul>\n<li><\/li>\n<\/ul>\n<p>&nbsp;<\/p>\n<p>Orietta Caponi, Diplom\u00e1tica, Venezuela<\/p>\n<p>&nbsp;<\/p>\n<ul>\n<li><\/li>\n<\/ul>\n<p>&nbsp;<\/p>\n<p>Juan Miguel D\u00edaz Ferrer, Venezuela<\/p>\n<p>&nbsp;<\/p>\n<ul>\n<li><\/li>\n<\/ul>\n<p>&nbsp;<\/p>\n<p>Jos\u00e9 Romero Losacco, Centro de Transformaciones Sociales, Ciencia y Conocimiento, Laboratorio de Estudios Decoloniales y Geopol\u00edticas de los Conocimientos, IVIC.<\/p>\n<p>&nbsp;<\/p>\n<ul>\n<li><\/li>\n<\/ul>\n<p>&nbsp;<\/p>\n<p>Jhonny Balza. Diplom\u00e1tico. Docente universitario<\/p>\n<p>&nbsp;<\/p>\n<ul>\n<li><\/li>\n<\/ul>\n<p>&nbsp;<\/p>\n<p>Or\u00e1ngel Rivas, Escuela Venezolana de Planificaci\u00f3n, Directivo de SEPLA, Venezuela<\/p>\n<p>&nbsp;<\/p>\n<ul>\n<li><\/li>\n<\/ul>\n<p>&nbsp;<\/p>\n<p>Jos\u00e9 F\u00e9lix Rivas Alvarado, economista, Venezuela<\/p>\n<p>&nbsp;<\/p>\n<ul>\n<li><\/li>\n<\/ul>\n<p>&nbsp;<\/p>\n<p>Juan Carlos Loyo, Economista, Profesor\/Investigador de la Universidad Bolivariana de Venezuela<\/p>\n<p>&nbsp;<\/p>\n<ul>\n<li><\/li>\n<\/ul>\n<p>&nbsp;<\/p>\n<p>Humberto Rojas D., Militante de la Econom\u00eda Social, Venezuela<\/p>\n<p>&nbsp;<\/p>\n<ul>\n<li><\/li>\n<\/ul>\n<p>&nbsp;<\/p>\n<p>Melisa Mayt\u00edn Marquez, Economista-planificadora, Venezuela<\/p>\n<p>&nbsp;<\/p>\n<ul>\n<li><\/li>\n<\/ul>\n<p>&nbsp;<\/p>\n<p>Xavier Sarabia Mariche, Escritor, Cr\u00edtico de Cine<\/p>\n<p>&nbsp;<\/p>\n<ul>\n<li><\/li>\n<\/ul>\n<p>&nbsp;<\/p>\n<p>Liliane Blaser, Documentalista y Docente. COTRAIN<\/p>\n<p>&nbsp;<\/p>\n<ul>\n<li><\/li>\n<\/ul>\n<p>&nbsp;<\/p>\n<p>Judith Valencia, Economista, Profesora UCV<\/p>\n<p>&nbsp;<\/p>\n<ul>\n<li><\/li>\n<\/ul>\n<p>&nbsp;<\/p>\n<p>Christiane Valles, Antrop\u00f3loga, lectora, escritora.<\/p>\n<p>&nbsp;<\/p>\n<ul>\n<li><\/li>\n<\/ul>\n<p>&nbsp;<\/p>\n<p>Giulio Santosuosso, Escritor, Editor<\/p>\n<p>&nbsp;<\/p>\n<ul>\n<li><\/li>\n<\/ul>\n<p>&nbsp;<\/p>\n<p>Luis Edgar P\u00e1ez, Editor<\/p>\n<p>&nbsp;<\/p>\n<ul>\n<li><\/li>\n<\/ul>\n<p>&nbsp;<\/p>\n<p>Norberto Bacher. Escritor y militante internacionalista argentino-venezolano.<\/p>\n<p>&nbsp;<\/p>\n<ul>\n<li><\/li>\n<\/ul>\n<p>&nbsp;<\/p>\n<p>Marietta Toro Zuluaga, Equipo de Relaciones Internacionales, Movimiento Pol\u00edtico y Social Marcha Patri\u00f3tica<\/p>\n<p>&nbsp;<\/p>\n<ul>\n<li><\/li>\n<\/ul>\n<p>&nbsp;<\/p>\n<p>Gerardo Antonio Fonseca Mart\u00ecnez, Economista<\/p>\n<p>&nbsp;<\/p>\n<ul>\n<li><\/li>\n<\/ul>\n<p>&nbsp;<\/p>\n<p>Daniel S\u00e1nchez, coordinador de la escuela de formaci\u00f3n popular para el desarrollo del Estado Comunal. Concejal Bolivariano de Valencia. Estado Carabobo. Venezuela<\/p>\n<p>&nbsp;<\/p>\n<ul>\n<li><\/li>\n<\/ul>\n<p>&nbsp;<\/p>\n<p>Marx Jos\u00e9 G\u00f3mez Liendo, Soci\u00f3logo, Laboratorio de Ecolog\u00eda Pol\u00edtica del IVIC<\/p>\n<p>&nbsp;<\/p>\n<ul>\n<li><\/li>\n<\/ul>\n<p>&nbsp;<\/p>\n<p>Marianicer Figueroa Agreda Psicologa. Docente e Investigadora Universitaria. Centro Internacional Miranda. Activista Colectivo Comunalizar Conocimiento<\/p>\n<p>&nbsp;<\/p>\n<ul>\n<li><\/li>\n<\/ul>\n<p>&nbsp;<\/p>\n<p>Maria Magdalena Zambrano, ingeniera<\/p>\n<p>&nbsp;<\/p>\n<ul>\n<li><\/li>\n<\/ul>\n<p>&nbsp;<\/p>\n<p>Anahi Arizmendi. Frente Bicentenario de Mujeres 200.<\/p>\n<p>&nbsp;<\/p>\n<ul>\n<li><\/li>\n<\/ul>\n<p>&nbsp;<\/p>\n<p>Jacquelin Jim\u00e9nez. Educadora popular. Centro de Investigaci\u00f3n y educaci\u00f3n popular 13 de abril. Religiosas del Sagrado Coraz\u00f3n de Jes\u00fas.<\/p>\n<p>Fuente: http:\/\/www.resumenlatinoamericano.org\/2017\/06\/04\/numerosos-firmantes-reune-una-declaracion-de-la-redh-que-responde-a-un-texto-de-izquierda-opositores-al-proceso-bolivariano\/<\/p>\n<p><img loading=\"lazy\" decoding=\"async\" src=\"..\/documentos\/articulos\/10423\/html\/images\/data\" width=\"2\" height=\"2\" name=\"Objeto12\" align=\"bottom\" \/><\/p>\n","protected":false},"excerpt":{"rendered":"<p>\u00a0<\/p>\n<p style='margin-left: 0.2cm; margin-bottom: 0.2cm; line-height: 150%;' align='justify'>\n<p style='margin-left: 0.2cm; margin-bottom: 0.2cm; line-height: 150%;' align='justify'>Respuesta al comunicado de intelectuales contra el proceso bolivariano de Venezuela<\/p>\n<p style='margin-left: 0.2cm; margin-bottom: 0.2cm; line-height: 150%;' align='justify'>Bajo la impl\u00edcita formula del \u201cyo acuso\u201d y unas horas antes de la reuni\u00f3n de la OEA en la que se discutir\u00eda nuevamente la intervenci\u00f3n en Venezuela, m\u00e1s de una centena de intelectuales y acad\u00e9micos latinoamericanos, europeos y norteamericanos, firmaron recientemente una solicitada titulada \u201cLlamado internacional urgente a detener la escalada de violencia en Venezuela\u201d. Dicha solicitada constituye toda una declaraci\u00f3n de principios de su posici\u00f3n respecto a la coyuntura bolivariana, elaborando diagn\u00f3sticos, atribuyendo responsabilidades, y prescribiendo una salida a la crisis que tiene lugar en el pa\u00eds caribe\u00f1o.<\/p>\n","protected":false},"author":9,"featured_media":3403,"comment_status":"open","ping_status":"open","sticky":false,"template":"","format":"standard","meta":{"footnotes":""},"categories":[34],"tags":[],"class_list":["post-3402","post","type-post","status-publish","format-standard","has-post-thumbnail","hentry","category-venezuela"],"aioseo_notices":[],"_links":{"self":[{"href":"https:\/\/espai-marx.net\/index.php?rest_route=\/wp\/v2\/posts\/3402","targetHints":{"allow":["GET"]}}],"collection":[{"href":"https:\/\/espai-marx.net\/index.php?rest_route=\/wp\/v2\/posts"}],"about":[{"href":"https:\/\/espai-marx.net\/index.php?rest_route=\/wp\/v2\/types\/post"}],"author":[{"embeddable":true,"href":"https:\/\/espai-marx.net\/index.php?rest_route=\/wp\/v2\/users\/9"}],"replies":[{"embeddable":true,"href":"https:\/\/espai-marx.net\/index.php?rest_route=%2Fwp%2Fv2%2Fcomments&post=3402"}],"version-history":[{"count":0,"href":"https:\/\/espai-marx.net\/index.php?rest_route=\/wp\/v2\/posts\/3402\/revisions"}],"wp:featuredmedia":[{"embeddable":true,"href":"https:\/\/espai-marx.net\/index.php?rest_route=\/wp\/v2\/media\/3403"}],"wp:attachment":[{"href":"https:\/\/espai-marx.net\/index.php?rest_route=%2Fwp%2Fv2%2Fmedia&parent=3402"}],"wp:term":[{"taxonomy":"category","embeddable":true,"href":"https:\/\/espai-marx.net\/index.php?rest_route=%2Fwp%2Fv2%2Fcategories&post=3402"},{"taxonomy":"post_tag","embeddable":true,"href":"https:\/\/espai-marx.net\/index.php?rest_route=%2Fwp%2Fv2%2Ftags&post=3402"}],"curies":[{"name":"wp","href":"https:\/\/api.w.org\/{rel}","templated":true}]}}