{"id":3411,"date":"2017-06-20T00:00:00","date_gmt":"2017-06-20T00:00:00","guid":{"rendered":"https:\/\/espai-marx.net\/?p=3411"},"modified":"2020-02-15T09:01:58","modified_gmt":"2020-02-15T08:01:58","slug":"l-euro-no-es-necessari-i-es-contraproduent","status":"publish","type":"post","link":"https:\/\/espai-marx.net\/?p=3411","title":{"rendered":"L&#8217;euro no \u00e9s necessari i \u00e9s contraproduent"},"content":{"rendered":"<p><a name=\"_GoBack\"><\/a> Com ha estat assenyalat, un dels arguments est\u00e0ndards per justificar la introducci\u00f3 de l&#8217;euro i la Uni\u00f3 Econ\u00f2mica i Monet\u00e0ria va ser que la inestabilitat en els tipus de canvi afectaria negativament el comer\u00e7 entre els pa\u00efsos del mercat com\u00fa. Per\u00f2, en canvi, una uni\u00f3 monet\u00e0ria entre Canad\u00e0 i els Estats Units no s&#8217;ha considerat mai seriosament, tot i que les relacions comercials entre aquests dos pa\u00efsos s\u00f3n les relacions comercials bilaterals m\u00e9s importants de tot el m\u00f3n.<\/p>\n<p>El fet que el comer\u00e7 entre el Canad\u00e0 i els Estats Units (com el que hi ha entre Austr\u00e0lia i Nova Zelanda) continu\u00ef produint-se, aparentment amb \u00e8xit, utilitzant les seves pr\u00f2pies monedes, ens demostra que, des d&#8217;un punt de vista emp\u00edric, l&#8217;evid\u00e8ncia que els canvis en els valors de les monedes perjudiquen el comer\u00e7 est\u00e0 lluny de ser certa i convincent.<\/p>\n<p>En definitiva, a partir d&#8217;aquests exemples, es pot dir amb claredat que un mercat \u00fanic no requereix necess\u00e0riament una moneda \u00fanica. Al contrari, com s&#8217;ha vist, l&#8217;exist\u00e8ncia d&#8217;una moneda \u00fanica es pot convertir en contraproduent per al desenvolupament del mercat \u00fanic. Alguns pa\u00efsos han de fer devaluacions internes (austeritat, rebaixes de salaris i drets socials, retallades de serveis p\u00fablics, etc\u00e8tera) que suposen una amplificaci\u00f3 dels xocs i les difer\u00e8ncies asim\u00e8triques entre els pa\u00efsos i, per tant, dificulten el desenvolupament del mercat \u00fanic.<\/p>\n<p>Els responsables de la integraci\u00f3 econ\u00f2mica d&#8217;alguns pa\u00efsos europeus semblen m\u00e9s conscients que els l\u00edders europeus de qu\u00e8 for\u00e7ar la integraci\u00f3 m\u00e9s enll\u00e0 dels l\u00edmits que les persones estan disposades a acceptar, com a ciutadans o com a votants, pot tenir molts riscos.<\/p>\n<p>D&#8217;altra banda, pensar que per poder sobreviure i ser competitius els pa\u00efsos han de ser cada cop m\u00e9s grans no t\u00e9 cap justificaci\u00f3 econ\u00f2mica i va en contra del que ens diu l&#8217;experi\u00e8ncia emp\u00edrica i hist\u00f2rica: nom\u00e9s ens cal considerar, per exemple, els casos dels pa\u00efsos n\u00f2rdics, Su\u00efssa, Corea del Sud, etc\u00e8tera.<\/p>\n<p>La profunditat de la crisi econ\u00f2mica justifica, la cada vegada m\u00e9s estesa opini\u00f3, que la integraci\u00f3 europea ha anat massa lluny, molt especialment pel que fa al m\u00e8tode seguit: una uni\u00f3 en la que la q\u00fcesti\u00f3 important \u00e9s el proc\u00e9s per fer la integraci\u00f3 (i no els seus resultats), o b\u00e9 les institucions i les lleis de la Uni\u00f3 Europea (i no les persones i els pobles). Cal ser conscients que, malgrat la globalitzaci\u00f3 i la integraci\u00f3 regional, els estats naci\u00f3 continuen (i continuaran) essent vitalment importants. Per tant, els intents actuals de resoldre la crisi que es viu a la Uni\u00f3 Econ\u00f2mica i Monet\u00e0ria i a l&#8217;euro tot reduint la autonomia dels governs nacionals elegits democr\u00e0ticament est\u00e0, molt probablement, abocada al frac\u00e0s.<\/p>\n<p>La Uni\u00f3 Europea existent es basa en una compet\u00e8ncia econ\u00f2mica forassenyada, en la compressi\u00f3 dels salaris i la destrucci\u00f3 de la demanda interna, en les rebaixes de l&#8217;estat del benestar i en els drets dels treballadors i de les persones, i ens porta a mesures d&#8217;austeritat que agreugen encara m\u00e9s la crisi.<\/p>\n<p>El problema a la Uni\u00f3 Europea i a la zona euro no \u00e9s tant l&#8217;exist\u00e8ncia de possibles xocs asim\u00e8trics conjunturals entre els pa\u00efsos, tot i que est\u00e0 clar que n&#8217;existeixen, com el fet que aquests pa\u00efsos tenen unes estructures asim\u00e8triques molt pronunciades. Unes estructures asim\u00e8triques diverses degut a les seves importants difer\u00e8ncies hist\u00f2riques, culturals, institucionals, en les dotacions de capital f\u00edsic, tecnol\u00f2gic o hum\u00e0, etc\u00e8tera. Aquestes difer\u00e8ncies expliquen, almenys en part important, les dificultats de la integraci\u00f3 europea i, en particular, en l&#8217;\u00e0mbit pol\u00edtic.<\/p>\n<p><strong>Font:<\/strong> <a href=\"https:\/\/directa.cat\/leuro-no-es-necessari-es-contraproduent\">https:\/\/directa.cat\/leuro-no-es-necessari-es-contraproduent<\/a><\/p>\n","protected":false},"excerpt":{"rendered":"<p class='MsoNormal' style='margin-bottom: 18.0pt; text-align: justify; line-height: 14.4pt; background: white;'>La Uni\u00f3 Europea existent es basa en una compet\u00e8ncia econ\u00f2mica forassenyada, en la compressi\u00f3 dels salaris i la destrucci\u00f3 de la demanda interna, en les rebaixes de l&#8217;estat del benestar i en els drets dels treballadors i de les persones, i ens porta a mesures d&#8217;austeritat que agreugen encara m\u00e9s la crisi.<\/p>\n","protected":false},"author":9,"featured_media":3412,"comment_status":"open","ping_status":"open","sticky":false,"template":"","format":"standard","meta":{"footnotes":""},"categories":[13],"tags":[],"class_list":["post-3411","post","type-post","status-publish","format-standard","has-post-thumbnail","hentry","category-la-izquierda-a-debate"],"aioseo_notices":[],"_links":{"self":[{"href":"https:\/\/espai-marx.net\/index.php?rest_route=\/wp\/v2\/posts\/3411","targetHints":{"allow":["GET"]}}],"collection":[{"href":"https:\/\/espai-marx.net\/index.php?rest_route=\/wp\/v2\/posts"}],"about":[{"href":"https:\/\/espai-marx.net\/index.php?rest_route=\/wp\/v2\/types\/post"}],"author":[{"embeddable":true,"href":"https:\/\/espai-marx.net\/index.php?rest_route=\/wp\/v2\/users\/9"}],"replies":[{"embeddable":true,"href":"https:\/\/espai-marx.net\/index.php?rest_route=%2Fwp%2Fv2%2Fcomments&post=3411"}],"version-history":[{"count":0,"href":"https:\/\/espai-marx.net\/index.php?rest_route=\/wp\/v2\/posts\/3411\/revisions"}],"wp:featuredmedia":[{"embeddable":true,"href":"https:\/\/espai-marx.net\/index.php?rest_route=\/wp\/v2\/media\/3412"}],"wp:attachment":[{"href":"https:\/\/espai-marx.net\/index.php?rest_route=%2Fwp%2Fv2%2Fmedia&parent=3411"}],"wp:term":[{"taxonomy":"category","embeddable":true,"href":"https:\/\/espai-marx.net\/index.php?rest_route=%2Fwp%2Fv2%2Fcategories&post=3411"},{"taxonomy":"post_tag","embeddable":true,"href":"https:\/\/espai-marx.net\/index.php?rest_route=%2Fwp%2Fv2%2Ftags&post=3411"}],"curies":[{"name":"wp","href":"https:\/\/api.w.org\/{rel}","templated":true}]}}