{"id":3432,"date":"2017-07-11T00:00:00","date_gmt":"2017-07-11T00:00:00","guid":{"rendered":"https:\/\/espai-marx.net\/?p=3432"},"modified":"2020-02-15T08:46:36","modified_gmt":"2020-02-15T07:46:36","slug":"rompiendo-barreras-construyendo-realidades","status":"publish","type":"post","link":"https:\/\/espai-marx.net\/?p=3432","title":{"rendered":"Rompiendo barreras, construyendo realidades"},"content":{"rendered":"<p style=\"font-style: normal; font-weight: normal; line-height: 150%; widows: 2; orphans: 2;\" align=\"JUSTIFY\">Algunos se preguntan al leerme que c\u00f3mo es posible que un tipo sin estudios superiores y que, encima, se ha criado en las Palomeras de \u2018Vallekas\u2019 sea capaz de juntar letras dot\u00e1ndolas de m\u00e1s o menos sentido. Bueno, si tenemos en cuenta la criminalizaci\u00f3n a la que es sometida la juventud de nuestros barrios podemos llegar a comprender su sorpresa. Una juventud que, tras ser segregada y marginada con unas condiciones materiales de vida que imposibilitan su desarrollo cultural, es sometida al escarnio y a la burla en los medios de comunicaci\u00f3n. As\u00ed pues, como dec\u00eda, asumimos ese clasismo merit\u00f3crata y peque\u00f1oburgu\u00e9s que se asombra ante un \u2018vallekano\u2019 que escribe (casi) sin faltas de ortograf\u00eda como la reacci\u00f3n l\u00f3gica a una propaganda que educa a las masas en la desconfianza y el desprecio hacia el que no tiene m\u00e1s propiedad que sus manos y su prole.<\/p>\n<p style=\"font-style: normal; font-weight: normal; line-height: 150%; widows: 2; orphans: 2;\" align=\"JUSTIFY\">Pero existe otro clasismo contra los y las obreras que es muy consciente de su posici\u00f3n, insultante, prepotente, que se regocija en su condescendencia y muestra medias sonrisas de cinismo mientras niega, con toda la seguridad y la serenidad que la barrera cultural que ha construido entre su mundo de privilegios y nuestro mundo de miserias le conceden, que j\u00f3venes como yo seamos siquiera capaces de escribir, as\u00ed, de escribir en general. Lo que sucede es que por mucho que se esfuercen no pueden evitar que nos percatemos del verdadero motivo de su cerril reacci\u00f3n: les aterroriza la sola idea que les ronda la mente cuando nos leen, la idea de que las masas trabajadoras vuelvan a empu\u00f1ar el arma de la cultura y del conocimiento en aras de la emancipaci\u00f3n.<\/p>\n<p style=\"font-style: normal; font-weight: normal; line-height: 150%; widows: 2; orphans: 2;\" align=\"JUSTIFY\">Y s\u00ed, claro que hay cosas que sabemos aunque no sepamos c\u00f3mo expresarlo, pero si algo sabemos es que ellos lo saben. Saben que no es f\u00e1cil comprender las injusticias y dotarse de argumentos para desmontar sus mentiras cuando el desempleo, la violencia, las drogas, la frustraci\u00f3n y la precariedad no dejan lugar para la cultura, para su desarrollo. Y es por eso que les tiemblan las entra\u00f1as cuando ven que donde tendr\u00eda que haber un lumpen hay un obrero concienciado, organizado, y hasta se sienten ultrajados, como si la cultura y el inter\u00e9s por la vida p\u00fablica estuviesen reservados a la \u00e9lite fija de intelectuales burgueses a la que ellos, irremediable e indiscutiblemente, pertenecen, claro. Ellos, dotados de los mejores medios y de las mejores condiciones para el estudio, pero ajenos a la realidad de la mayor\u00eda social, esa que se vive en el tajo, en el banco del parque, en la cola de la fruter\u00eda, sabr\u00e1n mejor que nadie lo que nos conviene a cada uno. Y es por eso tambi\u00e9n que se sienten vencedores, satisfechos, cuando se \u2018ajustan\u2019 los colegios e institutos de nuestros barrios, cuando se despide a un profesor y se contrata a un polic\u00eda, cuando la hija del obrero abandona la universidad.<\/p>\n<p style=\"font-style: normal; font-weight: normal; line-height: 150%; widows: 2; orphans: 2;\" align=\"JUSTIFY\">Sin embargo, nos subestiman. Olvidan que ante su perverso y codicioso plan para degenerar nuestras condiciones laborales se encuentran los tormentos y las injusticias que determinan la vida de nuestra clase, tormentos e injusticias de donde surgen uno tras otro los conflictos, y ante estos te defiendes buscando respuestas. Respuestas que el que es ajeno a nuestra realidad no podr\u00e1 darnos, respuestas que se encuentran en las experiencias que otros ya plasmaron, en la capacidad de algunos de nuestros iguales para arrojar algo de luz cuando nos parece que todo est\u00e1 a oscuras, en lugares y fuentes del conocimiento, de la cultura, mucho m\u00e1s poderosos que todas sus riquezas juntas.<\/p>\n<p style=\"font-style: normal; font-weight: normal; line-height: 150%; widows: 2; orphans: 2;\" align=\"JUSTIFY\">Hace mucho que alguien escribi\u00f3 que el obrero est\u00e1 m\u00e1s necesitado de respeto que de pan, as\u00ed que no se sorprendan, no se lleven a enga\u00f1o, no soy yo el que escribe, es la necesidad de toda una generaci\u00f3n.<\/p>\n","protected":false},"excerpt":{"rendered":"<p style='line-height: 150%;' align='JUSTIFY'>Algunos se preguntan al\u00a0leerme que c\u00f3mo es posible que un tipo sin estudios superiores y que, encima, se ha criado en las Palomeras de \u2018Vallekas\u2019 sea capaz de juntar letras dot\u00e1ndolas de m\u00e1s o menos sentido. Bueno, si tenemos en cuenta la criminalizaci\u00f3n a la que es sometida la juventud de nuestros barrios podemos llegar a comprender su sorpresa. Una juventud que, tras ser segregada y marginada con unas condiciones materiales de vida que imposibilitan su desarrollo cultural, es sometida al escarnio y a la burla en los medios de comunicaci\u00f3n. As\u00ed pues, como dec\u00eda, asumimos ese clasismo merit\u00f3crata y peque\u00f1oburgu\u00e9s que se asombra ante un \u2018vallekano\u2019 que escribe (casi) sin faltas de ortograf\u00eda como la reacci\u00f3n l\u00f3gica a una propaganda que educa a las masas en la desconfianza y el desprecio hacia el que no tiene m\u00e1s propiedad que sus manos y su prole.<\/p>\n","protected":false},"author":9,"featured_media":3433,"comment_status":"open","ping_status":"open","sticky":false,"template":"","format":"standard","meta":{"footnotes":""},"categories":[15],"tags":[],"class_list":["post-3432","post","type-post","status-publish","format-standard","has-post-thumbnail","hentry","category-materiales-para-la-refundacion-comunista"],"aioseo_notices":[],"_links":{"self":[{"href":"https:\/\/espai-marx.net\/index.php?rest_route=\/wp\/v2\/posts\/3432","targetHints":{"allow":["GET"]}}],"collection":[{"href":"https:\/\/espai-marx.net\/index.php?rest_route=\/wp\/v2\/posts"}],"about":[{"href":"https:\/\/espai-marx.net\/index.php?rest_route=\/wp\/v2\/types\/post"}],"author":[{"embeddable":true,"href":"https:\/\/espai-marx.net\/index.php?rest_route=\/wp\/v2\/users\/9"}],"replies":[{"embeddable":true,"href":"https:\/\/espai-marx.net\/index.php?rest_route=%2Fwp%2Fv2%2Fcomments&post=3432"}],"version-history":[{"count":0,"href":"https:\/\/espai-marx.net\/index.php?rest_route=\/wp\/v2\/posts\/3432\/revisions"}],"wp:featuredmedia":[{"embeddable":true,"href":"https:\/\/espai-marx.net\/index.php?rest_route=\/wp\/v2\/media\/3433"}],"wp:attachment":[{"href":"https:\/\/espai-marx.net\/index.php?rest_route=%2Fwp%2Fv2%2Fmedia&parent=3432"}],"wp:term":[{"taxonomy":"category","embeddable":true,"href":"https:\/\/espai-marx.net\/index.php?rest_route=%2Fwp%2Fv2%2Fcategories&post=3432"},{"taxonomy":"post_tag","embeddable":true,"href":"https:\/\/espai-marx.net\/index.php?rest_route=%2Fwp%2Fv2%2Ftags&post=3432"}],"curies":[{"name":"wp","href":"https:\/\/api.w.org\/{rel}","templated":true}]}}