{"id":3435,"date":"2017-07-17T00:00:00","date_gmt":"2017-07-17T00:00:00","guid":{"rendered":"https:\/\/espai-marx.net\/?p=3435"},"modified":"2020-02-15T08:44:59","modified_gmt":"2020-02-15T07:44:59","slug":"alternativas-al-sistema-euro-y-a-la-via-de-desarrollo-de-la-ue","status":"publish","type":"post","link":"https:\/\/espai-marx.net\/?p=3435","title":{"rendered":"Alternativas al Sistema euro y a la v\u00eda de desarrollo de la UE"},"content":{"rendered":"<p><a name=\"_GoBack\"><\/a> <b>Intervenci\u00f3n de Inge H\u00f6ger<\/b>, diputada al Bundestag por Die Linke en la \u201cJornada sobre la alternativas al sistema euro y a la UE neoliberal (<i><b>Tagung der AKL \u00fcber Alternativen zum Eurosystem und zur neoliberalen EU<\/b><\/i><b>)<\/b>\u201d organizadas por Die Antikapitalistische Linke (AKL) el 28 de enero de 2017 y celebrada en D\u00fcsseldorf, bajo el lema \u201c\u00a1Por una liquidaci\u00f3n coordinada del euro y la ruptura con la UE neoliberal!\u201d<\/p>\n<p>La UE se encuentra sumida en una profunda crisis \u2013 en cada vez m\u00e1s pa\u00edses miembro crece la idea de que con esta UE ning\u00fan estado tiene posibilidades de crecimiento.<\/p>\n<p>La decisi\u00f3n mayoritaria de la poblaci\u00f3n brit\u00e1nica por la salida de la UE y la toma de posesi\u00f3n de Donald Trump agravan las condiciones. Theresa May aprovech\u00f3 justamente su primera visita a los EE.UU para profundizar las buenas relaciones comerciales con EE.UU, luego del Brexit. Donald Trump ha afectado a la UE y especialmente a las exportaciones alemanas con su anuncio de establecer aranceles proteccionistas. Desde hace varias d\u00e9cadas los EE.UU sufren un enorme d\u00e9ficit de la balanza comercial. Trump se ha comprometido a revertir esta situaci\u00f3n. Las exportaciones alemanas se ver\u00edan especialmente afectadas. Su elevado y continuo super\u00e1vit de exportaci\u00f3n deber\u00e1 orientarse a otros pa\u00edses. Durante un largo per\u00edodo cobraron impulso las exportaciones alemanas fuera de la zona euro y de la UE. Mientras tanto las exportaciones a los pa\u00edses miembros de la UE cayeron del 46,5% en 1995 al 36,5% en 2015. Esa ca\u00edda de las importaciones se verifica especialmente en los pa\u00edses del sud de Europa a causa de las pol\u00edticas de austeridad y el rescate bancario y tambi\u00e9n por el cierre del mercado ruso debido a las sanciones. De este modo EE.UU se transform\u00f3 en mayor comprador de productos alemanes, y en el tercer lugar se encontraba Gran Breta\u00f1a. Por esa raz\u00f3n no s\u00f3lo los anuncios de Trump sino tambi\u00e9n el Brexit representan un duro golpe para la econom\u00eda alemana.<\/p>\n<p>La respuesta de la UE tanto a la evoluci\u00f3n de la crisis como a los desaf\u00edos actuales ha consistido en la formulaci\u00f3n de sus agresivas demandas en el \u00e1mbito econ\u00f3mico y geopol\u00edtico. Por cierto, hasta ahora la UE no ha alcanzado su objetivo, transformarse en el m\u00e1s potente espacio econ\u00f3mico a nivel mundial, ampliando el libre comercio en un espacio econ\u00f3mico com\u00fan con el resto del mundo y tambi\u00e9n con EE.UU y Canad\u00e1. El CETA fue aprobado hace unos d\u00edas pese a las masivas movilizaciones de la sociedad civil ante la Comisi\u00f3n de Comercio del Parlamento Europeo. Si Trump se manifiesta ahora contra el libre comercio, celebrando una ruptura de la UE y amenazando a la industria automovil\u00edstica alemana con barreras arancelarias, es tambi\u00e9n especialmente una amenaza a la industria alemana, la que ha sometido al espacio europeo en beneficio de su pol\u00edtica comercial expansiva.<\/p>\n<p>La respuesta del presidente de la Comisi\u00f3n, Junker, y de las instituciones de la UE consiste en una mayor centralizaci\u00f3n de la pol\u00edtica de la UE mediante un ministerio de Asuntos Exteriores propio, el refuerzo la cooperaci\u00f3n en seguridad y defensa y la constituci\u00f3n de un ej\u00e9rcito europeo, as\u00ed como asegurar las fronteras exteriores contra los efectos del libre comercio y de la guerra en forma de refugiados.<\/p>\n<p>En Alemania desde hace tiempo se persigue la idea de una UE de dos velocidades, con un n\u00facleo formado por las econom\u00edas m\u00e1s fuertes y una periferia constituida por los pa\u00edses miembro m\u00e1s d\u00e9biles. Esta va a ser desde hace tiempo la posici\u00f3n de la CDU, pero actualmente la ha tra\u00eddo a colaci\u00f3n el ministro de Relaciones Exteriores del SPD, Sigmar Gabriel. El SPD ha elegido como nuevo candidato a la Canciller\u00eda al ex-presidente del parlamento europeo quien en conexi\u00f3n con esta cuesti\u00f3n est\u00e1 a favor del fortalecimiento de la UE.<\/p>\n<p>La UE debe reorganizarse de acuerdo con los intereses del imperialismo alem\u00e1n a pesar de todas las fracturas. Para a elite dominante es precisamente la tarea m\u00e1s importante despu\u00e9s del Brexit y la llegada de Trump a la presidencia de los EE.UU. No podemos prever que como acabar\u00e1 este proceso. Pero est\u00e1 claro que la UE no se romper\u00e1 f\u00e1cilmente como consecuencia de sus contradicciones internas.<\/p>\n<p>Tenemos que hacer ya que cambien las relaciones a favor los intereses de la clase obrera, de los asalariados y desempleados, estudiantes y pensionistas. Esta es una tarea central para un partido de izquierdas en Europa.<\/p>\n<p>DIE LINKE en Renania del Norte-Westfalia ha se\u00f1alado en su programa para las elecciones al parlamento de este estado que:<\/p>\n<p>\u201cEl capital alem\u00e1n domina el espacio europeo, tanto econ\u00f3mica como pol\u00edticamente. En pa\u00edses como Grecia, Italia, Portugal e incluso Francia conduce ese dominio a una acelerada desindustrializaci\u00f3n\u2026 El denominado paquete de rescate europeo no era m\u00e1s que ayuda financiera para los bancos. Los trabajadores deben pagar mediante una mayor explotaci\u00f3n los est\u00e1ndares sociales y las infraestructuras en todos los pa\u00edses de la UE.<\/p>\n<p>Nos solidarizamos con las luchas de los asalariados en Alemania, Grecia, Italia, Espa\u00f1a y los dem\u00e1s pa\u00edses. En lugar de una pol\u00edtica favorable a las empresas, nosotros abogamos por una pol\u00edtica a favor de la mejora social y ecol\u00f3gica. Queremos junto a los afectados por las pol\u00edticas de empobrecimiento de la UE actuar con \u00e9xito contra las pol\u00edticas de austeridad. Se debe mostrar que el euro es incompatible con la igualdad social, por lo que la ruptura con el euro no debe ser ning\u00fan tab\u00fa. Los pa\u00edses que deseen abandonar el euro para lograr una pol\u00edtica social y econ\u00f3mica progresiva, pueden contar con nuestra solidaridad\u2026\u201d<\/p>\n<p>DIE LINKE en Renania del Norte-Westfalia ha dejado claro que apoya la lucha de los trabajadores en otros pa\u00edses si se liberan de la camisa de fuerza del euro y est\u00e1n dispuestos a establecer la soberan\u00eda monetaria. Precisamente por ello necesitan nuestra solidaridad y debemos abogar por un cambio en las relaciones.<\/p>\n<p>El programa contin\u00faa diciendo:<\/p>\n<p>\u201cEl actual r\u00e9gimen del euro, o sea la uni\u00f3n monetaria con las instituciones y normas vinculantes del Eurosistema-BCE es incompatible con un desarrollo social y democr\u00e1tico de Europa. DIE LINKE est\u00e1 por esa raz\u00f3n preparada para cuestionar el euro como moneda \u00fanica\u201d.<\/p>\n<p>Si queremos modificar la pol\u00edtica neoliberal dominante, debemos cuestionar el sistema euro. Como izquierda no podemos someternos a una pretendida moneda neutral. De la investigaci\u00f3n de Martin H\u00f6pner y Paul Steinhardt hemos aprendido que un nuevo comienzo desde la izquierda no se puede realizar bajo las reglas de la UE. Tambi\u00e9n que es necesaria una ruptura consensuada del euro, para posibilitar una pol\u00edtica monetaria aut\u00f3noma destinada a programas de inversi\u00f3n contra la desindustrializaci\u00f3n y los recortes sociales. En caso contrario amenaza una liquidaci\u00f3n desordenada del sistema euro. El ejemplo de Grecia ha demostrado que la UE y sus estrictas instituciones y normas en la zona euro no permiten ninguna posibilidad de un desarrollo aut\u00f3nomo. Merkel y Sch\u00e4uble han impuesto al gobierno izquierdista de Syriza un duro programa de austeridad, como lo ha hecho con los gobiernos precedentes. S\u00f3lo con la salida del euro unida a medidas para un desarrollo aut\u00f3nomo ser\u00eda posible otra pol\u00edtica contra los bancos y las empresas: la toma de posesi\u00f3n del Banco Central junto al control de la circulaci\u00f3n de capitales, la socializaci\u00f3n de las principales ramas industriales y de los servicios p\u00fablicos.<\/p>\n<p>Como LINKE debemos apoyar todas las posibilidades que confrontan con el poder del capital en la UE y naturalmente especialmente el poder de los capitales alemanes y de la industria exportadora alemana. El enemigo principal se encuentra en nuestro pa\u00eds y el capital alem\u00e1n extrae su fuerza en primer lugar de los trabajadores alemanes mediante los recortes sociales y la expansi\u00f3n de sectores de bajos salarios. Luchamos en Alemania a favor del aumento salarial y el sostenimiento y ampliaci\u00f3n de los servicios p\u00fablicos.<\/p>\n<p>Con ese fin son necesarias movilizaciones masivas, pero tambi\u00e9n la denuncia de los tratados de Maastricht y Lisboa. Queremos una modificaci\u00f3n de las relaciones sociales de fuerza con el objetivo de erigir un socialismo democr\u00e1tico. Cada debilitaci\u00f3n del poder del capital mejora nuestras condiciones de lucha. Por esa raz\u00f3n nos posicionamos solidariamente al lado de los partidos de izquierdas en otros pa\u00edses de la UE que resisten las pol\u00edticas de austeridad. Se tara de desarrollar alternativas al modelo de integraci\u00f3n neoliberal de la UE. Una liquidaci\u00f3n ordenada de la zona euro es una precondici\u00f3n para el cambio social en los diferentes pa\u00edses.<\/p>\n<p>Un nuevo internacionalismo de izquierdas solo es posible sobre la base de una econom\u00eda nacional soberana. La UE con sus tratados y constituci\u00f3n no deja ning\u00fan espacio para un desarrollo democr\u00e1tico, comprometida con las fracciones dominantes del capital, el mercado y la competencia, el parlamento europeo no tienen ninguna competencia, las decisiones son adoptadas a nivel de los gobiernos nacionales, la Comisi\u00f3n Europea y las instituciones<\/p>\n<p>Una salida del euro y de la UE dar\u00e1 la posibilidad \u2013no la seguridad- de una perspectiva anticapitalista. Los economistas de izquierdas han elaborado programas y perspectivas para ese paso y posibilidades, las que muestran que con una salida del euro se produce un desarrollo nacional, le fin de la desindustrializaci\u00f3n, la constituci\u00f3n de una econom\u00eda nacional y el fin de la dependencia de las importaciones. Construyamos un camino para un desarrollo social justo, para un nuevo internacionalismo.<\/p>\n<p><i><b>Publicada en<\/b><\/i><i> <\/i><a href=\"http:\/\/www.antikapitalistische-linke.de\/?p=1822#more-1822\"><i>http:\/\/www.antikapitalistische-linke.de\/?p=1822#more-1822<\/i><\/a><i> (7\/2\/2017)<\/i><\/p>\n","protected":false},"excerpt":{"rendered":"<p class='MsoNormal' style='margin-bottom: 18.0pt; text-align: justify; line-height: 150%;'>Intervenci\u00f3n de Inge H\u00f6ger, diputada al Bundestag por Die Linke en la \u201cJornada sobre la alternativas al sistema euro y a la UE neoliberal (Tagung der AKL \u00fcber Alternativen zum Eurosystem und zur neoliberalen EU)\u201d organizadas por Die Antikapitalistische Linke (AKL) el 28 de enero de 2017 y celebrada en D\u00fcsseldorf, bajo el lema \u201c\u00a1Por una liquidaci\u00f3n coordinada del euro y la ruptura con la UE neoliberal!\u201d<\/p>\n","protected":false},"author":9,"featured_media":3436,"comment_status":"open","ping_status":"open","sticky":false,"template":"","format":"standard","meta":{"footnotes":""},"categories":[42],"tags":[],"class_list":["post-3435","post","type-post","status-publish","format-standard","has-post-thumbnail","hentry","category-europa-europa"],"aioseo_notices":[],"_links":{"self":[{"href":"https:\/\/espai-marx.net\/index.php?rest_route=\/wp\/v2\/posts\/3435","targetHints":{"allow":["GET"]}}],"collection":[{"href":"https:\/\/espai-marx.net\/index.php?rest_route=\/wp\/v2\/posts"}],"about":[{"href":"https:\/\/espai-marx.net\/index.php?rest_route=\/wp\/v2\/types\/post"}],"author":[{"embeddable":true,"href":"https:\/\/espai-marx.net\/index.php?rest_route=\/wp\/v2\/users\/9"}],"replies":[{"embeddable":true,"href":"https:\/\/espai-marx.net\/index.php?rest_route=%2Fwp%2Fv2%2Fcomments&post=3435"}],"version-history":[{"count":0,"href":"https:\/\/espai-marx.net\/index.php?rest_route=\/wp\/v2\/posts\/3435\/revisions"}],"wp:featuredmedia":[{"embeddable":true,"href":"https:\/\/espai-marx.net\/index.php?rest_route=\/wp\/v2\/media\/3436"}],"wp:attachment":[{"href":"https:\/\/espai-marx.net\/index.php?rest_route=%2Fwp%2Fv2%2Fmedia&parent=3435"}],"wp:term":[{"taxonomy":"category","embeddable":true,"href":"https:\/\/espai-marx.net\/index.php?rest_route=%2Fwp%2Fv2%2Fcategories&post=3435"},{"taxonomy":"post_tag","embeddable":true,"href":"https:\/\/espai-marx.net\/index.php?rest_route=%2Fwp%2Fv2%2Ftags&post=3435"}],"curies":[{"name":"wp","href":"https:\/\/api.w.org\/{rel}","templated":true}]}}