{"id":3438,"date":"2017-07-17T00:00:00","date_gmt":"2017-07-17T00:00:00","guid":{"rendered":"https:\/\/espai-marx.net\/?p=3438"},"modified":"2020-02-15T08:45:26","modified_gmt":"2020-02-15T07:45:26","slug":"tesis-sobre-la-actual-crisis-de-la-ue","status":"publish","type":"post","link":"https:\/\/espai-marx.net\/?p=3438","title":{"rendered":"Tesis sobre la actual crisis de la UE"},"content":{"rendered":"<p><b>Intervenci\u00f3n de<\/b> <i><b>Thies Gleiss<\/b><\/i><b>, <\/b>obrero metal\u00fargico, miembro del IG Metall y de Die Linke (portavoz federal de Antikapitalistischen Linken), en la \u201cJornada sobre la alternativas al sistema euro y a la UE neoliberal (<i><strong>Tagung der AKL \u00fcber Alternativen zum Eurosystem und zur neoliberalen EU<\/strong><\/i><strong>)<\/strong>\u201d organizadas por Die Antikapitalistische Linke (AKL) el 28 de enero de 2017 y celebrada en D\u00fcsseldorf, bajo el lema \u201c\u00a1Por una liquidaci\u00f3n coordinada del euro y la ruptura con la UE neoliberal!\u201d<\/p>\n<p>1. La UE no es ninguna \u201cidea de izquierdas\u201d (como es vendida por muchos dirigentes de izquierdas), sino que siempre fue un acuerdo del capital europeo para asegurar sus beneficios y organizar la competencia. En ese acuerdo resonaron siempre los acordes de la Guerra Fr\u00eda y el anticomunismo.<\/p>\n<p>2. El Proyecto capitalista de la UE es el proyecto de dominaci\u00f3n m\u00e1s importante del capital europeo. Est\u00e1 unido a la expectativa de generar un nuevo per\u00edodo prolongado y sostenido de crecimiento, acumulaci\u00f3n de capital y tambi\u00e9n de obtener la aceptaci\u00f3n y legitimaci\u00f3n por parte de la poblaci\u00f3n \u2013porque ello ahora forma parte de la estabilidad.<\/p>\n<p>3. Ese proyecto experiment\u00f3 siempre grandes contradicciones internas. La UE NO es la supresi\u00f3n de la competencia intraeuropea de las empresas, sino el refuerzo de un acuerdo exterior a favor, en cierto modo, de los intereses generales del capital europeo. Sin embargo, el desarrollo de un estado europeo como aparato de esos intereses generales se desarrolla con dificultades en relaci\u00f3n con las necesidades pol\u00edticas.<\/p>\n<p>La UE no ha superado los nacionalismos profundamente arraigados (los que tambi\u00e9n una y otra vez son movilizados por los intereses cortoplacistas de los propios grupos empresariales) y ha tenido que dejar de lado los esfuerzos unitarios en tres campos important\u00edsimos: la pol\u00edtica militar, fiscal y social.<\/p>\n<p>4. Sin embargo, se mantuvo la presi\u00f3n para consolidar la UE. Junto a la presi\u00f3n econ\u00f3mica de la globalizaci\u00f3n de la econom\u00eda y la agudizaci\u00f3n de la competencia mundial, se agrega a partir de 1990 la presi\u00f3n pol\u00edtica (incluyendo la introducci\u00f3n del euro como moneda) para acelerar el proceso de uni\u00f3n para impedir el fracaso de la reunificaci\u00f3n alemana, realizada bajo el signo del capitalismo.<\/p>\n<p>5. Este proyecto de UE, de este modo distorsionado e inmaduro va a ser sin embargo durante casi 10 a\u00f1os un modelo exitoso, ante todo a causa de un casi ilimitado recurso al cr\u00e9dito y al endeudamiento que ha conducido a la expansi\u00f3n de los sectores improductivos.<\/p>\n<p>Con la crisis mundial \u2013tambi\u00e9n sorpresiva para el capital, al menos sorprendente en su profundidad- ha acabado ese modelo exitoso. La UE se debate en una crisis existencial que continua en la actualidad.<\/p>\n<p>6. Esa crisis se relaciona con los elementos nucleares del proyecto UE: la moneda com\u00fan, el euro; la articulaci\u00f3n de unos supuestos intereses unitarios de capital y la construcci\u00f3n de un estado europeo, la eficiencia de las administraciones europeas, las dificultades en el desarrollo de una pol\u00edtica de defensa europea, el insoluble d\u00e9ficit democr\u00e1tico de la UE \u2013en resumen, todos estos factores de crisis- y por \u00faltimo una crisis de legitimaci\u00f3n casi final entre la poblaci\u00f3n europea.<\/p>\n<p>El proyecto del capital europeo se ha transformado en un barril sin fondo, que para la mayor\u00eda de la poblaci\u00f3n no es una promesa, sino que es percibido como una amenaza.<\/p>\n<p>Esta crisis pol\u00edtica de la UE ha conducido a su \u201cp\u00e9rdida de la inocencia\u201d. Respecto a Grecia, Portugal, Espa\u00f1a y otros pa\u00edses la UE ha llevado a cabo una pol\u00edtica criminal, que debe ser detenida mediante la movilizaci\u00f3n de masas y la concientizaci\u00f3n de izquierdas.<\/p>\n<p>7. En esta emergencia los gobiernos europeos y los capitales respectivos han dado un paso atr\u00e1s: han recurrido a priorizar los intereses nacionales y al fomento del respectivo nacionalismo para proteger esas decisiones. En lugar del Himno de la Alegr\u00eda y la bandera de las estrellas de la UE, agitar y venerar los himnos y las banderas nacionales. Se rompieron las principales promesas de los tratados de la UE y se toler\u00f3 su ruptura. Ello fue seguido por el Pacto de Estabilidad; la dictadura de la deuda y de la restricci\u00f3n presupuestaria, las medidas proteccionistas para las industrias nacionales; el Acuerdo de Schengen para impedir la llegada de inmigrantes, etc.<\/p>\n<p>Los grandes ganadores de esa marcha atr\u00e1s fueron el gobierno alem\u00e1n y los capitales alemanes. A partir de ahora en Europa se habla en alem\u00e1n<\/p>\n<p>8. Simult\u00e1neamente durante la crisis se han agudizado los d\u00e9ficits democr\u00e1ticos en la UE. La UE se ha transformado en una combinado bancario y empresarial que, por medio de decretos, acuerdos especiales cerrados en secreto opera con medidas de excepci\u00f3n permanentes. La fuerza impulsora es el gobierno alem\u00e1n.<\/p>\n<p>Ese declive democr\u00e1tico no conoce l\u00edmites. En los hechos las decisiones soberanas adoptadas por los miembros de los parlamentos son ignoradas o consideradas no deseables.<\/p>\n<p>9. En este contexto, y en este orden, los partidos y grupos nacionalistas de derechas en Europa han conseguido, a la vista de todos, devenir el tema del siglo por excelencia. El crecimiento de los partidos de derecha es posible con motivo de la crisis de la UE y de la reacci\u00f3n de sus arquitectos, a menudo incluso impulsados por ellos. Sin embargo, muchos de los partidos de derechas no est\u00e1n contra la UE sino que utilizan su crisis.<\/p>\n<p>Con la gran cantidad de refugiados los gobiernos de la UE han eliminado el \u00faltimo obst\u00e1culo en su retorno al nacionalismo. Trabajan de forma m\u00e1s o menos abierta mano a mano con los ultranacionalistas y racistas, para cerrar la fortaleza Europa a la afluencia masiva de los pobres de todo el planeta.<\/p>\n<p>10. La cr\u00edtica actual de la UE, especialmente desde las izquierdas, no es, por esta raz\u00f3n, ning\u00fan \u201cretorno\u201d al nacionalismo, sino la movilizaci\u00f3n de las fuerzas sociales, las que pueden asestar un golpe mortal al poryecto central del capital europeo.<\/p>\n<p>La cr\u00edtica de las derechas a la UE tampoco es por ese motivo y en el fondo un retorno al nacionalismo, sino la cl\u00e1sica propuesta de las fuerzas peque\u00f1oburguesas, pre-fascistas a la gran burgues\u00eda, de que quieren y pueden manejar la crisis que esta ha generado, de forma m\u00e1s consecuente y brutal.<\/p>\n<p>11. El movimiento de protesta contra la UE, los refer\u00e9ndums en diversos pa\u00edses, incluido el Brexit en Gran Breta\u00f1a, tiene por esa raz\u00f3n tambi\u00e9n un elemento progresivo. Es tarea de las izquierdas reforzar ese elemento de progreso y con esa finalidad participar en los movimientos de oposici\u00f3n a la UE. Ninguno de los movimientos de protesta contra a UE ha aumentado la infkuencia de las derechas y s\u00f3lo pocos han reforzado su fuerza de manera sostenida.<\/p>\n<p>12. A ra\u00edz de este desarrollo es hoy absolutamente evidente que:<\/p>\n<p>-La UE no puede reformarse o democratizarse. Este es el gran error de muchos la izquierda o en DIEM25 y \u201cnuevo pensamiento europeo\u201d.<\/p>\n<p>-La UE tampoco puede \u201crenovarse\u201d mediante un par de modificaciones en los tratados y un sistema monetario con una banda de fluctuaci\u00f3n, como proponen Lafontaine, Flassbeck y otros.<\/p>\n<p>-En lugar de eso, debe detenerse el funcionamiento de la UE y proceder a su liquidaci\u00f3n, porque una ulterior crisis pol\u00edtica de la UE significa mayor miseria. Para ello son necesarias movilizaciones masivas, pero tambi\u00e9n medidas para la supresi\u00f3n de las obligaciones que imponen los tratados de Maastricht y Lisboa.<\/p>\n<p>-Eso podr\u00eda ser una especie de \u201crebeli\u00f3n contra la UE\u201d \u2013 tal como lo formul\u00f3 acertadamente Varoufakis &#8211; de la cual surgieran desde abajo nuevas formas de cooperaci\u00f3n europeas y el contorno de una nueva Europa.<\/p>\n<p>-La izquierda no se puede permitir una actitud \u201cneutral y expectante\u201d de cara a la UE, de acuerdo con el lema \u201cdejadnos reflexionar con calma sobre un nuevo proyecto de UE\u201d. La actual pol\u00edtica de la UE cuesta cada d\u00eda vidas humanas \u2013 en el Mediterr\u00e1neo, en los barrios pobres de las ciudades, en las colonias de facto y en las guerras apoyadas por la UE. Esta pol\u00edtica debe ser detenida.<\/p>\n<p><i><b>Publicada en<\/b><\/i><i> <a href=\"http:\/\/www.antikapitalistische-linke.de\/?p=1811)\">http:\/\/www.antikapitalistische-linke.de\/?p=1811)<\/a><\/i><\/p>\n","protected":false},"excerpt":{"rendered":"<p class='MsoNormal' style='mso-margin-top-alt: auto; margin-bottom: 5.65pt; text-align: justify; line-height: 150%;'>Intervenci\u00f3n de Thies Gleiss, obrero metal\u00fargico, miembro del IG Metall y de Die Linke (portavoz federal de Antikapitalistischen Linken), en la \u201cJornada sobre la alternativas al sistema euro y a la UE neoliberal (Tagung der AKL \u00fcber Alternativen zum Eurosystem und zur neoliberalen EU)\u201d organizadas por Die Antikapitalistische Linke (AKL) el 28 de enero de 2017 y celebrada en D\u00fcsseldorf, bajo el lema \u201c\u00a1Por una liquidaci\u00f3n coordinada del euro y la ruptura con la UE neoliberal!\u201d<\/p>\n","protected":false},"author":9,"featured_media":3439,"comment_status":"open","ping_status":"open","sticky":false,"template":"","format":"standard","meta":{"footnotes":""},"categories":[42,13],"tags":[],"class_list":["post-3438","post","type-post","status-publish","format-standard","has-post-thumbnail","hentry","category-europa-europa","category-la-izquierda-a-debate"],"aioseo_notices":[],"_links":{"self":[{"href":"https:\/\/espai-marx.net\/index.php?rest_route=\/wp\/v2\/posts\/3438","targetHints":{"allow":["GET"]}}],"collection":[{"href":"https:\/\/espai-marx.net\/index.php?rest_route=\/wp\/v2\/posts"}],"about":[{"href":"https:\/\/espai-marx.net\/index.php?rest_route=\/wp\/v2\/types\/post"}],"author":[{"embeddable":true,"href":"https:\/\/espai-marx.net\/index.php?rest_route=\/wp\/v2\/users\/9"}],"replies":[{"embeddable":true,"href":"https:\/\/espai-marx.net\/index.php?rest_route=%2Fwp%2Fv2%2Fcomments&post=3438"}],"version-history":[{"count":0,"href":"https:\/\/espai-marx.net\/index.php?rest_route=\/wp\/v2\/posts\/3438\/revisions"}],"wp:featuredmedia":[{"embeddable":true,"href":"https:\/\/espai-marx.net\/index.php?rest_route=\/wp\/v2\/media\/3439"}],"wp:attachment":[{"href":"https:\/\/espai-marx.net\/index.php?rest_route=%2Fwp%2Fv2%2Fmedia&parent=3438"}],"wp:term":[{"taxonomy":"category","embeddable":true,"href":"https:\/\/espai-marx.net\/index.php?rest_route=%2Fwp%2Fv2%2Fcategories&post=3438"},{"taxonomy":"post_tag","embeddable":true,"href":"https:\/\/espai-marx.net\/index.php?rest_route=%2Fwp%2Fv2%2Ftags&post=3438"}],"curies":[{"name":"wp","href":"https:\/\/api.w.org\/{rel}","templated":true}]}}