{"id":3441,"date":"2017-07-18T00:00:00","date_gmt":"2017-07-18T00:00:00","guid":{"rendered":"https:\/\/espai-marx.net\/?p=3441"},"modified":"2020-02-15T08:44:23","modified_gmt":"2020-02-15T07:44:23","slug":"o-nos-oponemos-al-euro-o-el-euro-se-volvera-contra-nosotros","status":"publish","type":"post","link":"https:\/\/espai-marx.net\/?p=3441","title":{"rendered":"O nos oponemos al euro o el euro se volver\u00e1 contra nosotros"},"content":{"rendered":"<p><a name=\"_GoBack\"><\/a> Queridos amigos de Die Linke,<\/p>\n<p>En nombre del Partido Socialista deseo expresar mi agradecimiento por la invitaci\u00f3n a esta importante conferencia. Es de una gran significaci\u00f3n, ya que el euro y la y los problemas vinculados a la pol\u00edtica actual de la UE afectan a todos los pa\u00edses. Por esta raz\u00f3n deben confluir los partidos de izquierda europeos, para buscar alternativas comunes a la actual crisis monetaria. En Los Pa\u00edses Bajos tendr\u00e1n lugar en marzo las elecciones generales. Por eso el futuro del euro es un tema important\u00edsimo para la pol\u00edtica holandesa.<\/p>\n<p>El Partido Socialista opina que el euro, en su forma actual no puede sostenerse. Esto nos deja, por una parte, a merced de la inacabable crisis de la deuda, pero tambi\u00e9n con la enorme desigualdad de la Eurozona. Desde nuestra perspectiva debemos decidirnos por una supresi\u00f3n controlada del euro o por su colapso incontrolado.<\/p>\n<p>La concepci\u00f3n de la insostenibilidad del euro no es nueva ni original: algunos economistas representan esta opini\u00f3n desde el inicio del euro. Recientemente se ha manifestado en este sentido el Premio Nobel Joseph Stiglitz. Nuevamente experimentamos como los bancos funcionan en medio de dificultades: no s\u00f3lo la Banca Monte dei Paschi de Siena, tambi\u00e9n el tan orgulloso Deutsche Bank amenazan de nuevo con precipitar en el abismo a nuestro sistema econ\u00f3mico; y sabemos que hay que hacer algo.<\/p>\n<p>Casi todo lo que se ha hecho, s\u00f3lo ha exacerbado el da\u00f1o. Hasta ahora los bancos europeos han sido siempre rescatados \u2013 con enormes costes para la deuda p\u00fablica. Debido a la ideolog\u00eda austeritaria dominante en Europa los costes los han tenido que soportar sus ciudadanos. Esto tiene consecuencias devastadoras para la econom\u00eda de los estados miembro y, peor todav\u00eda, grandes dificultades para los pueblos. Podemos observar esa situaci\u00f3n en muchos pa\u00edses de la UE, sobre todo, por supuesto, en Grecia, donde las exigencias de la Troika han obligado a un n\u00famero incre\u00edble de recortes de servicios b\u00e1sicos estatales.<\/p>\n<p>\u00bfC\u00f3mo enfrentamos esta miseria? Entretanto la deuda p\u00fablica griega asciende a casi el 180% del PIB. Creo que nadie en pleno goce de sus facultades espera que esa deuda pueda llegar alguna vez a pagarse. Hace a\u00f1os que tendr\u00edamos que haber comenzado a tratar la cuesti\u00f3n del desendeudamiento. Pero los gobiernos europeos, especialmente el alem\u00e1n y el holand\u00e9s, se mantienen firmes en la mentira de que Grecia pagar\u00e1 sus deudas \u2013en funci\u00f3n de c\u00ednicas razones de pol\u00edtica interna.<\/p>\n<p>Sin embargo, el problema central del euro es el del super\u00e1vit y d\u00e9ficit comercial. El super\u00e1vit comercial de los pa\u00edses del norte de Europa frente a los pa\u00edses del sur es gigantesco. Expresado simplemente: el valor del euro es tan elevado que las econom\u00edas nacionales sure\u00f1as no pueden competir. Eso significa que las empresas exportadoras del norte de Europa se enriquecen mientras las econom\u00edas del sur de Europa se resienten y sus gobiernos se endeudan continuamente.<\/p>\n<p>El super\u00e1vit comercial de los Pa\u00edses Bajos respecto a Italia asciende a 11,4 mil millones de euros, respecto a Espa\u00f1a es de 8,5 mil millones. Entretanto se exporta mozzarella desde el norte de Europa a Italia. Se puede pensar: \u00a1mozzarella a Italia! \u00a1es absurdo! Estamos apresados en un c\u00edrculo vicioso de super\u00e1vit comercial del norte y d\u00e9ficit comercial del sur, el que es compensado con \u201cpr\u00e9stamos\u201d y con la posiblemente ilegal adquisici\u00f3n de deuda p\u00fablica por el BCE. Y as\u00ed sigue.<\/p>\n<p>\u00bfQu\u00e9 podemos hacer? \u00bfC\u00f3mo romper ese c\u00edrculo vicioso? De hecho, hay varios escenarios posibles. Un paso dr\u00e1stico seria que todos los pa\u00edses de Europa se retornaran a sus monedas. Pero no creo que fuera posible o deseable en la actualidad. Alternativamente podr\u00edan algunos pa\u00edses abandonar la Eurozona, voluntaria o involuntariamente. Una salida regulada deber\u00eda ser por lo menos posible, pero ser\u00eda deseable s\u00f3lo con el acuerdo del pa\u00eds afectado, ya que de otro modo podr\u00eda quedar en una dif\u00edcil situaci\u00f3n respecto a los dem\u00e1s pa\u00edses. Otra opci\u00f3n podr\u00eda ser la separaci\u00f3n de varios pa\u00edses constituyendo dos bloques europeos, uno del norte y otro del sur. Esto dar\u00eda a los pa\u00edses del sur de Europa al menos la posibilidad de devaluar una nueva moneda para poder competir con los pa\u00edses del norte.<\/p>\n<p>Sin embargo, ninguno de estos escenarios funcionar\u00e1 sino impulsamos cambios radicales en la pol\u00edtica de la Eurozona. Ante todo, debe haber una anulaci\u00f3n de la deuda para Grecia, pero eventualmente para otros pa\u00edses. En segundo lugar, debe acabar la pol\u00edtica de austeridad para permitir inversiones en la econom\u00eda real, pues tales cambios son mucho m\u00e1s f\u00e1ciles de implementar en los momentos de crecimiento econ\u00f3mico. Para ello el BCE debe estar obligado a rendir cuentas ante los organismos pol\u00edticos de control. Tambi\u00e9n proporcionar\u00eda una mayor autonom\u00eda fiscal a los pa\u00edses europeos el cierre de los para\u00edsos fiscales que que actualmente est\u00e1n siendo utilizadas por grupos multinacionales en Europa para\u00edsos que se encuentran en el centro de la UE, y me da verg\u00fcenza decir esto, son los Pa\u00edses Bajos y Luxemburgo. Sin embargo y ante todo debemos romper con un principio central de la UE, la libre circulaci\u00f3n de capitales. En cuanto un pa\u00eds modificara su estatus en la eurozona, aunque s\u00f3lo fueran rumores, experimentar\u00eda una masiva fuga de capitales hacia otros pa\u00edses de la UE.<\/p>\n<p>Amigos, no tengo ning\u00fan proyecto para la estabilizaci\u00f3n del euro. Muchas de las decisiones que adoptamos dependen de la voluntad de los ciudadanos en los diferentes pa\u00edses de la UE. Pero podemos y debemos, por lo menos, crear las condiciones bajo las cuales sea posible una modificaci\u00f3n ordenada y relativamente indolora de estatus respecto a la zona euro. Si no hacemos nada, no tendremos ninguna alternativa. O nos oponemos al euro o el euro se volver\u00e1 contra nosotros.<\/p>\n<p><a name=\"_Toc484098051\"><\/a><a name=\"_Toc484097730\"><\/a><a name=\"_Toc484097606\"><\/a> <i><b>Publicada en<\/b><\/i><i> <\/i><a href=\"http:\/\/www.antikapitalistische-linke.de\/?p=1840\"><i>http:\/\/www.antikapitalistische-linke.de\/?p=1840<\/i><\/a><i> (6\/2\/2017)<\/i><\/p>\n","protected":false},"excerpt":{"rendered":"<p class='MsoNormal' style='margin-bottom: 18.0pt; text-align: justify; line-height: 150%;'>Intervenci\u00f3n de Frank Futselaar, miembro del Partido Socialista (Pa\u00edses Bajos) (Socialistische Partij, SP) en la \u201cJornada sobre la alternativas al sistema euro y a la UE neoliberal (Tagung der AKL \u00fcber Alternativen zum Eurosystem und zur neoliberalen EU)\u201d organizadas por Die Antikapitalistische Linke (AKL) el 28 de enero de 2017 y celebrada en D\u00fcsseldorf, bajo el lema \u201c\u00a1Por una liquidaci\u00f3n coordinada del euro y la ruptura con la UE neoliberal!\u201d<\/p>\n","protected":false},"author":9,"featured_media":3442,"comment_status":"open","ping_status":"open","sticky":false,"template":"","format":"standard","meta":{"footnotes":""},"categories":[41,13],"tags":[],"class_list":["post-3441","post","type-post","status-publish","format-standard","has-post-thumbnail","hentry","category-europa","category-la-izquierda-a-debate"],"aioseo_notices":[],"_links":{"self":[{"href":"https:\/\/espai-marx.net\/index.php?rest_route=\/wp\/v2\/posts\/3441","targetHints":{"allow":["GET"]}}],"collection":[{"href":"https:\/\/espai-marx.net\/index.php?rest_route=\/wp\/v2\/posts"}],"about":[{"href":"https:\/\/espai-marx.net\/index.php?rest_route=\/wp\/v2\/types\/post"}],"author":[{"embeddable":true,"href":"https:\/\/espai-marx.net\/index.php?rest_route=\/wp\/v2\/users\/9"}],"replies":[{"embeddable":true,"href":"https:\/\/espai-marx.net\/index.php?rest_route=%2Fwp%2Fv2%2Fcomments&post=3441"}],"version-history":[{"count":0,"href":"https:\/\/espai-marx.net\/index.php?rest_route=\/wp\/v2\/posts\/3441\/revisions"}],"wp:featuredmedia":[{"embeddable":true,"href":"https:\/\/espai-marx.net\/index.php?rest_route=\/wp\/v2\/media\/3442"}],"wp:attachment":[{"href":"https:\/\/espai-marx.net\/index.php?rest_route=%2Fwp%2Fv2%2Fmedia&parent=3441"}],"wp:term":[{"taxonomy":"category","embeddable":true,"href":"https:\/\/espai-marx.net\/index.php?rest_route=%2Fwp%2Fv2%2Fcategories&post=3441"},{"taxonomy":"post_tag","embeddable":true,"href":"https:\/\/espai-marx.net\/index.php?rest_route=%2Fwp%2Fv2%2Ftags&post=3441"}],"curies":[{"name":"wp","href":"https:\/\/api.w.org\/{rel}","templated":true}]}}