{"id":3459,"date":"2017-09-05T00:00:00","date_gmt":"2017-09-05T00:00:00","guid":{"rendered":"https:\/\/espai-marx.net\/?p=3459"},"modified":"2020-02-15T08:33:29","modified_gmt":"2020-02-15T07:33:29","slug":"petita-nota-amb-polemica-temperada-sobre-el-centralisme-jacobi","status":"publish","type":"post","link":"https:\/\/espai-marx.net\/?p=3459","title":{"rendered":"Petita nota (amb pol\u00e8mica temperada) sobre el \u00abcentralisme\u00bb jacob\u00ed"},"content":{"rendered":"<p style=\"margin-bottom: 0cm; font-style: normal; font-weight: normal; line-height: 150%; widows: 2; orphans: 2;\" align=\"JUSTIFY\">Zero a l&#8217;esquerra<\/p>\n<p lang=\"ca-ES\" style=\"margin-bottom: 0cm; font-style: normal; font-weight: normal; line-height: 150%; widows: 2; orphans: 2;\" align=\"JUSTIFY\">La cultura hegem\u00f2nica dins del moviment independentista usa el concepte de jacobinisme com a sin\u00f2nim de ferri centralisme i de viol\u00e8ncia i dictadura d\u2019una minoria decidida sobre la majoria.<\/p>\n<p lang=\"ca-ES\" style=\"margin-bottom: 0cm; font-style: normal; font-weight: normal; line-height: 150%; widows: 2; orphans: 2;\" align=\"JUSTIFY\">Aquest mite no es correspon pas ni gens ni mica amb la recerca historiogr\u00e0fica moderna i honesta. A Fran\u00e7a, el centralisme, que ensorrava les seves arrels en la cultura pol\u00edtica del despotisme il\u00b7lustrat propi dels Borbons, fou imposat despr\u00e9s de Thermidor, precisament despr\u00e9s de l\u2019esclafament i de la il\u00b7legalitzaci\u00f3 del jacobins. El centralisme s\u2019accentu\u00e0 durant el primer imperi. Es consolid\u00e0 en l\u2019etapa de la Restauraci\u00f3 borb\u00f2nica i posteriorment en el segon imperi. Se li don\u00e0 un tint \u201cdemocr\u00e0tic\u201d durant la tercera, la quarta i la cinquena rep\u00fabliques.<\/p>\n<p lang=\"ca-ES\" style=\"margin-bottom: 0cm; font-style: normal; font-weight: normal; line-height: 150%; widows: 2; orphans: 2;\" align=\"JUSTIFY\">Al mite del centralisme jacob\u00ed se li afegeix la mentida de que el jacobinisme seria un estatisme exacerbat. Es tracta d\u2019un \u00edtem pol\u00e8mic que serveix als interessos dels vells i dels nous liberalismeS i llibertarisme. Les fronteres antre ambdues cultures pol\u00edtiques corrents \u00e9s t\u00e8nue. Tant t\u00e8nue que el tr\u00e0fec des de el llibertarisme al liberalisme \u00e9s constant. Vegi\u2019s per posar un exemple que no \u00e9s anecd\u00f2tic, el cas de Daniel Cohn-Bendit. Un cas que \u00e9s tota una categoria.<\/p>\n<p lang=\"ca-ES\" style=\"margin-bottom: 0cm; font-style: normal; font-weight: normal; line-height: 150%; widows: 2; orphans: 2;\" align=\"JUSTIFY\">Aix\u00ed doncs aquest mantra del centralisme jacob\u00ed \u00e9s, \u00fanicament, un \u00edtem \u00fatil en la pol\u00e8mica pol\u00edtica, en un pa\u00eds on la ignor\u00e0ncia popular en q\u00fcesti\u00f3 de hist\u00f2ria \u00e9s oce\u00e0nica. Tamb\u00e9 ho \u00e9s la ignor\u00e0ncia dels membres de la nova casta pol\u00edtica com de la vella. I per suposat la dels opinadors, tertulians i creadors de la opini\u00f3 publicada, que no p\u00fablica. Com tants \u00edtems usats i abusats en aquest terreny \u00e9s reductiu, incert i demag\u00f2gic. O sigui, \u00e9s mentida.<\/p>\n<p lang=\"ca-ES\" style=\"margin-bottom: 0cm; font-style: normal; font-weight: normal; line-height: 150%; widows: 2; orphans: 2;\" align=\"JUSTIFY\">Per exemple, en el comble del rid\u00edcul es diu: \u201cL\u2019estat jacob\u00ed constru\u00eft pel franquisme\u201d. O es diu: \u201cEl jacobinisme de Rajoy\u201d o \u201c d\u2019Aznar\u201d o \u201cde Felipe Gonz\u00e1lez\u201d. I qui ho fa no se sol posar vermell de vergonya pel fet de pronunciar estupideses d\u2019aquest tamany. Ben al contrari les pronuncia o les escriu amb la f\u00e0tua autosufici\u00e8ncia de l\u2019ignorant.<\/p>\n<p lang=\"ca-ES\" style=\"margin-bottom: 0cm; font-style: normal; font-weight: normal; line-height: 150%; widows: 2; orphans: 2;\" align=\"JUSTIFY\">L\u2019acceptaci\u00f3 i l\u2019\u00fas per part de l\u2019esquerra independentista d\u2019aquesta fal\u00f2rnia suposadament culta \u00e9s una mostra d\u2019incultura. I tamb\u00e9 de l\u2019hegemonia cultural de la dreta dins d\u2019aquest moviment. A determinats companys d\u2019aquesta esquerra els convindria una mica m\u00e9s de mod\u00e8stia i un mica m\u00e9s d\u2019estudi. Tamb\u00e9 els caldria entendre que una alian\u00e7a amb la classe antag\u00f2nica (possible o incl\u00fas necess\u00e0ria en determinades circumst\u00e0ncies) sols es pot fer sobre la base d\u2019una completa autonomia cultural. Sols es pot fer combatent en tot lloc i moment una lluita ideol\u00f2gica i cultural per a l\u2019hegemonia. En cas contrari, si s\u2019adopta acr\u00edticament el vocabulari que ens imposa l\u2019hegemonia de la classe antag\u00f2nica es corre el seri\u00f3s perill de ser absorbits i usats per la classe antag\u00f2nica i de, sense adonar-se acabant essent cooptats i transformats en el marc d\u2019una revoluci\u00f3 passiva. Es corre el perill de fer de mosques cotxeres.<\/p>\n<p style=\"margin-bottom: 0cm; line-height: 150%; widows: 2; orphans: 2;\" align=\"JUSTIFY\">Pel que fa a un molt determinat sector de l\u2019esquerra no independentista, el seu \u00fas i adopci\u00f3 de la falsa idea del \u201cjacobinisme centralista\u201d com a signe d\u2019identitat propi i com a sin\u00f2nim de democr\u00e0cia i de republicanisme per part de l\u2019esquerra anti-independentista, a tot all\u00f2 que he dit m\u00e9s amunt sobre el companys independentistes, nom\u00e9s afegeixo que la seva postura \u00e9s francament contr\u00e0ria a les idees que Marx, Engels, Lenin o Gramsci sostenien sobre el jacobinisme. En un joc de miralls, amb l\u2019esquerra independentista, aquesta visi\u00f3 del jacobinisme que suposen centralista i estatalista es una prova del seu combregar amb el nacionalisme d\u2019estat i, all\u00f2 que \u00e9s m\u00e9s curi\u00f3s amb un dels dogmes del nacionalisme del proto-estat catal\u00e0. Un indici de la seva supeditaci\u00f3 a la classe antag\u00f2nica. En cap cas l\u2019adopci\u00f3 irreflexiva d\u2019aquesta fal\u00f2rnia anti-hist\u00f2rica i anti democr\u00e0tica servir\u00e0 per a combatre a favor de la uni\u00f3 lliure dels pobles i de l\u2019internacionalisme. En aquest cas es corre el perill de fer de mosques colloneres.<\/p>\n<p lang=\"ca-ES\" style=\"margin-bottom: 0cm; font-style: normal; font-weight: normal; line-height: 150%; widows: 2; orphans: 2;\" align=\"JUSTIFY\">Jo, pobre zero a l\u2019esquerra llegeixo, observo i finalment concloc que mai la cultura pol\u00edtica de les mosques cotxeres ni tampoc la de les mosques colloneres han servit per a combatre a favor de l\u2019hegemonia de les classes subalternes.<\/p>\n","protected":false},"excerpt":{"rendered":"<p style='margin-bottom: 0cm; line-height: 150%;' lang='ca-ES' align='JUSTIFY'>La cultura hegem\u00f2nica dins del moviment independentista usa el concepte de jacobinisme com a sin\u00f2nim de ferri centralisme i de viol\u00e8ncia i dictadura d\u2019una minoria decidida sobre la majoria. Aquest mite no es correspon pas ni gens ni mica amb la recerca historiogr\u00e0fica moderna i honesta.<\/p>\n","protected":false},"author":9,"featured_media":3460,"comment_status":"open","ping_status":"open","sticky":false,"template":"","format":"standard","meta":{"footnotes":""},"categories":[17],"tags":[],"class_list":["post-3459","post","type-post","status-publish","format-standard","has-post-thumbnail","hentry","category-historia"],"aioseo_notices":[],"_links":{"self":[{"href":"https:\/\/espai-marx.net\/index.php?rest_route=\/wp\/v2\/posts\/3459","targetHints":{"allow":["GET"]}}],"collection":[{"href":"https:\/\/espai-marx.net\/index.php?rest_route=\/wp\/v2\/posts"}],"about":[{"href":"https:\/\/espai-marx.net\/index.php?rest_route=\/wp\/v2\/types\/post"}],"author":[{"embeddable":true,"href":"https:\/\/espai-marx.net\/index.php?rest_route=\/wp\/v2\/users\/9"}],"replies":[{"embeddable":true,"href":"https:\/\/espai-marx.net\/index.php?rest_route=%2Fwp%2Fv2%2Fcomments&post=3459"}],"version-history":[{"count":0,"href":"https:\/\/espai-marx.net\/index.php?rest_route=\/wp\/v2\/posts\/3459\/revisions"}],"wp:featuredmedia":[{"embeddable":true,"href":"https:\/\/espai-marx.net\/index.php?rest_route=\/wp\/v2\/media\/3460"}],"wp:attachment":[{"href":"https:\/\/espai-marx.net\/index.php?rest_route=%2Fwp%2Fv2%2Fmedia&parent=3459"}],"wp:term":[{"taxonomy":"category","embeddable":true,"href":"https:\/\/espai-marx.net\/index.php?rest_route=%2Fwp%2Fv2%2Fcategories&post=3459"},{"taxonomy":"post_tag","embeddable":true,"href":"https:\/\/espai-marx.net\/index.php?rest_route=%2Fwp%2Fv2%2Ftags&post=3459"}],"curies":[{"name":"wp","href":"https:\/\/api.w.org\/{rel}","templated":true}]}}