{"id":3464,"date":"2017-09-12T00:00:00","date_gmt":"2017-09-12T00:00:00","guid":{"rendered":"https:\/\/espai-marx.net\/?p=3464"},"modified":"2020-02-15T08:30:57","modified_gmt":"2020-02-15T07:30:57","slug":"carta-a-alfon","status":"publish","type":"post","link":"https:\/\/espai-marx.net\/?p=3464","title":{"rendered":"Carta a Alfon"},"content":{"rendered":"<p>Querido Alfon:<\/p>\n<p>te mandamos esta carta desde el colectivo Espai Marx para transmitirte nuestra solidaridad y nuestro m\u00e1s sincero afecto.<\/p>\n<p>Somos un grupo de compa\u00f1eros comunistas de muy distintas edades y trayectorias militantes, as\u00ed como de distintos puntos del Estado espa\u00f1ol. Nos une la lucha para que una larga tradici\u00f3n hist\u00f3rica de acciones como las que te llevaron a prisi\u00f3n y testimonios escritos como tu &#8216;Rompiendo barreras, construyendo realidades&#8217; del pasado mes de julio se mantengan vivos y no dejen de democratizarse. Tal y como dec\u00edas, la reflexi\u00f3n y el saber no deben ser monopolio burgu\u00e9s, sino una posibilidad al alcance de todos los seres humanos que sirva para ganar capacidad de acci\u00f3n a los explotados. Porque tal y como escrib\u00eda Antonio Gramsci desde la c\u00e1rcel, por desgracia muchos explotados &#8216;no sospechan siquiera que su historia pueda tener alguna importancia y que tenga alg\u00fan valor dejar rastros documentales de ella&#8217;.<\/p>\n<p>Nosotros sabemos que la tarea de comprender en profundidad nuestro propio mundo y organizar alternativas requiere disciplina, estudio, debate y paciencia en medio de una realidad precaria y vertiginosa. Huimos de las l\u00f3gicas electoralistas porque sabemos con humildad que s\u00f3lo somos un granito de arena m\u00e1s en esas luchas y cambios profundos que son de larga duraci\u00f3n. M\u00e1s all\u00e1 de nuestro grupo de debate y de nuestra peque\u00f1a biblioteca, todos nosotros estamos integrados en otras luchas concretas: movimientos vecinales, sindicales, centros sociales&#8230;donde se genera actividad cotidiana contra el capitalismo y nuevas experiencias y lazos comunitarios a partir de los cuales seguir avanzando.<\/p>\n<p>Te dejamos la direcci\u00f3n de nuestra p\u00e1gina web, en la que, siempre que te parezca bien, seguiremos compartiendo tus textos y muchos otros: <a href=\"..\/..\/\/\">https:\/\/espai-marx.net<\/a>. Tambi\u00e9n te dejamos la direcci\u00f3n de nuestra biblioteca digital: <a href=\"http:\/\/www.elsarbresdefahrenheit.net\/ca\/index.php\">http:\/\/www.elsarbresdefahrenheit.net\/ca\/index.php<\/a>.<\/p>\n<p>Si necesitas cualquier cosa al alcance de nuestro colectivo, sean libros o una visita, no dudes en hac\u00e9rnoslo saber. Gracias por tu esfuerzo cotidiano, y un fuerte abrazo de tus compa\u00f1eros de Espai Marx.<\/p>\n","protected":false},"excerpt":{"rendered":"<p>Nosotros sabemos que la tarea de comprender en profundidad nuestro propio mundo y organizar alternativas requiere disciplina, estudio, debate y paciencia en medio de una realidad precaria y vertiginosa. Huimos de las l\u00f3gicas electoralistas porque sabemos con humildad que s\u00f3lo somos un granito de arena m\u00e1s en esas luchas y cambios profundos que son de larga duraci\u00f3n. M\u00e1s all\u00e1 de nuestro grupo de debate y de nuestra peque\u00f1a biblioteca, todos nosotros estamos integrados en otras luchas concretas: movimientos vecinales, sindicales, centros sociales&#8230;donde se genera actividad cotidiana contra el capitalismo y nuevas experiencias y lazos comunitarios a partir de los cuales seguir avanzando.<\/p>\n","protected":false},"author":9,"featured_media":3465,"comment_status":"open","ping_status":"open","sticky":false,"template":"","format":"standard","meta":{"footnotes":""},"categories":[13],"tags":[],"class_list":["post-3464","post","type-post","status-publish","format-standard","has-post-thumbnail","hentry","category-la-izquierda-a-debate"],"aioseo_notices":[],"_links":{"self":[{"href":"https:\/\/espai-marx.net\/index.php?rest_route=\/wp\/v2\/posts\/3464","targetHints":{"allow":["GET"]}}],"collection":[{"href":"https:\/\/espai-marx.net\/index.php?rest_route=\/wp\/v2\/posts"}],"about":[{"href":"https:\/\/espai-marx.net\/index.php?rest_route=\/wp\/v2\/types\/post"}],"author":[{"embeddable":true,"href":"https:\/\/espai-marx.net\/index.php?rest_route=\/wp\/v2\/users\/9"}],"replies":[{"embeddable":true,"href":"https:\/\/espai-marx.net\/index.php?rest_route=%2Fwp%2Fv2%2Fcomments&post=3464"}],"version-history":[{"count":0,"href":"https:\/\/espai-marx.net\/index.php?rest_route=\/wp\/v2\/posts\/3464\/revisions"}],"wp:featuredmedia":[{"embeddable":true,"href":"https:\/\/espai-marx.net\/index.php?rest_route=\/wp\/v2\/media\/3465"}],"wp:attachment":[{"href":"https:\/\/espai-marx.net\/index.php?rest_route=%2Fwp%2Fv2%2Fmedia&parent=3464"}],"wp:term":[{"taxonomy":"category","embeddable":true,"href":"https:\/\/espai-marx.net\/index.php?rest_route=%2Fwp%2Fv2%2Fcategories&post=3464"},{"taxonomy":"post_tag","embeddable":true,"href":"https:\/\/espai-marx.net\/index.php?rest_route=%2Fwp%2Fv2%2Ftags&post=3464"}],"curies":[{"name":"wp","href":"https:\/\/api.w.org\/{rel}","templated":true}]}}