{"id":3493,"date":"2018-03-01T00:00:00","date_gmt":"2018-02-28T23:00:00","guid":{"rendered":"https:\/\/espai-marx.net\/?p=3493"},"modified":"2020-02-19T08:35:45","modified_gmt":"2020-02-19T07:35:45","slug":"entrevista-a-martin-rodrigo-y-alharilla-sobre-negreros-y-esclavos-barcelona-y-la-esclavitud-atlantica-siglos-xvi-xix","status":"publish","type":"post","link":"https:\/\/espai-marx.net\/?p=3493","title":{"rendered":"Entrevista a Mart\u00edn Rodrigo y Alharilla sobre Negreros y esclavos. Barcelona y la esclavitud atl\u00e1ntica (siglos XVI-XIX)"},"content":{"rendered":"<p><b>Nos centramos, si te parece, en tu \u00faltimo libro. Lizbeth Chaviano P\u00e9rez y t\u00fa sois los editores. <\/b><i><b>Negreros y esclavos<\/b><\/i> <b>es el t\u00edtulo. Lo ha publicado Icaria. Surgen mil preguntas al leeros; algunas de las posibles. \u00bfQu\u00e9 es un negrero? \u00bfC\u00f3mo podr\u00edamos definirlo?<\/b><\/p>\n<p>Seg\u00fan la definici\u00f3n que da el diccionario de la RAE, la palabra \u00abnegrero\u00bb tiene dos acepciones: (1) \u00abDedicado a la trata de negros\u00bb y (2) \u00abPersona que trata con crueldad a sus subordinados los explota\u00bb. En ning\u00fan caso aparece, curiosamente, la palabra \u00abesclavo\u00bb.<\/p>\n<p>Partiendo de la primera acepci\u00f3n dir\u00edamos que la palabra \u00abnegrero\u00bb identifica a cualquier individuo que tuvo participaci\u00f3n en alguno de los eslabones de la larga cadena que conocemos con el nombre de trata de esclavos y, espec\u00edficamente, de trata atl\u00e1ntica de esclavos. Esta definici\u00f3n incluir\u00eda a los propios africanos que capturaban a sus vecinos para convertirlos en esclavos y venderlos como tales; a los responsables de las factor\u00edas negreras situadas en la costa de \u00c1frica, quienes compraban y almacenaban en sus factor\u00edas a dichos africanos esclavizados a la espera de que llegasen los barcos que deb\u00edan transportarlos hacia Am\u00e9rica; a los capitanes, oficiales y marineros de esos mismos barcos, que se encargaban de llevarlos del Viejo al Nuevo Mundo; a los consignatarios de las expediciones que recib\u00edan esa \u00abmercanc\u00eda humana\u00bb en alg\u00fan puerto o playa americanos; a los que luego los vend\u00edan, en Am\u00e9rica y tambi\u00e9n incluye a los \u00abnegreros de sal\u00f3n\u00bb, es decir, a quienes hab\u00edan financiado dichas expediciones (viviesen en Europa, en Am\u00e9rica o en la propia \u00c1frica).<\/p>\n<p>Un uso popular de la palabra \u00abnegrero\u00bb identifica dichos personajes con los propietarios de esclavos (negros) y, especialmente, con los que utilizaban dichos esclavos para el trabajo en alguna plantaci\u00f3n (az\u00facar, caf\u00e9,&#8230;)<\/p>\n<p>El sentido, por lo tanto, de la palabra \u00abnegrero\u00bb engloba diferentes actividades vinculadas todas a una misma actividad.<\/p>\n<p><b>En cuanto a esclavos, \u00bfde qu\u00e9 esclavos habl\u00e1is? \u00bfTen\u00edan alg\u00fan derecho esos esclavos? \u00bfDe d\u00f3nde sal\u00edan, si se puede hablar as\u00ed? \u00bfEran todos africanos?<\/b><\/p>\n<p>En nuestro libro aparecen dos tipos de esclavos: los que hab\u00eda en la propia ciudad de Barcelona, en los siglos XVI, XVII, XVIII e incluso en los primeros lustros del siglo XIX (a lo que se dedica la aportaci\u00f3n del profesor Eloy Mart\u00edn Corrales) y los esclavos africanos que fueron llevados hacia Am\u00e9rica (sobre todo, a Cuba), a los que nos dedicamos el resto de autores del libro. Entre los primeros los hubo de distintos or\u00edgenes \u00e9tnicos y geogr\u00e1ficos mientras que entre los segundos hablamos \u00fanicamente de hombres, mujeres, ni\u00f1os y ni\u00f1as de los territorios africanos situados al sur del desierto del S\u00e1hara, o sea, del \u00c1frica negra. Cabe se\u00f1alar que lo que define, en t\u00e9rminos jur\u00eddicos, a cualquier esclavo es que no tiene derechos: es alguien que no tiene derecho a tener ning\u00fan derecho. En todo caso, en algunos pa\u00edses (especialmente los de tradici\u00f3n cat\u00f3lica) hubo legislaciones que establec\u00edan las obligaciones de los amos respecto a sus esclavos. Para que se cumpliesen dichas obligaciones hab\u00eda unos funcionarios que atend\u00edan las denuncias de los propios esclavos. Hablamos, en todo caso, de \u00abobligaciones\u00bb de los due\u00f1os pero no de \u00abderechos\u00bb de los esclavos. En los inventarios de bienes que se hac\u00edan a la muerte de un propietario de esclavos, por ejemplo, \u00e9stos aparec\u00edan en el apartado de bienes muebles o \u00absemovientes\u00bb (es decir, los bienes que se mov\u00edan por s\u00ed mismos) junto a bueyes o caballos.<\/p>\n<p><b>Has comentado algo anteriormente pero perm\u00edteme insistir. Cuando se habla de esclavitud atl\u00e1ntica, \u00bfen qu\u00e9 esclavitud debemos pensar? \u00bfLa que ten\u00eda Am\u00e9rica como destino final de la \u00abmercanc\u00eda humana\u00bb? \u00bfHubieron otras en otros lugares del mundo?<\/b><\/p>\n<p>Disponemos en la actualidad de una documentada base de datos seg\u00fan la cual hubo 12,5 millones de africanos quienes fueron embarcados en las costas africanas hasta Am\u00e9rica mientras dur\u00f3 la trata atl\u00e1ntica (1501-1866). Ese n\u00famero debe tomarse como un n\u00famero m\u00ednimo.<\/p>\n<p><b>D\u00e9jame remarcarlo: 12,5 millones como m\u00ednimo.<\/b><\/p>\n<p>Hay autores que sugieren que dicha base de datos no llega a recoger a un 15 por 100, aproximadamente, de los africanos que fueron embarcados como esclavos hacia Am\u00e9rica.<\/p>\n<p><b>Ser\u00edan entonces m\u00e1s de 83 millones.<\/b><\/p>\n<p>A esas cifras habr\u00eda que a\u00f1adir, adem\u00e1s, los africanos que murieron entre el momento de su captura y su embarque en los barcos (una cifra que otros autores sit\u00faan en torno a los dos millones de personas m\u00e1s). La ruta atl\u00e1ntica fue la principal ruta de la trata esclavista en los siglos XVI, XVII, XVIII y XIX pero no fue la \u00fanica. Hubo otras rutas entre las que destacan la del \u00cdndico y la que iba hacia el Golfo P\u00e9rsico. En esos dos otros casos, se calcula que el volumen de africanos esclavizados y trasladados desde \u00c1frica pudo representar la mitad de los esclavos que sufrieron la trata atl\u00e1ntica, aproximadamente. O sea, otros seis o siete millones m\u00e1s.<\/p>\n<p><b>Siguiendo el primer c\u00f3mputo, el de m\u00ednimos. El subt\u00edtulo del libro es \u00abBarcelona y la esclavitud atl\u00e1ntica (siglos XVI-XIX)\u00bb. \u00bfPor qu\u00e9 Barcelona y no Catalu\u00f1a? \u00bfPor qu\u00e9 Barcelona y no Espa\u00f1a? \u00bfFue Barcelona la ciudad negrera de los prodigios?<\/b><\/p>\n<p>En el caso de la monarqu\u00eda hisp\u00e1nica, la trata de esclavos se regul\u00f3 mediante el sistema de licencias y de asientos desde sus inicios hasta el reinado de Carlos III. Y quienes se beneficiaron de dichas licencias y, sobre todo, de dichos asientos fueron mercaderes o compa\u00f1\u00edas extranjeras (flamencos, portugueses, franceses, brit\u00e1nicos). No fue hasta 1789 cuando se produjo la liberalizaci\u00f3n de dicha actividad para los dominios americanos de Castilla, una decisi\u00f3n que permiti\u00f3 a cualquier s\u00fabdito de la monarqu\u00eda hisp\u00e1nica poderse dedicar a la trata negrera. Cabe destacar que la incorporaci\u00f3n de los espa\u00f1oles a la trata atl\u00e1ntica (sobre todo, a partir de 1810) se da en un contexto donde brit\u00e1nicos y norteamericanos han declarado ya dicha actividad como una actividad ilegal. Hasta entonces, los grandes puertos negreros en Europa hab\u00edan sido brit\u00e1nicos (Liverpool, Bristol,\u2026) o franceses (Nantes, Bordeaux,\u2026) pero a partir de 1810 los grandes puertos negreros europeos pasaron a situarse en la pen\u00ednsula ib\u00e9rica: Lisboa, C\u00e1diz o Barcelona.<\/p>\n<p>No obstante, durante el siglo XIX esos tres puertos que acabo de se\u00f1alar no ten\u00edan la importancia que acreditaban entonces los grandes puertos americanos vinculados a la trata, como fueron, por ejemplo R\u00edo de Janeiro, Salvador de Bah\u00eda o La Habana. En la trata ilegal, el esquema del comercio triangular no describe el fen\u00f3meno tanto como las expediciones directas armadas en Am\u00e9rica hacia las costas africanas. Es en ese contexto en el que cabe situar el papel de Barcelona.<\/p>\n<p>Lizbeth Chaviano y yo hemos reunido ocho trabajos diferentes que analizan las diferentes aristas de la relaci\u00f3n entre Barcelona y la trata atl\u00e1ntica, poniendo de relieve que tambi\u00e9n del puerto de Barcelona salieron buques negreros. Aun as\u00ed, en clave estrictamente comparativa, Lisboa y C\u00e1diz tuvieron m\u00e1s importancia que Barcelona. Hace unas semanas realizamos, precisamente, un congreso en C\u00e1diz para profundizar en nuestro conocimiento sobre la vinculaci\u00f3n de dicho puerto con la trata negrera.<\/p>\n<p><b>Te preguntar\u00e9 sobre \u00e9l en otra ocasi\u00f3n. Parece que La Habana, si no ando errado, era uno de los destinos m\u00e1s frecuentes de los viajes. \u00bfPor qu\u00e9 Cuba?<\/b><\/p>\n<p>Cuba y sobre todo Brasil fueron los dos territorios que demandaron m\u00e1s esclavos durante el siglo XIX. En ambos casos (as\u00ed como en el sur de los Estados Unidos) se produjo lo que el historiador norteamericano Dale Tomich bautiz\u00f3 hace a\u00f1os como la \u00absegunda esclavitud\u00bb, es decir, un tipo de esclavitud que fue absolutamente compatible con la emergencia del capitalismo global del siglo XIX y que se inscribe, precisamente, en esos par\u00e1metros. En el caso de Cuba, hubo una apuesta por el cultivo de la ca\u00f1a de az\u00facar que acab\u00f3 convirtiendo a dicha isla en el gran productor de az\u00facar del mundo. Una apuesta que requer\u00eda la llegada de contingentes crecientes de una mano de obra que se cubri\u00f3, en su mayor\u00eda, con esclavos africanos (aunque tambi\u00e9n con cool\u00edes chinos e incluso con indios yucatecos). Por eso, La Habana (y otros puertos de aquella Isla como Matanzas o Santiago de Cuba) se convirtieron en grandes puertos negreros. Se mantuvieron, adem\u00e1s, como puertos negreros despu\u00e9s, incluso, de que Espa\u00f1a declarase ilegal el tr\u00e1fico de esclavos (noviembre de 1820). La trata esclavista devino ilegal pero no desapareci\u00f3, simplemente se hizo clandestina. Se calcula que entre 1820 y 1866, cuando termin\u00f3 la trata, llegaron a Cuba m\u00e1s de 600.000 esclavos (una cifra muy alta atendiendo, por ejemplo, a que era ilegal).<\/p>\n<p><b>En Espa\u00f1a, perdona mi ignorancia, \u00bfcu\u00e1ndo se aboli\u00f3 la esclavitud? \u00bfY en otros pa\u00edses de Europa? \u00bfAlg\u00fan pa\u00eds europeo la permit\u00eda?<\/b><\/p>\n<p>En la Espa\u00f1a peninsular (e islas adyacentes, como se dec\u00eda en el siglo XIX) la esclavitud qued\u00f3 abolida en 1837. En cambio, en sus dominios americanos la abolici\u00f3n de la esclavitud fue m\u00e1s tard\u00eda: 1873 en el caso de Puerto Rico y 1886 en el caso de Cuba. Espa\u00f1a fue el \u00faltimo pa\u00eds europeo en abolir la esclavitud en sus colonias: Inglaterra la hab\u00eda abolido en 1833, Francia en 1848 y Holanda y los Estados Unidos en 1863. Quiero se\u00f1alar que la ilegalizaci\u00f3n del tr\u00e1fico atl\u00e1ntico de esclavos (que no de la esclavitud) fue un fen\u00f3meno anterior: en el caso espa\u00f1ol, el tratado que convirti\u00f3 en ilegal la trata negrera se firm\u00f3 en septiembre de 1817 y entr\u00f3 completamente en vigor en noviembre de 1820.<\/p>\n<p><b>\u00bfQui\u00e9nes compraban esos esclavos? \u00bfQu\u00e9 hac\u00edan con ellos? \u00bfHubo revueltas antiesclavistas en alg\u00fan pa\u00eds de origen?<\/b><\/p>\n<p>Propiamente, deber\u00edamos hablar de esclavitudes (en plural) y no de esclavitud. Y es que hubo diferentes ocupaciones para los esclavos, dependiendo del objetivo de su due\u00f1o. Los compradores de esclavos, en Am\u00e9rica, no responden tampoco a un \u00fanico perfil. Los hubo, por ejemplo, artesanos que necesitaban alguien que les ayudase en su taller de manera que dicho esclavo acababa aprendiendo el oficio (es conocido, saltando las distancias, el esclavo de Vel\u00e1zquez que se convirti\u00f3 en un reputado pintor tras haber aprendido con su due\u00f1o y haber alcanzado, despu\u00e9s, su libertad). Hab\u00eda esclavos dom\u00e9sticos (nodrizas, por ejemplo, pero tambi\u00e9n cocineras o caleseros) aunque, sin duda, el n\u00famero mayor de los esclavos que arribaron a Am\u00e9rica durante el siglo XIX (la centuria que ocupa la mayor parte de los cap\u00edtulos de nuestro libro) eran esclavos de plantaci\u00f3n, es decir, trabajadores de las plantaciones dedicadas al cultivo de la ca\u00f1a (en el caso cubano), del caf\u00e9 (en Brasil) o de algod\u00f3n (en los Estados Unidos).<\/p>\n<p>Y s\u00ed, hubo numerosas revueltas antiesclavistas. De hecho, las resistencias esclavas son consustanciales al fen\u00f3meno de la esclavitud americana, desde sus inicios: existen noticias de revueltas en la isla de La Espa\u00f1ola (hoy Rep\u00fablica Dominicana) desde principios del siglo XVI. Un magn\u00edfico libro de Aline Helg, editado en franc\u00e9s recientemente, recoge las numerosas acciones de resistencia (incluyendo las revueltas) registradas en Am\u00e9rica hasta 1833.<\/p>\n<p><b>Tomo nota de la referencia. \u00bfSe pueden dar cifras? \u00bfCu\u00e1ntas personas fueron trasladadas contra su voluntad en estos viajes de negreros durante casi 300 a\u00f1os o m\u00e1s?<\/b><\/p>\n<p>Como antes se\u00f1al\u00e9, disponemos de una magn\u00edfica base de datos, consultable en l\u00ednea y en abierto, en: <a href=\"http:\/\/www.slavevoyages.org\/\">www.slavevoyages.org<\/a><u> <\/u>que da respuesta a tu pregunta y a muchas m\u00e1s. Recomiendo su consulta a todos los interesados en el tema. No hay duda, de hecho, de que la publicaci\u00f3n de dicha base de datos ha alentado el auge que estamos viviendo en los estudios sobre la trata atl\u00e1ntica de esclavos, tanto en Espa\u00f1a como en muchos otros pa\u00edses.<\/p>\n<p><b>Si digo que el esclavismo est\u00e1 en la base del nacimiento y del desarrollo del capitalismo en muchos pa\u00edses, \u00bfdigo una barbaridad o un lugar com\u00fan poco documentado?<\/b><\/p>\n<p>Uno de los grandes intelectuales afrocaribe\u00f1os del siglo XX, Eric J Williams, quien acabar\u00eda convirti\u00e9ndose en el primer Primer Ministro de Trinidad y Tobago, present\u00f3 una tesis doctoral en la universidad de Oxford (publicada en 1944 bajo el t\u00edtulo <i>Capitalismo y Esclavitud<\/i>) donde afirmaba precisamente que no se hubiese dado la industrializaci\u00f3n en Gran Breta\u00f1a si no hubiese sido por la existencia de su complejo esclavista en el Caribe (Jamaica, Barbados,\u2026) y la intensa dedicaci\u00f3n de sus comerciantes a la trata negrera durante el siglo XVIII. Aquel texto est\u00e1 en la base de un gran debate sobre estas cuestiones, un debate que se desarroll\u00f3 en la segunda mitad del siglo XX y en los primeros a\u00f1os del siglo XXI y que no ha concluido todav\u00eda. Para algunos autores, entre los que me incluyo, hubo claramente una relaci\u00f3n directa entre el tr\u00e1fico de esclavos y, sobre todo, la existencia de una serie de econom\u00edas de plantaci\u00f3n (o, al menos, de corte plantacionista) en diferentes territorios americanos, y el triunfo del capitalismo en algunos pa\u00edses del Atl\u00e1ntico Norte.<\/p>\n<p>Las \u00faltimas aportaciones, en eses sentido, parecen abrumadoras, m\u00e1s all\u00e1 incluso de la formulaci\u00f3n concreta de Williams. Recomiendo la lectura de dos recientes libros, obra de dos historiadores diferentes, quienes han puesto de relieve la importancia de la esclavitud en el auge del capitalismo global y particularmente del conjunto de la econom\u00eda estadounidense, en sendos libros publicados en 2014: me refiero al alem\u00e1n Sven Beckert, profesor en la Universidad de Harvard, y su <i>Empire of Cotton: a Global History<\/i> y al norteamericano E. A. Baptist con su <i>The Half Has Never Been Told: Slavery and the Making of American Capitalism<\/i>. Sin duda, el capitalismo global que se construy\u00f3 a partir del siglo XIX no se hubiese producido sin la existencia de trabajo esclavo.<\/p>\n<p><b>Abres tu presentaci\u00f3n con una explicaci\u00f3n sobre los antecedentes negreros del que fuera presidente de la Generalitat de Catalunya, Artur Mas i Gavarr\u00f3, uno de los l\u00edderes del actual secesionismo catal\u00e1n. Te cito: \u00abAquel tim\u00f3n [el que llev\u00f3 Mas a su despacho presidencial] podr\u00eda haber sido, por ejemplo, en del falucho <\/b><i><b>Pepito<\/b><\/i><b>, un velero mercante de construcci\u00f3n catalana que tras zarpar de Barcelona bajo el mando de Joan Mas [Roig, de segundo apellido, el tatarabuelo de Mas] y en apenas cinco meses (entre julio y diciembre de 1844) hab\u00eda conseguido llevar a 825 esclavos desde las costas de \u00c1frica hasta las de Brasil\u00bb. No fue el \u00fanico de los antepasados de Mas con ese \u00abglorioso hacer\u00bb. Citas por ejemplo, a Gaspar Roig Llenas y Pere Mas Roig. \u00bfNo es un poco fuerte, si tu conjetura es correcta, que uno se lleve a su despacho presidencial un objeto con una simbolog\u00eda tan potente\u2026 y tan inhumana? \u00bfC\u00f3mo puede leerse esa acci\u00f3n?<\/b><\/p>\n<p>Me temo que \u00abconjetura\u00bb no es la palabra adecuada: es un hecho cierto que varios antepasados (marinos) de Artur Mas se dedicaron a la trata negrera. No obstante, la rueda de tim\u00f3n que adorn\u00f3 el despacho del President de la Generalitat no correspondi\u00f3 al de un buque negrero sino al de un velero comandado por otro antepasado, Artur Mas Reig, integrante de una generaci\u00f3n posterior que naveg\u00f3 cuando ya la trata hab\u00eda desaparecido completamente. A m\u00ed, particularmente, me parece irrelevante ese hecho al que ciertamente aludimos Lizbeth y yo en la introducci\u00f3n de nuestro libro <i>Negreros y esclavos<\/i>.<\/p>\n<p>Lo que me parece m\u00e1s significativo es que dicho ejemplo revela que una parte importante de las \u00e9lites europeas actuales (lo que quiere decir tambi\u00e9n las \u00e9lites catalanas y espa\u00f1olas) hunde las ra\u00edces de su historia familiar en el mundo de la trata esclavista y de la esclavitud en Am\u00e9rica. Y el caso de Artur Mas no es \u00fanico: podr\u00edamos hablar, como hacemos, en el libro, de las hermanas Ana y Loyola de Palacio, de su primo Herman Tertsch, de la mujer de Val\u00e9ry Giscard d\u2019Estaing, del propio David Cameron\u2026<\/p>\n<p>S\u00ed, repar\u00e9 tambi\u00e9n en esos nombres y familias insignes.<\/p>\n<p>Es una n\u00f3mina que puede ir creciendo conforme mejoremos nuestro conocimiento del fen\u00f3meno: sin ir m\u00e1s lejos, sabemos ahora que el abuelo paterno del escritor Ramiro de Maeztu (defensor ac\u00e9rrimo de la idea de \u00abhispanidad\u00bb) no s\u00f3lo fue propietario de una plantaci\u00f3n de ca\u00f1a en Cuba (el ingenio Don Pelayo) sino que \u00e9l mismo financi\u00f3 la trata negrera hacia la gran Antilla.<\/p>\n<p>M\u00e1s all\u00e1 de los nombres concretos de los descendientes de aquellos negreros, lo que me parece m\u00e1s significativo es se\u00f1alar que el mundo de la trata y de la explotaci\u00f3n de mano de obra esclava actu\u00f3 como un mecanismo de ascensor social y que algunas familias que se beneficiaron entonces, siguen conformando las \u00e9lites actuales, a principios del siglo XIX.<\/p>\n<p><b>El primer cap\u00edtulo, de Eloy Mart\u00edn Corrales, est\u00e1 dedicado a Barcelona \u00bfHasta cu\u00e1ndo y desde cu\u00e1ndo hubo esclavos en Barcelona? \u00bfQui\u00e9nes eran esos esclavos?<\/b><\/p>\n<p>Eloy Mart\u00edn Corrales es un colega profesor del Departamento de Humanidades en la Universitat Pompeu Fabra y su aportaci\u00f3n al libro gira en torno a la esclavitud en la propia ciudad de Barcelona en los siglos XVI, XVII y XVIII. En su cap\u00edtulo, el doctor Mart\u00edn Corrales pone de relieve que, aunque la esclavitud en la ciudad se convirti\u00f3 en un fen\u00f3meno residual durante el siglo XVIII no hay duda de que sigui\u00f3 habiendo esclavos y que los hubo hasta los primeros lustros del siglo XIX. Rescata, por ejemplo, algunos anuncios publicados en el <i>Diario de Barcelona <\/i>en fechas tan tard\u00edas como diciembre de 1819, cuando \u00abManuela Mich\u00e1n, negra, natural de Montevideo, de edad 24 a\u00f1os cumplidos\u00bb anunciaba que \u00abdeseaba desea encontrar casa para servir. Esta negra acaba de lograr su total libertad, por un rasgo de humanidad de algunos corazones caritativos de esta ciudad\u00bb, dec\u00eda. La virtud de este cap\u00edtulo es sistematizar todo lo que se sabe al respecto, hasta el momento (incluyendo sus propias investigaciones), a la vez que invita a seguir avanzando en el conocimiento de una realidad que a\u00fan conocemos de forma insuficiente.<\/p>\n<p><b>\u00bfC\u00f3mo un historiador trabaja en estos temas? \u00bfA qu\u00e9 archivos acude? \u00bfQu\u00e9 documentos analiza?<\/b><\/p>\n<p>Quienes nos ocupamos, como es mi caso, con la trata ilegal de esclavos en el mundo atl\u00e1ntico (a partir de 1820) nos encontramos con un problema de fuentes. No obstante, tenemos la suerte de contar con la documentaci\u00f3n generada por los brit\u00e1nicos quienes levantaron un verdadero complejo de persecuci\u00f3n de la trata en el Atl\u00e1ntico (tanto en \u00c1frica como en Am\u00e9rica). Los informes elaborados en el siglo XIX por los funcionarios brit\u00e1nicos se conservan y ofrecen al investigador una fuente de informaci\u00f3n riqu\u00edsima para nuestro trabajo. Contamos tambi\u00e9n la documentaci\u00f3n cruzada entre los diplom\u00e1ticos espa\u00f1oles y brit\u00e1nicos, en torno a dicha cuesti\u00f3n (una documentaci\u00f3n que se encuentran en Madrid) as\u00ed como con la documentaci\u00f3n conservada en el Archivo General de Indias (que resulta especialmente rica para los \u00faltimos a\u00f1os de la trata legal).<\/p>\n<p>Para quienes estudiamos Cuba resultan fundamentales los archivos cubanos, empezando por su Archivo Nacional (en La Habana) y siguiendo por los archivos provinciales. Cruzar la informaci\u00f3n de unos y otros archivos nos permite conocer, incluso con bastante detalle, como funcionaba la trata atl\u00e1ntica de esclavos y como se incardinaba la participaci\u00f3n catalana y espa\u00f1ola en dicha actividad. Otro tipo de fuentes (notariales, fiscales,\u2026) nos ayudan a conocer las facetas m\u00e1s p\u00fablicas de quienes estuvieron implicados en dicha actividad.<\/p>\n<p><b>Te ocupas en tu trabajo de cuatro capitanes negreros. \u00bfPor qu\u00e9 has elegido esos cuatro (Jos\u00e9 Carb\u00f3, Gaspar Roig, Esteban Gatell, Pedro Manegat)? \u00bfQu\u00e9 tienen de especial? \u00bfQu\u00e9 actividades realizaban en concreto?<\/b><\/p>\n<p>En mi aportaci\u00f3n quise centrarme en la figura de los capitanes negreros. Al hacerlo, me inspir\u00e9 en un magn\u00edfico libro de Marcus Rediker titulado <i>El Barco de Esclavos. Una historia humana<\/i>. En dicha monograf\u00eda, Rediker narra con detalle c\u00f3mo era la vida a bordo de los buques negreros brit\u00e1nicos del siglo XVIII y se fija particularmente en la figura del capit\u00e1n negrero. Pens\u00e9 que podr\u00eda intentar hacer algo parecido, para el caso catal\u00e1n y a peque\u00f1a escala.<\/p>\n<p>La n\u00f3mina de capitanes de buques negreros es mucho m\u00e1s amplia que esos cuatro individuos de los que me ocupo, de manera que si los seleccion\u00e9 fue porque ofrecen cuatro trayectorias vitales diferentes marcadas (excepto el caso de Manegat) por el \u00e9xito econ\u00f3mico: los otros tres (Carb\u00f3, Roig y Gatell) dejaron de ser capitanes negreros para convertirse en hombres de negocio capaces de invertir sus capitales en actividades diferentes, tambi\u00e9n en Barcelona. Gatell fue, por ejemplo, fundador del Banco de Barcelona mientras que Carb\u00f3 dedic\u00f3 sus caudales a la compra de fincas en la Rambla y a la construcci\u00f3n de edificios en el Ensanche. Gaspar Roig, por su parte, impuls\u00f3 una empresa de vapores domiciliada en la capital catalana. El retrato coral de dichos personajes ilustra en qu\u00e9 medida la dedicaci\u00f3n a la trata actu\u00f3 como un trampol\u00edn de ascenso social y c\u00f3mo algunos capitales vinculados a dicha actividad ilegal sirvieron para financiar la actividad econ\u00f3mica en Barcelona. La vida de Manegat ofrece el contrapunto del capit\u00e1n negrero que dej\u00f3 de dedicarse a la trata para trabajar como factor, en la costa africana (no en Europa) y que falleci\u00f3 antes de conseguir regresar a casa.<\/p>\n<p><b>Xavier Juncosa, historiador y director de cine, habla en aportaci\u00f3n del \u00abesclavista oculto\u00bb. \u00bfPor qu\u00e9 oculto? \u00bfTen\u00eda verg\u00fcenza? \u00bfMala conciencia tal vez?<\/b><\/p>\n<p>Oculto en el sentido de que los bi\u00f3grafos de Jaume Torrents Serramalera (y han sido varios) no hab\u00edan reparado hasta ahora en su dedicaci\u00f3n a la trata esclavista. Uno de los elementos m\u00e1s valiosos de la aportaci\u00f3n de Xavier Juncosa radica, precisamente, en revelar y explicar como un gran naviero de la Barcelona de mediados del siglo XIX (propietario entonces del palacio que aloja en la actualidad el Ateneu Barcelon\u00e9s) se dedic\u00f3 tambi\u00e9n a la trata africana.<\/p>\n<p><b>\u00bfEst\u00e1s estudiando e investigando m\u00e1s en estas tem\u00e1ticas? \u00bfQu\u00e9 objetivos tienes?<\/b><\/p>\n<p>Este libro es uno de los resultados de un proyecto colectivo de investigaci\u00f3n del que formamos parte Lizbeth Chaviano y yo mismo, y as\u00ed tambi\u00e9n otros autores. Proyecto en el que trabajamos sobre la participaci\u00f3n espa\u00f1ola en el tr\u00e1fico de esclavos, por un lado, y en torno a los legados de la esclavitud, en Espa\u00f1a, del otro.<\/p>\n<p><b>Tenemos tambi\u00e9n el objetivo de editar un libro similar sobre C\u00e1diz, en este caso con la participaci\u00f3n de Carmen Cozar Navarro, profesora de historia econ\u00f3mica en la Universidad de C\u00e1diz (quien est\u00e1 realizando una interesante y documentada biograf\u00eda de un gran negrero gaditano llamado Pedro Mart\u00ednez).<\/b><\/p>\n<p>A t\u00edtulo particular me gustar\u00eda poder escribir un libro sobre el tema, que fuese el resultado final de dicho proyecto, del cual vamos avanzando trabajos en congresos y conferencias. Cruzo los dedos para poderlo conseguir \u00abm\u00e1s temprano que tarde\u00bb, siguiendo la formulaci\u00f3n de Salvador Allende.<\/p>\n<p><b>\u00bfQuieres a\u00f1adir algo m\u00e1s?<\/b><\/p>\n<p>Invitar simplemente a la lectura de nuestro libro <i>Negreros y esclavos. Barcelona y la esclavitud atl\u00e1ntica (ss. XVI-XIX)<\/i>, editado por Icaria Editorial. Un trabajo que se ha escrito para hacer llegar a un p\u00fablico amplio las investigaciones de ocho historiadores diferentes, quienes han trabajado sobre el fen\u00f3meno de la trata negrera de una u otra manera. Un trabajo basado en la suma de ocho cap\u00edtulos que, le\u00eddos de forma coral, permiten hacerse una idea certera de la relaci\u00f3n de Barcelona con el mundo de la esclavitud y de la trata atl\u00e1ntica de esclavos.<\/p>\n<p><b><i>Fuente: <\/i><\/b>Revista El viejo topo<\/p>\n","protected":false},"excerpt":{"rendered":"<p>\u00a0<\/p>\n<p class='MsoNormal' style='margin-bottom: 18.0pt; text-align: justify; line-height: 150%;'>El capitalismo global que se construy\u00f3 a partir del siglo XIX no se habr\u00eda producido sin la existencia de trabajo esclavo<\/p>\n<p>\u00a0<\/p>\n","protected":false},"author":9,"featured_media":3494,"comment_status":"open","ping_status":"open","sticky":false,"template":"","format":"standard","meta":{"footnotes":""},"categories":[17],"tags":[920,1006,947],"class_list":["post-3493","post","type-post","status-publish","format-standard","has-post-thumbnail","hentry","category-historia","tag-entrevista-a-autor","tag-martin-rodrigo-y-alharilla","tag-negreros-y-esclavos-barcelona-y-la-esclavitud-atlantica-siglos-xvi-xix"],"aioseo_notices":[],"_links":{"self":[{"href":"https:\/\/espai-marx.net\/index.php?rest_route=\/wp\/v2\/posts\/3493","targetHints":{"allow":["GET"]}}],"collection":[{"href":"https:\/\/espai-marx.net\/index.php?rest_route=\/wp\/v2\/posts"}],"about":[{"href":"https:\/\/espai-marx.net\/index.php?rest_route=\/wp\/v2\/types\/post"}],"author":[{"embeddable":true,"href":"https:\/\/espai-marx.net\/index.php?rest_route=\/wp\/v2\/users\/9"}],"replies":[{"embeddable":true,"href":"https:\/\/espai-marx.net\/index.php?rest_route=%2Fwp%2Fv2%2Fcomments&post=3493"}],"version-history":[{"count":0,"href":"https:\/\/espai-marx.net\/index.php?rest_route=\/wp\/v2\/posts\/3493\/revisions"}],"wp:featuredmedia":[{"embeddable":true,"href":"https:\/\/espai-marx.net\/index.php?rest_route=\/wp\/v2\/media\/3494"}],"wp:attachment":[{"href":"https:\/\/espai-marx.net\/index.php?rest_route=%2Fwp%2Fv2%2Fmedia&parent=3493"}],"wp:term":[{"taxonomy":"category","embeddable":true,"href":"https:\/\/espai-marx.net\/index.php?rest_route=%2Fwp%2Fv2%2Fcategories&post=3493"},{"taxonomy":"post_tag","embeddable":true,"href":"https:\/\/espai-marx.net\/index.php?rest_route=%2Fwp%2Fv2%2Ftags&post=3493"}],"curies":[{"name":"wp","href":"https:\/\/api.w.org\/{rel}","templated":true}]}}