{"id":3527,"date":"2018-07-11T00:00:00","date_gmt":"2018-07-10T23:00:00","guid":{"rendered":"https:\/\/espai-marx.net\/?p=3527"},"modified":"2020-02-19T08:32:31","modified_gmt":"2020-02-19T07:32:31","slug":"dialectica-de-la-forma-de-valor","status":"publish","type":"post","link":"https:\/\/espai-marx.net\/?p=3527","title":{"rendered":"Dial\u00e9ctica de la forma de valor"},"content":{"rendered":"<p style=\"margin-bottom: 0cm; border: none; padding: 0cm; font-style: normal; font-weight: normal; line-height: 150%; widows: 2; orphans: 2;\" align=\"CENTER\">MARX Y EL BICENTENARIO DE SU NACIMIENTO<\/p>\n<p style=\"margin-bottom: 0cm; border: none; padding: 0cm; font-style: normal; font-weight: normal; line-height: 150%; widows: 2; orphans: 2;\" align=\"JUSTIFY\">\u00abCon la edici\u00f3n en nuestra web del ensayo de Antonio Ruiz, miembro de EM, titulado <i>Marx, Jenny y El capital<\/i>, y el presente texto de Hans Georg Backhaus, EM se suma, tard\u00edamente, en este a\u00f1o triste de 2018, a la iniciativa de celebraci\u00f3n del Bicentenario del nacimiento de Karl Marx.<\/p>\n<p style=\"margin-bottom: 0cm; border: none; padding: 0cm; font-style: normal; font-weight: normal; line-height: 150%; widows: 2; orphans: 2;\" align=\"JUSTIFY\">La publicaci\u00f3n del ensayo de Antonio Ruiz, que nos aporta conocimientos solo recientemente descubiertos sobre la biograf\u00eda intelectual de Karl Marx, y sobre su relaci\u00f3n con su compa\u00f1era, por la importancia que esto posee para comprender el trabajo de Marx, y por ser texto de reciente escritura, tiene justificada su publicaci\u00f3n.<\/p>\n<p style=\"margin-bottom: 0cm; border: none; padding: 0cm; font-style: normal; font-weight: normal; line-height: 150%; widows: 2; orphans: 2;\" align=\"JUSTIFY\">El ensayo de Hans Georg Backhaus (n.1929), sin embargo, tiene ya 50 a\u00f1os. Fue publicado, tal como el lector comprobar\u00e1, en 1969, y escrito durante el a\u00f1o anterior.<\/p>\n<p style=\"margin-bottom: 0cm; border: none; padding: 0cm; font-style: normal; font-weight: normal; line-height: 150%; widows: 2; orphans: 2;\" align=\"JUSTIFY\">La publicaci\u00f3n de un texto a\u00f1oso en nuestra web exige una peque\u00f1a explicaci\u00f3n. Este texto abri\u00f3 el gran debate que se desarrolla durante los a\u00f1os posteriores \u2013los setenta-, sobre c\u00f3mo se debe interpretar la obra de Marx, y muy especialmente <i>El Capital<\/i>. Es el origen de la denominada Nueva lectura de Marx. Tras el mismo, y con la puesta en circulaci\u00f3n \u2013en la M.E.G.A. 2- de los borradores que Marx hab\u00eda escrito con el fin de publicar su gran obra, los cuatro libros que deb\u00edan componer <i>El Capital<\/i>, la lectura e interpretaci\u00f3n de la obra d Marx cambi\u00f3 radicalmente. Precisamente, los trabajos de Backhaus fueron fundamentales en los debates entre los marx\u00f3logos que iniciaron la edici\u00f3n de la nueva edici\u00f3n de las obras de Marx y Engels, la Nueva MEGA 2, tal como explica Roberto Fineschi, quien ha sido part\u00edcipe de esta empresa.<\/p>\n<p style=\"margin-bottom: 0cm; border: none; padding: 0cm; font-style: normal; font-weight: normal; line-height: 150%; widows: 2; orphans: 2;\" align=\"JUSTIFY\">Este ensayo, de escritura compleja y matizada, es, como el lector puede conjeturar, resumen de debates previos de \u00e1mbito m\u00e1s reducido, pero de los que el autor concluye la necesidad de introducir t\u00e1citamente respuesta. De ah\u00ed la ramificaci\u00f3n argumentativa del art\u00edculo.<\/p>\n<p style=\"margin-bottom: 0cm; border: none; padding: 0cm; font-style: normal; font-weight: normal; line-height: 150%; widows: 2; orphans: 2;\" align=\"JUSTIFY\">La tesis fundamental es que el valor trabajo no es un elemento ahist\u00f3rico, preexistente, que recorre las formas productivas de la humanidad \u2013\u00e9sa es, precisamente, la tesis de Ricardo, criticada por Marx- . Sino que el valor trabajo, \u00abla Forma Valor\u00bb es una realidad hist\u00f3rica espec\u00edfica que surge con el capitalismo, como consecuencia de la organizaci\u00f3n que impone a la producci\u00f3n y a la civilizaci\u00f3n en su totalidad. La \u00abForma Valor\u00bb es consecuencia de unas relaciones sociales entre personas que producen individualmente , y cuya producci\u00f3n solo se convierte en social mediante el intercambio, actividad que solo se ejecuta a trav\u00e9s de la relaci\u00f3n entre las \u00abcosas\u00bb o productos elaborados u objetivados por la actividad productiva de las personas. La Forma Valor, por tanto, es consecuencia, y no la causa de la existencia hist\u00f3rica previa, de unas relaciones sociales cosificadas; es la consecuencia, no la causa del fetichismo de la mercanc\u00eda, que abarca toda actividad socialmente organizada por el capitalismo.<\/p>\n<p style=\"margin-bottom: 0cm; border: none; padding: 0cm; font-style: normal; font-weight: normal; line-height: 150%; widows: 2; orphans: 2;\" align=\"JUSTIFY\">A su vez, esta explicaci\u00f3n, que rescata Backhaus, que es la heur\u00edstica de su investigaci\u00f3n, y que le ha inducido a trabajar en la relaci\u00f3n de Marx con Hegel, etc., no es, sin embargo original de este autor. Sin que, por ello su investigaci\u00f3n sobre Marx deje de ser de extraordinaria importancia para la lectura de Marx y deje de poseer una gran originalidad.<\/p>\n<p style=\"margin-bottom: 0cm; border: none; padding: 0cm; font-style: normal; font-weight: normal; line-height: 150%; widows: 2; orphans: 2;\" align=\"JUSTIFY\">Backhaus parte a su vez, de los estudios desarrollados durante los a\u00f1os veinte del siglo pasado por otro extraordinario estudioso de la obra de Marx. Isaak Illich Rubin (1886), marx\u00f3logo sovi\u00e9tico, asesinado en la gran purga de1937 el mismo a\u00f1o en que se asesina a su compa\u00f1ero, socio de trabajo intelectual Euvgueni Pashukanis (1891).<\/p>\n<p style=\"margin-bottom: 0cm; border: none; padding: 0cm; font-style: normal; font-weight: normal; line-height: 150%; widows: 2; orphans: 2;\" align=\"JUSTIFY\">Por suerte tenemos la obra fundamental de Rubin, cuyo t\u00edtulo es <i>Ensayos sobre la teor\u00eda del valor,<\/i> traducida al espa\u00f1ol desde 1974, gracias a la admirable labor editorial desempe\u00f1ada por el gran marx\u00f3logo argentino Jos\u00e9 Aric\u00f3 fallecido hace ya 27 a\u00f1os. Dicho libro puede ser encontrado, en PDF, en internet.<\/p>\n<p style=\"margin-bottom: 0cm; border: none; padding: 0cm; font-style: normal; font-weight: normal; line-height: 150%; widows: 2; orphans: 2;\" align=\"JUSTIFY\">Estas ideas seminales, precisas, fueron, recogidas y reelaboradas por Bakhaus, y dieron lugar a la nueva lectura de la obra de Marx, y a estudios de investigaci\u00f3n de grand\u00edsima importancia, que han sido elaborados por tres generaciones consecutivas de estudiosos. Entre ellos, Helmut Reichelt, (1939) Robert Kurz (1943 \u2013 2012) , Michael Heinrich (1957), etc.<\/p>\n<p style=\"margin-bottom: 0cm; border: none; padding: 0cm; font-style: normal; font-weight: normal; line-height: 150%; widows: 2; orphans: 2;\" align=\"JUSTIFY\">La lectura abierta por Backhaus tuvo tambi\u00e9n continuadores independientes de la escuela por \u00e9l creada. Por ejemplo, Moishe Postone fallecido en marzo del presente a\u00f1o, a los 76 a\u00f1os de edad, y cuya valiosa obra est\u00e1 publicada tambi\u00e9n en espa\u00f1ol \u2013Ed. Marcial Pons-.<\/p>\n<p style=\"margin-bottom: 0cm; border: none; padding: 0cm; font-style: normal; font-weight: normal; line-height: 150%; widows: 2; orphans: 2;\" align=\"JUSTIFY\">Se\u00f1alamos las fechas de nacimiento de los autores que han contribuido a esta reelaboraci\u00f3n, y debemos incluir tambi\u00e9n el nombre se\u00f1ero en la marxolog\u00eda, y las fechas, de otro autor que escribi\u00f3 una obra indispensable, Rom\u00e1n Rosdolsky, (1898 &#8211; 1967) cuya obra, <i>G\u00e9nesis y estructura de El capital de Marx,<\/i> (1967) est\u00e1 tambi\u00e9n traducida al espa\u00f1ol y puede ser encontrada como PDF en internet.<\/p>\n<p style=\"margin-bottom: 0cm; border: none; padding: 0cm; font-style: normal; font-weight: normal; line-height: 150%; widows: 2; orphans: 2;\" align=\"JUSTIFY\">Porque el desconocimiento y la escasa circulaci\u00f3n entre nosotros, de toda esta investigaci\u00f3n fundamental para la comprensi\u00f3n de las ideas de Marx, y a partir del cual surge un nuevo Marx \u2013<i>Un nuovo Marx<\/i>, es el t\u00edtulo de una de las obras de Roberto Fineschi- antes no conocido, no se debe a que \u00e9ste sea un corpus intelectual incipiente, o novedoso. Sino a la debilidad tradicional del marxismo espa\u00f1ol, en la que tuvo mucho que ver el desinter\u00e9s de las organizaciones pol\u00edticas que se declararon marxistas, en otros tiempos, que se hizo a\u00fan endeble a partir de los a\u00f1os ochenta del siglo pasado. Y a la lectura rutinaria desde los c\u00e1nones elaborados por \u00ab El Marxismo\u00bb, esa corriente interpretativa heredada de la socialdemocracia, y que se reelabora como marxismo leninismo en sus diversas variantes.<\/p>\n<p style=\"margin-bottom: 0cm; border: none; padding: 0cm; font-style: normal; font-weight: normal; line-height: 150%; widows: 2; orphans: 2;\" align=\"JUSTIFY\">Debemos a\u00f1adir, sin embargo, una \u00faltima apostilla, esta vez, esperanzadora. En Espa\u00f1a tenemos la suerte de contar, por fin, con un peque\u00f1o pero muy valioso grupo de estudiosos, muy j\u00f3venes que han trabajado e investigado en comunicaci\u00f3n con los estudiosos alemanes y que forman parte de esta escuela de nueva lectura de Marx: forman parte de la tercera generaci\u00f3n de la misma. Entre ellos contamos con la obra de Clara Ramas Sanmiguel, que acaba de editar su extraordinaria obra sobre Marx, <i>Fetiche y mistificaci\u00f3n capitalistas. La cr\u00edtica de la econom\u00eda pol\u00edtica de Marx<\/i>.<\/p>\n<p style=\"margin-bottom: 0cm; border: none; padding: 0cm; font-style: normal; font-weight: normal; line-height: 150%; widows: 2; orphans: 2;\" align=\"JUSTIFY\">Por fin arraiga entre nosotros un pensamiento marxol\u00f3gico riguroso, de gran altura, y que ha dejado atr\u00e1s las interpretaciones marxistas desde le vieja can\u00f3nica evolucionista. Una explicaci\u00f3n evolutiva de la historia de la sociedad a partir de la determinaci\u00f3n econ\u00f3mica, de tipo positivista, comteano.<\/p>\n<p style=\"margin-bottom: 0cm; border: none; padding: 0cm; font-style: normal; font-weight: normal; line-height: 150%; widows: 2; orphans: 2;\" align=\"JUSTIFY\">Y gracias a ellos y a los trabajos traducidos, podemos acudir ahora, gracias a estos grandes estudiosos de Marx al conocimiento de lo que de veras Marx quiso escribir y escribi\u00f3.<\/p>\n<p style=\"margin-bottom: 0cm; border: none; padding: 0cm; font-style: normal; font-weight: normal; line-height: 150%; widows: 2; orphans: 2;\" align=\"JUSTIFY\">Una \u00faltima apostilla \u00aben honor a la verdad\u00bb. Para terminar, nos permitimos recordar que, desde el \u00e1mbito de la historiograf\u00eda inspirada en Marx, y al hilo de los trabajos previos de la escuela brit\u00e1nica de Thompson, Hobsbawm, Hill, etc, y del debate entre Maurice Dobb y Paul Seewzy, -la obra de Maurice Dobb, <i>Estudios sobre el desarrollo del capitalismo <\/i>(1962)- el estudioso Robert Brenner hab\u00eda defendido ya en los a\u00f1os setenta la prioridad de las relaciones sociales y su autog\u00e9nesis, sobre las fuerzas productivas \u2013\u00abLos or\u00edgenes del desarrollo capitalista. Cr\u00edtica del marxismo neosmithiano\u00bb, en <i>En Teor\u00eda<\/i>, no 3, Madrid, 1979, pp. 57 a 167, y <i>El debate Brenner<\/i>, <i>Estructura de clases agraria y desarrollo econ\u00f3mico en la Europa preindustrial<\/i> Ed. Cr\u00edtica,B, 1989 (1976).<\/p>\n<p style=\"margin-bottom: 0cm; border: none; padding: 0cm; font-style: normal; font-weight: normal; line-height: 150%; widows: 2; orphans: 2;\" align=\"JUSTIFY\">Y nada m\u00e1s. Damos por explicada la publicaci\u00f3n \u00abtard\u00eda\u00bb y adjunta en un pdf a continuaci\u00f3n de este ensayo de Hans Georg Backhaus cuya calidad es resulta ser la mejor justificaci\u00f3n.<\/p>\n<p style=\"margin-bottom: 0cm; border: none; padding: 0cm; font-style: normal; font-weight: normal; line-height: 150%; widows: 2; orphans: 2;\" align=\"JUSTIFY\">La Redacci\u00f3n\u00bb<\/p>\n<p style=\"margin-bottom: 0cm; line-height: 150%;\" align=\"JUSTIFY\">\n","protected":false},"excerpt":{"rendered":"<p>Con el presente texto de Hans Georg Backhaus, Espai Marx se suma, tard\u00edamente, en este a\u00f1o triste de 2018, a la iniciativa de celebraci\u00f3n del Bicentenario del nacimiento de Karl Marx.<\/p>\n","protected":false},"author":9,"featured_media":3528,"comment_status":"open","ping_status":"open","sticky":false,"template":"","format":"standard","meta":{"footnotes":""},"categories":[44],"tags":[931,943,868],"class_list":["post-3527","post","type-post","status-publish","format-standard","has-post-thumbnail","hentry","category-economia","tag-el-capital","tag-estudios","tag-karl-marx"],"aioseo_notices":[],"_links":{"self":[{"href":"https:\/\/espai-marx.net\/index.php?rest_route=\/wp\/v2\/posts\/3527","targetHints":{"allow":["GET"]}}],"collection":[{"href":"https:\/\/espai-marx.net\/index.php?rest_route=\/wp\/v2\/posts"}],"about":[{"href":"https:\/\/espai-marx.net\/index.php?rest_route=\/wp\/v2\/types\/post"}],"author":[{"embeddable":true,"href":"https:\/\/espai-marx.net\/index.php?rest_route=\/wp\/v2\/users\/9"}],"replies":[{"embeddable":true,"href":"https:\/\/espai-marx.net\/index.php?rest_route=%2Fwp%2Fv2%2Fcomments&post=3527"}],"version-history":[{"count":0,"href":"https:\/\/espai-marx.net\/index.php?rest_route=\/wp\/v2\/posts\/3527\/revisions"}],"wp:featuredmedia":[{"embeddable":true,"href":"https:\/\/espai-marx.net\/index.php?rest_route=\/wp\/v2\/media\/3528"}],"wp:attachment":[{"href":"https:\/\/espai-marx.net\/index.php?rest_route=%2Fwp%2Fv2%2Fmedia&parent=3527"}],"wp:term":[{"taxonomy":"category","embeddable":true,"href":"https:\/\/espai-marx.net\/index.php?rest_route=%2Fwp%2Fv2%2Fcategories&post=3527"},{"taxonomy":"post_tag","embeddable":true,"href":"https:\/\/espai-marx.net\/index.php?rest_route=%2Fwp%2Fv2%2Ftags&post=3527"}],"curies":[{"name":"wp","href":"https:\/\/api.w.org\/{rel}","templated":true}]}}