{"id":3540,"date":"2018-08-31T00:00:00","date_gmt":"2018-08-30T23:00:00","guid":{"rendered":"https:\/\/espai-marx.net\/?p=3540"},"modified":"2020-02-19T08:31:23","modified_gmt":"2020-02-19T07:31:23","slug":"un-treballador-incansable-de-l-ofici-d-historiar","status":"publish","type":"post","link":"https:\/\/espai-marx.net\/?p=3540","title":{"rendered":"Un treballador incansable de l&#8217;ofici d&#8217;historiar"},"content":{"rendered":"<p>Em recordava un amic les paraules que Fontana va dir amb motiu de la mort de l\u2019historiador Ram\u00f3n Carande, \u201cAvui som m\u00e9s pobres\u201d, aplicant-les a la d\u2019en Josep. S\u00ed i no. Llei de vida. Se n\u2019ha anat un home bo, una bona persona. Penso que de les qualitats que Fontana voldria que li atribu\u00efssin, aquesta no hi pot faltar, i potser voldria que fos la primera. \u00c9s el mateix que ell valorava en primer terme dels altres, per damunt de coincid\u00e8ncies i difer\u00e8ncies. Per\u00f2 se n\u2019ha anat, a m\u00e9s, un treballador incansable de l\u2019ofici d\u2019historiar; comprom\u00e8s a la vegada amb les persones i amb la hist\u00f2ria, la qual cosa \u00e9s m\u00e9s dif\u00edcil de conciliar del que sembla. Comprom\u00e8s amb una consideraci\u00f3 cr\u00edtica del nostre m\u00f3n i pr\u00e0xica de la lluita per la llibertat, la igualtat i la fraternitat, tot alhora i procurant no fer-se trampes; pr\u00e0xica -disculpeu la paraulota- perqu\u00e8 cal recordar les arrels marxistes -o marxianes com va preferir Pierre Vilar- del seu pensament i del seu treball, mai enteses com a dogma de plom, i de les quals mai va abjurar. El resultat d\u2019aquest treball no ens ha de ser arrabassat; les riqueses de la seva feina les podrem mantenir.<\/p>\n<p>Quan el Josep era un desconegut, fora dels redu\u00efts l\u00edmits del PSUC i de la intel\u00b7lectualitat antifranquista, el seu petit llibre La historia -publicat el 1970, dins una col\u00b7lecci\u00f3 de textos de s\u00edntesi editada per Salvat- va produir un primer impacte entre els que acabats els nostres estudis ens dispos\u00e0vem a fer d\u2019historiadors. Va ser un primer referent de la seva proposta de la hist\u00f2ria com a projecte social. Anys m\u00e9s tard va publicar una extensa an\u00e0lisi cr\u00edtica de la historiografia sota el t\u00edtol, precisament, d\u2019 Historia. An\u00e1lisis del pasado y proyecto social (1982), un dels que m\u00e9s li va ser criticat precisament pel que traspuava del seu comprom\u00eds ideol\u00f2gic. \u00c9s per a mi un dels que no ens han d\u2019arrabassar, pel que hi diu i pel seu comprom\u00eds moral. Entremig hi ha la seva obra cabdal sobre la fi de l\u2019Antic R\u00e8gim a Espanya i la revoluci\u00f3 liberal. Despr\u00e9s, en la seva segona etapa d\u2019historiador, va obrir camins en la recerca de noves metodologies i en la producci\u00f3 d\u2019an\u00e0lisis i interpretacions generals del nostre agitat segle XX, el \u201csegle de la revoluci\u00f3\u201d, que ell va voler.<\/p>\n<p>No ha deixat mai d\u2019impactar-nos, en la mesura que sigui. Tampoc ell s\u2019estava quiet. Quan amb motiu del centenari de la Revoluci\u00f3 Russa va con\u00e8ixer noves investigacions, va manifestar que havia d\u2019aprendre\u2019n m\u00e9s i repensar-ne algunes. Ara ens tocar\u00e0 a nosaltres seguir la proposta, sense por als nous coneixements i sense ren\u00fancies ideol\u00f2giques ni morals.<\/p>\n<p>Text aparegut al diari Ara en motiu de la mort de l&#8217;historiador Josep Fontana (28\/08\/2018).<\/p>\n","protected":false},"excerpt":{"rendered":"<p>Se n\u2019ha anat un home bo, una bona persona. Penso que de les qualitats que Fontana voldria que li atribu\u00efssin, aquesta no hi pot faltar, i potser voldria que fos la primera. \u00c9s el mateix que ell valorava en primer terme dels altres, per damunt de coincid\u00e8ncies i difer\u00e8ncies. Per\u00f2 se n\u2019ha anat, a m\u00e9s, un treballador incansable de l\u2019ofici d\u2019historiar; comprom\u00e8s a la vegada amb les persones i amb la hist\u00f2ria, la qual cosa \u00e9s m\u00e9s dif\u00edcil de conciliar del que sembla.<\/p>\n","protected":false},"author":9,"featured_media":3541,"comment_status":"open","ping_status":"open","sticky":false,"template":"","format":"standard","meta":{"footnotes":""},"categories":[22],"tags":[1003],"class_list":["post-3540","post","type-post","status-publish","format-standard","has-post-thumbnail","hentry","category-historia-del-movimiento-y-de-la-clase-obrera","tag-josep-fontana"],"aioseo_notices":[],"_links":{"self":[{"href":"https:\/\/espai-marx.net\/index.php?rest_route=\/wp\/v2\/posts\/3540","targetHints":{"allow":["GET"]}}],"collection":[{"href":"https:\/\/espai-marx.net\/index.php?rest_route=\/wp\/v2\/posts"}],"about":[{"href":"https:\/\/espai-marx.net\/index.php?rest_route=\/wp\/v2\/types\/post"}],"author":[{"embeddable":true,"href":"https:\/\/espai-marx.net\/index.php?rest_route=\/wp\/v2\/users\/9"}],"replies":[{"embeddable":true,"href":"https:\/\/espai-marx.net\/index.php?rest_route=%2Fwp%2Fv2%2Fcomments&post=3540"}],"version-history":[{"count":0,"href":"https:\/\/espai-marx.net\/index.php?rest_route=\/wp\/v2\/posts\/3540\/revisions"}],"wp:featuredmedia":[{"embeddable":true,"href":"https:\/\/espai-marx.net\/index.php?rest_route=\/wp\/v2\/media\/3541"}],"wp:attachment":[{"href":"https:\/\/espai-marx.net\/index.php?rest_route=%2Fwp%2Fv2%2Fmedia&parent=3540"}],"wp:term":[{"taxonomy":"category","embeddable":true,"href":"https:\/\/espai-marx.net\/index.php?rest_route=%2Fwp%2Fv2%2Fcategories&post=3540"},{"taxonomy":"post_tag","embeddable":true,"href":"https:\/\/espai-marx.net\/index.php?rest_route=%2Fwp%2Fv2%2Ftags&post=3540"}],"curies":[{"name":"wp","href":"https:\/\/api.w.org\/{rel}","templated":true}]}}