{"id":3552,"date":"2018-10-31T00:00:00","date_gmt":"2018-10-31T00:00:00","guid":{"rendered":"https:\/\/espai-marx.net\/?p=3552"},"modified":"2020-02-14T12:38:05","modified_gmt":"2020-02-14T11:38:05","slug":"bolsonaro-10-breves-puntos-para-entender-un-poco-mejor-su-victoria","status":"publish","type":"post","link":"https:\/\/espai-marx.net\/?p=3552","title":{"rendered":"Bolsonaro: 10 breves puntos para entender un poco mejor su victoria"},"content":{"rendered":"<p style=\"line-height: 150%;\" align=\"JUSTIFY\"><strong>Bolsonaro<\/strong> ha ganado las elecciones presidenciales en Brasil y quer\u00eda aprovechar para ordenar algunos puntos mentales a modo de dec\u00e1logo, sobre todo por si a alguien le resulta de utilidad para clarificar su visi\u00f3n personal del asunto. Intentar\u00e9 tambi\u00e9n ser breve, que la lectura de esto no supere los 4-5 minutos.<\/p>\n<p style=\"line-height: 150%;\" align=\"JUSTIFY\">1. \u201cLimitarse a llamar imb\u00e9ciles a los brasile\u00f1os o alt-right a <strong>Bolsonaro<\/strong> no ayuda a entender la complejidad del fen\u00f3meno\u201d. Siempre me encuentro con lo mismo cuando en unas elecciones, sean donde sean, salen opciones que la progres\u00eda no desea o que directamente se ven peligrosas solo por lo superficial de su discurso. Limitarse a llamar imb\u00e9ciles a los brasile\u00f1os o alt-right a <strong>Bolsonaro<\/strong>no ayuda a entender la complejidad del fen\u00f3meno que se est\u00e1 produciendo en Brasil y en muchas otras partes del planeta. Fascista lo es, sin duda alguna, y su ascenso dice mucho de la lenta descomposici\u00f3n del modelo liberal que estamos viviendo en nuestro periodo hist\u00f3rico, y donde lo que est\u00e1 por venir es m\u00e1s Terra incognita que nazifascismos cl\u00e1sicos, pero creo evidente que todo va m\u00e1s all\u00e1 de la mirada al ombligo progre de \u00ablos brazucas son imb\u00e9ciles, est\u00e1n mal educados y es que m\u00edrales como votan mal a los fachas\u00bb.<\/p>\n<p style=\"line-height: 150%;\" align=\"JUSTIFY\">2. La BBBB: Biblia+Buey+Bala= Bolsonaro. Entender de primeras lo queall\u00ed llaman<strong> la BBBB<\/strong>. Si a la famosa y poderosa bancada evang\u00e9lica (Biblia) le sumamos la bancada ruralista (Buey) \u2014defensora del agronegocio, contrario a los sintierra del <strong>MST<\/strong>, por la explotaci\u00f3n sin regulaci\u00f3n del Amazonas y en contra de cualquier reforma agraria\u2014 y la bancada en defensa de no regular la posesi\u00f3n de armas (Bala), tenemos junto con <strong>Bolsonaro<\/strong> la <strong>BBBB<\/strong>. Estos ser\u00edan los tres pilares de su triunfo, a grandes rasgos y simplificando.<\/p>\n<p style=\"line-height: 150%;\" align=\"JUSTIFY\">3. La Red RecordTV. La <strong>Red de RecordTV<\/strong>, propiedad desde 1990 de <strong>Edir Macedo Bezerra<\/strong>, fundador de la<strong> Iglesia Universal del Reino de Dios<\/strong>, segunda televisi\u00f3n m\u00e1s vista de Brasil y quinta del mundo, que tiene en diputados evang\u00e9licos casi una quinta parte del Congreso, y que ha apoyado sin fisuras a <strong>Bolsonaro<\/strong>. La <strong>Record International<\/strong> est\u00e1 presente en m\u00e1s 170 pa\u00edses y <strong>RecordTV<\/strong> cuenta con varios socios en el mundo, entre ellas se encuentran las emisoras estadounidenses <strong>FOX<\/strong>, <strong>ABC<\/strong> y<strong> CNN<\/strong>, a la que est\u00e1 afiliada, adem\u00e1s del canal portugu\u00e9s <strong>RTP<\/strong>, el grupo mexicano <strong>Televisa<\/strong>, la cadena chilena <strong>TVN<\/strong>, el canal argentino <strong>Telefe<\/strong>, <strong>RCTV<\/strong> de Venezuela, <strong>Paraguay TV<\/strong> y <strong>Telefuturo<\/strong> de Paraguay, entre otras.<\/p>\n<p style=\"line-height: 150%;\" align=\"JUSTIFY\">4. Los evang\u00e9licos. <strong>Los evang\u00e9licos<\/strong> suponen la vanguardia de <strong>Bolsonaro<\/strong>, al que los m\u00e1s extremistas consideran en plan delirio una especie de Mes\u00edas. Tienen una enorme fuerza en el pa\u00eds no solo a nivel \u201cespiritual\u201d sino pol\u00edtica y econ\u00f3micamente. Han contribuido a su \u00e9xito al estar cada vez m\u00e1s presentes no solo en televisiones y prensa, sino tambi\u00e9n en las favelas y barriadas populares brasile\u00f1as, donde en cada esquina ahora te los encuentras predicando sin descanso. Destacar aqu\u00ed la abierta <strong>radicalizaci\u00f3n en la \u00faltima d\u00e9cada entre los telepredicadores<\/strong>, soltando mensajes de odio a diario llamando a la lucha armada contra de lo que llaman corruptos izquierdistas defensores de la inmoralidad y de los \u00abmalandros, marginais e vagabundos\u00bb. Esto cala profundamente entre las rentas medias y altas \u201casustadas\u201d del pa\u00eds.<\/p>\n<p style=\"line-height: 150%;\" align=\"JUSTIFY\">5. El Brasil m\u00e1s formado y educado vot\u00f3 por Bolsonaro. <strong>Bolsonaro<\/strong> ha arrasado en el Brasil de m\u00e1s renta y mayoritariamente blanco, adem\u00e1s del residente en el exterior del pa\u00eds. Es significativo que haya ganado en los 10 municipios m\u00e1s ricos del pa\u00eds, mientras <strong>Haddad<\/strong> lo hizo en nueve de los 10 m\u00e1s pobres gracias al apoyo del mal menor. Eso de apelar a la falta de educaci\u00f3n que tanto veo es rotundamente contrario a la evidencia material mostrada en los comicios, sobre todo antes de <a href=\"http:\/\/www.revistalacomuna.com\/internacional\/brasil-lucha-clases\/\"><strong>encarcelar a Lula<\/strong> <\/a>\u2014donde <strong>el PT no ofreci\u00f3 oposici\u00f3n seria precisamente<\/strong>\u2014 que arrasaba en todas las encuestas. <strong>El Brasil m\u00e1s formado y educado vot\u00f3 por Bolsonaro<\/strong>.<\/p>\n<p style=\"line-height: 150%;\" align=\"JUSTIFY\">6. Un ex militar diputado de un peque\u00f1o partido. Se trata de un <strong>ex militar, diputado de un peque\u00f1o partido<\/strong>, el<strong> Social Liberal (PSL)<\/strong>, que en julio ten\u00eda 17 por ciento de intenci\u00f3n de voto, por septiembre el 24 por ciento y ahora es presidente de Brasil con el 55%. Por tanto ha pasado de la marginalidad pol\u00edtica al poder en muy poco tiempo. <strong><a href=\"http:\/\/www.revistalacomuna.com\/internacional\/elecciones-brasil-bolsonaro-hadad-segunda-vuelta\/\">Jair Bolsonaro<\/a><\/strong> sirvi\u00f3 en el ej\u00e9rcito que mantuvo a Brasil 21 a\u00f1os bajo una dictadura, de la que se declara nost\u00e1lgico, enganchando adem\u00e1s como candidato a vicepresidente al general <strong>Antonio Hamilton Mour\u00e3o<\/strong> y al frente de Econom\u00eda ha colocado a un economista de la <strong>escuela de Chicago<\/strong>: <strong>Paulo Guedes<\/strong>. El equipo so\u00f1ado por el Capital nacional e internacional, vaya. En el imaginario del pa\u00eds posee una figura de tipo duro, de vengador o poli malo que resulta muy popular debido a muchos factores, entre ellos la tasa de criminalidad o la de homicidios. <strong>Bolsonaro<\/strong> ha sabido cultivar la imagen de \u00abel elegido que viene a sacar la basura\u00bb, hablando en plata, y que tanto nos choca por aqu\u00ed por no convivir con esos climas de inseguridad. De hecho, como an\u00e9cdota, he visto much\u00edsimas comparativas de \u00e9l con el <strong><i>Teniente Coronel Nascimento<\/i><\/strong> (de las pel\u00edculas <a href=\"https:\/\/www.filmaffinity.com\/es\/film109378.html\">Tropa de \u00e9lite I y II<\/a>) entre sus seguidores.<\/p>\n<p style=\"line-height: 150%;\" align=\"JUSTIFY\">7. \u201cUna renovaci\u00f3n de la mal llamada clase pol\u00edtica\u201d. Sustenta su discurso, adem\u00e1s de en la homofobia y la xenofobia como nos han repetido hasta la saciedad nuestros medios, en un rechazo al sistema de partidos pol\u00edticos, a la corrupci\u00f3n misma de los partidos que simboliza, entre otros, el <a href=\"https:\/\/www.telesurtv.net\/tags\/Lava%20Jato\"><strong>caso Lava Jato<\/strong> <\/a>y que encarna sobre todo en el imaginario popular brasile\u00f1o el <strong>Partido de los Trabajadores (PT)<\/strong>, a\u00fan sin ser cosa exclusiva del mismo. Se presenta a si mismo como una renovaci\u00f3n de la mal llamada clase pol\u00edtica, aunque no lo es ni puede pretender serlo un tipo que lleva 28 a\u00f1os como diputado y con sus tres hijos como pol\u00edticos. Esto \u00faltimo da igual, el discurso frente a realidad, pues importa poco para ganar comicios hoy d\u00eda o para \u201casaltar los cielos\u201d.<\/p>\n<p style=\"line-height: 150%;\" align=\"JUSTIFY\">8. Contexto de crisis social y pol\u00edtica. En un clima de crisis social y pol\u00edtica, sobre todo tras el<strong><a href=\"https:\/\/www.telesurtv.net\/news\/Se-consuma-el-golpe-de-Estado-Senado-brasileno-destituye-a-presidenta-Dilma-Rousseff-20160824-0009.html\"> golpe de Estado judicial a Dilma<\/a><\/strong> que ha erosionado la confianza en la democracia, hay un claro rechazo social al <strong>PT<\/strong> en todas sus corrientes. Tanto en su vertiente populista de izquierdas (debido a la corrupci\u00f3n) como en sus intentos de modernizarse y parecerse a la izquierda identitaria occidental. Esta \u00faltima se limita a promulgar, b\u00e1sicamente, las pol\u00edticas de identidad posmodernas en un pa\u00eds donde las clases trabajadoras han visto elevado su nivel de renta en las \u00faltimas d\u00e9cadas y que son, a todas luces, a d\u00eda de hoy, ultrareaccionarias. Importante destacar aqu\u00ed que en el <strong>PT<\/strong>, y en pr\u00e1cticamente todos los partidos ideol\u00f3gicamente similares del mundo, se ha ca\u00eddo en en el foso electoralista de no hacer nunca referencia a la realidad material y a las relaciones de producci\u00f3n que sufren las clases explotadas del pa\u00eds, ofreci\u00e9ndoles a cambio discursos de puro idealismo y moralinas variadas, allanando as\u00ed el camino a tipos de <strong>Bolsonaro<\/strong>, <strong>Trump<\/strong>,<strong> Duterte<\/strong> y demasiados etc\u00e9teras como ha hecho siempre hist\u00f3ricamente la socialdemocracia de un modo u otro.<\/p>\n<p style=\"line-height: 150%;\" align=\"JUSTIFY\">9. Redes sociales y Big Data. El<strong> uso de las redes sociales<\/strong>, de los big data y la buena segmentaci\u00f3n. Todo el mundo habla de ellos, <strong>Trump<\/strong> y <strong>Obama<\/strong> los usaron, nadie de mi comba los entiende y se trata de unas herramientas b\u00e1sicas hoy d\u00eda para la lucha cultural y la propaganda. <strong>Bolsonaro<\/strong> y su campa\u00f1a han destacado precisamente por el uso de las noticias falsas, el tratamiento magistral del big data, una excelente segmentaci\u00f3n, el uso de calumnias difundidas por <strong>WhatsApp<\/strong> y verter por doquier segmentos de propaganda (ya sea falsa, verdadera o difusa) que apuntaban directamente al imaginario popular hacia la captaci\u00f3n de votantes de segmentos favorables.<\/p>\n<p style=\"line-height: 150%;\" align=\"JUSTIFY\">10. Guerra sucia de los monopolios internacionales. Por \u00faltimo, y no menos importante, la guerra sucia de los monopolios internacionales. Esto no ha sucedido de pronto sino que se lleva cociendo desde hace tiempo, pues Brasil y el Amazonas,<strong> eje sudamericano de los BRICS<\/strong>, siempre han estado en el punto de mira de los yankis buscando tumbar el proyecto de regi\u00f3n que comenzaron los <strong>bolivarianos<\/strong>. No es casualidad que <strong>Lilian Ayalde<\/strong>, <strong>exUSAID<\/strong> y actual asesora del <strong>Comando Sur<\/strong>, fuese embajadora de EE.UU. en Brasil mientras se produc\u00eda el famoso <strong>impeachment contra Dilma<\/strong>, despu\u00e9s de haber sido embajadora en Paraguay mientras se suced\u00eda el<a href=\"https:\/\/www.telesurtv.net\/news\/golpe-parlamentario-fernando-lugo-paraguay-20180622-0003.html\"> golpe parlamentario<\/a>contra <strong>Fernando Lugo<\/strong>. Despu\u00e9s, y seg\u00fan cables filtrados de<strong> Wikileaks<\/strong>, el propio presidente interino de Brasil, <strong>Michel Temer<\/strong>, fue informante de los servicios de inteligencia de Estados Unidos a trav\u00e9s de la embajada de ese pa\u00eds en Brasil, todo mientras la propia <strong>Dilma<\/strong> afirmaba err\u00f3neamente que el proceso de destituci\u00f3n era \u201ceminentemente brasile\u00f1o\u201d.<\/p>\n<p style=\"line-height: 150%; widows: 2; orphans: 2;\" align=\"JUSTIFY\">Tambi\u00e9n el senador <strong>Aloysio Nunes<\/strong>, integrante del <strong>PMDB<\/strong> y responsable del juicio pol\u00edtico contra <strong>Rousseff<\/strong> en el Senado, visit\u00f3 Washington durante tres d\u00edas solo una jornada despu\u00e9s de reunirse con algunos miembros de la <strong>Comisi\u00f3n de Relaciones Exteriores del Senado de EE.UU<\/strong>., representantes de la empresa lobbista <strong>Albright Stonebridge Group<\/strong> \u2014presidida por la exsecretaria de Estado de<strong> Bill Clinton<\/strong>: <strong>Madeleine Albright<\/strong>\u2014 y el exembajador norteamericano en Brasil, <strong>Thomas Shannon<\/strong>, previo a <strong>Ayalde<\/strong>. El codirector del <strong>Centro para la Investigaci\u00f3n Econ\u00f3mica y Pol\u00edtica<\/strong>, <strong>Mark Weisbrott<\/strong>, declar\u00f3 abiertamente que <strong>Shannon<\/strong>hab\u00eda estado involucrado en otros golpes de Estado que se han producido en la regi\u00f3n, incluidos el de <a href=\"http:\/\/www.revistalacomuna.com\/internacional\/honduras-elecciones-2017\/\"><strong>Honduras en 2009<\/strong> <\/a>y el de <strong>Paraguay, en 2012<\/strong>, y que el propio <strong>Nunes<\/strong> se ha pronunciado en repetidas ocasiones a favor de que Brasil establezca unas relaciones m\u00e1s estrechas con EE.UU. Hoy, <strong>Donald Trump<\/strong>, es de los primeros en felicitar efusivamente a <strong>Bolsonaro<\/strong> por su victoria.<\/p>\n<p style=\"font-weight: normal; line-height: 150%; widows: 2; orphans: 2;\" align=\"JUSTIFY\">Bueno, pues todo solo son unas pinceladas de la tradicional injerencia gringa para recuperar lo que consideran su patio trasero, Sudam\u00e9rica, y todos estos factores externos me parecer\u00eda mal no tenerlos en cuenta en cualquier an\u00e1lisis que pretenda tener un m\u00ednimo de seriedad.<\/p>\n<p style=\"line-height: 150%; widows: 2; orphans: 2;\" align=\"JUSTIFY\">Conclusiones: Por concluir, y como nota ya a modo m\u00e1s personal, en Europa hay una orfandad ideol\u00f3gica entre las mal llamadas izquierdas, que mantienen la tesis de moderar el discurso para crear hegemon\u00eda, conquistar as\u00ed a los sectores medios pero sin perder la obsesi\u00f3n por defender la moral liberal y siempre apoyando de vac\u00edo el activismo individualista que se refugia hist\u00e9rico en la lucha cultural de tipo superficial. Todo sin herir sensibilidades de ninguna clase y entremezclando su indefinici\u00f3n de programa con la inacci\u00f3n transformadora, mientras los poderosos nos joden a todos pero en correcto inclusivo, sin techos de cristal y sin fomentarse estereotipos de ninguna clase. Mientras andamos pele\u00e1ndonos en esas, y sin pretender afirmar que haya luchas m\u00e1s importantes que otras, la misma derecha de todas partes se radicaliza y vende discursos xen\u00f3fobos, anticomunistas, belicosos y de total destrucci\u00f3n material de nuestras ya paup\u00e9rrimas condiciones de vida, disfraz\u00e1ndolas de transformadoras sin problema electoral alguno. <strong>Ganan elecciones con un proyecto reaccionario y un discurso extremista que cala entre el pueblo por algo y donde las v\u00edctimas mismas del proceso ser\u00e1n los pobres, los negros, los ind\u00edgenas, las mujeres, los campesinos, el activismo y en definitiva los nadies. <\/strong><\/p>\n<p style=\"line-height: 150%; widows: 2; orphans: 2;\" align=\"JUSTIFY\">Por tanto, todo proyecto pol\u00edtico a futuro de formaciones cada vez menos socialdem\u00f3cratas, como <strong>Podemos<\/strong> por estos lares, que ha perdido mucho apoyo al alejarse de su programa originario, est\u00e1n sustentados en un enorme error de base mientras los hom\u00f3logos patrios de <strong>Bolsonaro<\/strong> o <strong>Trump<\/strong>, como <strong>Ciudadanos<\/strong> o <strong>VOX<\/strong>, crecen felices en sus nichos del trabajador hastiado y \u201cpol\u00edticamente incorrecto\u201d. Me duele m\u00e1s la ausencia de alternativa de masas hacia todos ellos, que el ascenso de tipejos despreciables como sin duda alguna son <strong>Bolsonaro<\/strong>,<strong>Santiago Abascal<\/strong>, <strong>Albert Rivera<\/strong> o <strong>Trump<\/strong>.<\/p>\n<p style=\"line-height: 150%; widows: 2; orphans: 2;\" align=\"JUSTIFY\">Como nota final, todo esto en Brasil ha sido resumido estupendamente \u2014a mi juicio\u2014 por un polit\u00f3logo llamado<strong> Andr\u00e9s Malamud<\/strong> de la siguiente manera:<\/p>\n<p>\u00abVan a elegir a un fascista de verdad, creyendo que es de mentira, por miedo a un comunismo de mentira que creen que es de verdad\u00bb.<\/p>\n<p style=\"font-weight: normal; line-height: 150%;\" align=\"JUSTIFY\">Un saludo y hasta pronto.<\/p>\n<p style=\"font-weight: normal; line-height: 150%; widows: 2; orphans: 2;\" align=\"JUSTIFY\">Fuente: http:\/\/www.revistalacomuna.com\/internacional\/bolsonaro-10-puntos-para-entender-su-victoria\/<\/p>\n<p style=\"margin-bottom: 0cm;\">\n","protected":false},"excerpt":{"rendered":"<p>Mientras andamos pele\u00e1ndonos, la misma derecha de todas partes se radicaliza y vende discursos xen\u00f3fobos, anticomunistas, belicosos y de total destrucci\u00f3n material de nuestras ya paup\u00e9rrimas condiciones de vida sin problema alguno. Ganan elecciones con un discurso extremista que cala entre el pueblo por algo y donde las v\u00edctimas mismas del proceso ser\u00e1n los pobres, los negros, los ind\u00edgenas, las mujeres, los campesinos, el activismo y en definitiva los nadies.<\/p>\n","protected":false},"author":9,"featured_media":3553,"comment_status":"open","ping_status":"open","sticky":false,"template":"","format":"standard","meta":{"footnotes":""},"categories":[33],"tags":[],"class_list":["post-3552","post","type-post","status-publish","format-standard","has-post-thumbnail","hentry","category-america-latina-america-latina"],"aioseo_notices":[],"_links":{"self":[{"href":"https:\/\/espai-marx.net\/index.php?rest_route=\/wp\/v2\/posts\/3552","targetHints":{"allow":["GET"]}}],"collection":[{"href":"https:\/\/espai-marx.net\/index.php?rest_route=\/wp\/v2\/posts"}],"about":[{"href":"https:\/\/espai-marx.net\/index.php?rest_route=\/wp\/v2\/types\/post"}],"author":[{"embeddable":true,"href":"https:\/\/espai-marx.net\/index.php?rest_route=\/wp\/v2\/users\/9"}],"replies":[{"embeddable":true,"href":"https:\/\/espai-marx.net\/index.php?rest_route=%2Fwp%2Fv2%2Fcomments&post=3552"}],"version-history":[{"count":0,"href":"https:\/\/espai-marx.net\/index.php?rest_route=\/wp\/v2\/posts\/3552\/revisions"}],"wp:featuredmedia":[{"embeddable":true,"href":"https:\/\/espai-marx.net\/index.php?rest_route=\/wp\/v2\/media\/3553"}],"wp:attachment":[{"href":"https:\/\/espai-marx.net\/index.php?rest_route=%2Fwp%2Fv2%2Fmedia&parent=3552"}],"wp:term":[{"taxonomy":"category","embeddable":true,"href":"https:\/\/espai-marx.net\/index.php?rest_route=%2Fwp%2Fv2%2Fcategories&post=3552"},{"taxonomy":"post_tag","embeddable":true,"href":"https:\/\/espai-marx.net\/index.php?rest_route=%2Fwp%2Fv2%2Ftags&post=3552"}],"curies":[{"name":"wp","href":"https:\/\/api.w.org\/{rel}","templated":true}]}}