{"id":372,"date":"2006-04-10T00:00:00","date_gmt":"2006-04-10T00:00:00","guid":{"rendered":"https:\/\/espai-marx.net\/?p=372"},"modified":"2020-02-14T11:14:10","modified_gmt":"2020-02-14T10:14:10","slug":"referendum-cantado","status":"publish","type":"post","link":"https:\/\/espai-marx.net\/?p=372","title":{"rendered":"Refer\u00e9ndum cantado"},"content":{"rendered":"<p>&nbsp;<\/p>\n<table>\n<tbody>\n<tr>\n<td>\n<p>( setiembre de 2004)<\/p>\n<p>No hay ning\u00fan motivo para concluir que merced a la Constituci\u00f3n de la Uni\u00f3n Europea -que seg\u00fan todos los indicios ser\u00e1 sometida a refer\u00e9ndum en febrero o marzo- va a cobrar cuerpo entre nosotros una discusi\u00f3n franca y abierta sobre muchos problemas. Para bajarle los humos a una pretensi\u00f3n tan optimista nada mejor que echar una ojeada a lo que, con mucha probabilidad, y desde la atalaya del verano de 2004, ocurrir\u00e1 en los meses venideros.<\/p>\n<p>Por lo que sabemos, y no parece que se vaya a hacer valer ninguna sorpresa al respecto, las dos principales fuerzas pol\u00edticas espa\u00f1olas de \u00e1mbito estatal -el Partido Socialista Obrero Espa\u00f1ol y el Partido Popular- reclamar\u00e1n el s\u00ed a la Constituci\u00f3n, y otro tanto har\u00e1n los dos sindicatos mayoritarios -Comisiones Obreras y Uni\u00f3n General de Trabajadores-, o al menos sus c\u00fapulas dirigentes. En tales condiciones lo esperable es que se imponga un irrefrenable rodillo y se articule, a su amparo, una formidable maquinaria de propaganda.<\/p>\n<p>El peso de la maquinaria mencionada es l\u00f3gico que sea muy notable por cuanto el \u00fanico temor que parece llamado a atenazar a nuestros gobernantes -los de ahora y los de hace bien poco- es el de una baja participaci\u00f3n que al cabo cancele muchos de los pretendidamente saludables efectos de la ratificaci\u00f3n en refer\u00e9ndum: aunque este \u00faltimo puede contribuir a reforzar la idea de que hay un demos, un pueblo, detr\u00e1s de la Constituci\u00f3n, una baja participaci\u00f3n, francamente probable, por lo dem\u00e1s, a la luz de lo ocurrido con ocasi\u00f3n de las elecciones al Parlamento de la UE celebradas en junio, mover\u00e1 el carro en sentido contrario.<\/p>\n<p>Por si lo anterior no fuese suficiente, es l\u00edcito albergar dudas en lo que se refiere a la posici\u00f3n que, en el malhadado refer\u00e9ndum, defender\u00e1n fuerzas pol\u00edticas de menor relieve. Aunque el impulso inicial de la izquierda resistente y de buena parte de las formaciones nacionalistas de la periferia lo es en provecho del no, ya se han escuchado voces que han salido en defensa de f\u00f3rmulas m\u00e1s moderadas, y entre ellas el voto en blanco, la abstenci\u00f3n y el inefable s\u00ed cr\u00edtico. Por lo que parece, sigue pesando mucho la idea de que no es saludable plantar cara con radicalidad a ninguno de los elementos articuladores de la Uni\u00f3n Europea del momento, tanto m\u00e1s en un escenario, el nuestro, en el que sigue campando por sus respetos un incontestado europe\u00edsmo que tradicionalmente se blande frente al aislacionismo que impregn\u00f3 buena parte del pasado m\u00e1s o menos reciente.<\/p>\n<p>As\u00ed las cosas, es harto improbable que entre nosotros se hagan valer posiciones como la que defiende el dirigente socialista franc\u00e9s Laurent Fabius, por lo que cuentan nada encandilado por la Constituci\u00f3n en ciernes, y es improbable, tambi\u00e9n, que prospere el criterio, presuntamente hostil a \u00e9sta, que parece postular el ex presidente del Gobierno, Jos\u00e9 Mar\u00eda Aznar. Este \u00faltimo, en posici\u00f3n psicol\u00f3gica precaria, se muestra distante de una Constituci\u00f3n en la que &#8211;se diga lo que se diga- se han introducido cambios menores, en lo relativo a los acuerdos alcanzados en Niza en 2000, en materia de votos y vetos en el marco de la Comisi\u00f3n Europea. La liviandad de la pataleta de Aznar, firme partidario de situar a Espa\u00f1a en el club de los pa\u00edses m\u00e1s ricos del globo, sin renunciar -eso s\u00ed- al cobro de los Fondos Estructurales y de Cohesi\u00f3n, se revela de la mano de un olvido significado: el de que, conforme a lo acordado en Niza, un ciudadano espa\u00f1ol contaba, en t\u00e9rminos de decisiones en el marco de la UE, casi con el mismo peso que tres ciudadanos germanos.<\/p>\n<p>La disputa por vetos y votos a la que acabamos de referirnos anuncia, una vez m\u00e1s, y en fin, que las discusiones importantes en lo que se refiere a la naturaleza de la Uni\u00f3n Europea de principios del siglo XXI le ser\u00e1n hurtadas a la ciudadan\u00eda. No deja de ser significativo, sin ir m\u00e1s lejos, que fuerzas pol\u00edticas de corte aparentemente dispar se empecinen en preservar cuotas de poder para sus Estados, y desde\u00f1en en paralelo la conveniencia de apuntalar, hasta donde sea posible, sus opciones ideol\u00f3gicas. Pareciera como si para muchos pesase m\u00e1s la perspectiva de que Espa\u00f1a, Francia o Italia conserven determinados votos o esca\u00f1os que la posibilidad de que la opci\u00f3n ideol\u00f3gica propia -conservadora, socialista o la que fuere- disfrute de activos reales de decisi\u00f3n en las diferentes instituciones europeas.<\/p>\n<p>En tales condiciones, y sin ninguna ilusi\u00f3n con respecto a un refer\u00e9ndum de resultado cantado y aliento menor, bueno ser\u00e1 que peleemos para que, al amparo de aqu\u00e9l, se abra camino una discusi\u00f3n franca en la que se hable, y en serio, de at\u00e1vicos d\u00e9ficits democr\u00e1ticos, derechos sociales en retroceso y pol\u00edticas exteriores que muestran cotidianamente su escaso compromiso con la causa de la justicia, de la paz y de la solidaridad. Para que queden atr\u00e1s, en fin, tantos a\u00f1os de silencio e indiferencia ante la Uni\u00f3n Europea.<\/td>\n<td><\/td>\n<td><\/td>\n<\/tr>\n<\/tbody>\n<\/table>\n<p><\/p>\n","protected":false},"excerpt":{"rendered":"<p>(   setiembre de 2004) <\/p>\n<p>No hay ning\u00fan motivo para   concluir que merced a la Constituci\u00f3n de la Uni\u00f3n Europea -que seg\u00fan todos   los indicios ser\u00e1 sometida a refer\u00e9ndum en febrero o marzo- va a cobrar   cuerpo entre nosotros una discusi\u00f3n franca y abierta sobre muchos problemas.   Para bajarle los humos a una pretensi\u00f3n tan optimista nada mejor que echar   una ojeada a lo que, con mucha probabilidad, y desde la atalaya del verano de   2004, ocurrir\u00e1 en los meses venideros. <\/p>\n<p>Por lo que sabemos, y no parece   que se vaya a hacer valer ninguna sorpresa al respecto, las dos principales   fuerzas pol\u00edticas espa\u00f1olas de \u00e1mbito estatal -el Partido Socialista Obrero   Espa\u00f1ol y el Partido Popular- reclamar\u00e1n el s\u00ed a la Constituci\u00f3n, y otro   tanto har\u00e1n los dos sindicatos mayoritarios -Comisiones Obreras y Uni\u00f3n   General de Trabajadores-, o al menos sus c\u00fapulas dirigentes. En tales   condiciones lo esperable es que se imponga un irrefrenable rodillo y se   articule, a su amparo, una formidable maquinaria de propaganda. <\/p>\n<p>El peso de la maquinaria   mencionada es l\u00f3gico que sea muy notable por cuanto el \u00fanico temor que parece   llamado a atenazar a nuestros gobernantes -los de ahora y los de hace bien   poco- es el de una baja participaci\u00f3n que al cabo cancele muchos de los   pretendidamente saludables efectos de la ratificaci\u00f3n en refer\u00e9ndum: aunque   este \u00faltimo puede contribuir a reforzar la idea de que hay un demos, un   pueblo, detr\u00e1s de la Constituci\u00f3n, una baja participaci\u00f3n, francamente   probable, por lo dem\u00e1s, a la luz de lo ocurrido con ocasi\u00f3n de las elecciones   al Parlamento de la UE celebradas en junio, mover\u00e1 el carro en sentido   contrario. <\/p>\n<p>Por si lo anterior no fuese   suficiente, es l\u00edcito albergar dudas en lo que se refiere a la posici\u00f3n que,   en el malhadado refer\u00e9ndum, defender\u00e1n fuerzas pol\u00edticas de menor relieve.   Aunque el impulso inicial de la izquierda resistente y de buena parte de las   formaciones nacionalistas de la periferia lo es en provecho del no, ya se han   escuchado voces que han salido en defensa de f\u00f3rmulas m\u00e1s moderadas, y entre   ellas el voto en blanco, la abstenci\u00f3n y el inefable s\u00ed cr\u00edtico. Por lo que   parece, sigue pesando mucho la idea de que no es saludable plantar cara con   radicalidad a ninguno de los elementos articuladores de la Uni\u00f3n Europea del   momento, tanto m\u00e1s en un escenario, el nuestro, en el que sigue campando por   sus respetos un incontestado europe\u00edsmo que tradicionalmente se blande frente   al aislacionismo que impregn\u00f3 buena parte del pasado m\u00e1s o menos reciente. <\/p>\n<p>As\u00ed las cosas, es harto   improbable que entre nosotros se hagan valer posiciones como la que defiende   el dirigente socialista franc\u00e9s Laurent Fabius, por lo que cuentan nada   encandilado por la Constituci\u00f3n en ciernes, y es improbable, tambi\u00e9n, que   prospere el criterio, presuntamente hostil a \u00e9sta, que parece postular el ex   presidente del Gobierno, Jos\u00e9 Mar\u00eda Aznar. Este \u00faltimo, en posici\u00f3n   psicol\u00f3gica precaria, se muestra distante de una Constituci\u00f3n en la que &#8211;se   diga lo que se diga- se han introducido cambios menores, en lo relativo a los   acuerdos alcanzados en Niza en 2000, en materia de votos y vetos en el marco   de la Comisi\u00f3n Europea. La liviandad de la pataleta de Aznar, firme   partidario de situar a Espa\u00f1a en el club de los pa\u00edses m\u00e1s ricos del globo,   sin renunciar -eso s\u00ed- al cobro de los Fondos Estructurales y de Cohesi\u00f3n, se   revela de la mano de un olvido significado: el de que, conforme a lo acordado   en Niza, un ciudadano espa\u00f1ol contaba, en t\u00e9rminos de decisiones en el marco   de la UE, casi con el mismo peso que tres ciudadanos germanos. <\/p>\n","protected":false},"author":9,"featured_media":0,"comment_status":"open","ping_status":"open","sticky":false,"template":"","format":"standard","meta":{"footnotes":""},"categories":[42],"tags":[],"class_list":["post-372","post","type-post","status-publish","format-standard","hentry","category-europa-europa"],"aioseo_notices":[],"_links":{"self":[{"href":"https:\/\/espai-marx.net\/index.php?rest_route=\/wp\/v2\/posts\/372","targetHints":{"allow":["GET"]}}],"collection":[{"href":"https:\/\/espai-marx.net\/index.php?rest_route=\/wp\/v2\/posts"}],"about":[{"href":"https:\/\/espai-marx.net\/index.php?rest_route=\/wp\/v2\/types\/post"}],"author":[{"embeddable":true,"href":"https:\/\/espai-marx.net\/index.php?rest_route=\/wp\/v2\/users\/9"}],"replies":[{"embeddable":true,"href":"https:\/\/espai-marx.net\/index.php?rest_route=%2Fwp%2Fv2%2Fcomments&post=372"}],"version-history":[{"count":0,"href":"https:\/\/espai-marx.net\/index.php?rest_route=\/wp\/v2\/posts\/372\/revisions"}],"wp:attachment":[{"href":"https:\/\/espai-marx.net\/index.php?rest_route=%2Fwp%2Fv2%2Fmedia&parent=372"}],"wp:term":[{"taxonomy":"category","embeddable":true,"href":"https:\/\/espai-marx.net\/index.php?rest_route=%2Fwp%2Fv2%2Fcategories&post=372"},{"taxonomy":"post_tag","embeddable":true,"href":"https:\/\/espai-marx.net\/index.php?rest_route=%2Fwp%2Fv2%2Ftags&post=372"}],"curies":[{"name":"wp","href":"https:\/\/api.w.org\/{rel}","templated":true}]}}