{"id":3740,"date":"2019-03-16T11:21:00","date_gmt":"2019-03-16T11:21:00","guid":{"rendered":"https:\/\/espai-marx.net\/?p=3740"},"modified":"2020-02-14T12:50:15","modified_gmt":"2020-02-14T11:50:15","slug":"las-izquierdas-ante-la-catastrofe-green-new-deal-o-revolucion-ecosocial","status":"publish","type":"post","link":"https:\/\/espai-marx.net\/?p=3740","title":{"rendered":"Las izquierdas ante la cat\u00e1strofe: Green New Deal o revoluci\u00f3n ecosocial"},"content":{"rendered":"\r\n\r\n\r\n\r\n\r\n<p>Durante el pasado acto de presentaci\u00f3n de M\u00e1s Madrid, Carlos, un chico de 13 a\u00f1os,\u00a0<a href=\"https:\/\/www.youtube.com\/watch?v=NMHgi5ENSrs\" target=\"_blank\" rel=\"noreferrer noopener\">preguntaba a Manuela Carmena e I\u00f1igo Errej\u00f3n<\/a>, con manifiesta preocupaci\u00f3n, sobre el punto de no retorno que nuestras sociedades atraviesan a causa de la\u00a0<a href=\"http:\/\/www.sinpermiso.info\/textos\/la-humanidad-ha-eliminado-mas-del-60-de-los-animales-desde-1970-da-cuenta-un-importante-informe\" target=\"_blank\" rel=\"noreferrer noopener\">extinci\u00f3n masiva de especies<\/a>\u00a0y el peligro que ello supone para la propia supervivencia del ser humano.<\/p>\r\n\r\n\r\n\r\n<p>En un arranque de sinceridad, Errej\u00f3n respondi\u00f3 al joven que \u201chay una cosa de la que nunca se habla en las campa\u00f1as electorales porque, como nos pilla grande, como parece que es una cosa que no podemos abarcar, pues lo vamos dejando, de modo que preferimos hacer como si eso no existiera y es una constataci\u00f3n que todos sabemos, pero que no afrontamos: que es que nos vamos a cargar el planeta, que nos lo estamos cargando ya, y que el mundo que le vamos a dejar a las siguientes generaciones ser\u00e1 un mundo cada vez menos habitable, m\u00e1s injusto, m\u00e1s \u00e1rido, m\u00e1s incapacitado para servirnos de hogar\u2026 porque lo estamos destruyendo y nunca lo afrontamos en realidad&#8230; Lo decimos como cat\u00e1strofe que nos espera, como en las pel\u00edculas de ciencia ficci\u00f3n que nos dicen que dentro de cien a\u00f1os&#8230; Pero, (la cat\u00e1strofe) est\u00e1 aqu\u00ed, ha llegado ya\u201d.<\/p>\r\n\r\n\r\n\r\n<p><strong>La gran verdad inc\u00f3moda<\/strong><\/p>\r\n\r\n\r\n\r\n<p>Efectivamente, la mejor ciencia disponible constata que la cat\u00e1strofe ecol\u00f3gica no es algo que est\u00e9 por llegar, sino una realidad con la que convivimos, aunque todav\u00eda no seamos o no queramos ser conscientes de ello. El efecto combinado del cambio clim\u00e1tico y la p\u00e9rdida masiva de biodiversidad ya est\u00e1n presionando dram\u00e1ticamente sobre el conjunto de los ecosistemas naturales de los que depende la vida en este planeta. Mientras que el agotamiento de los recursos f\u00f3siles y minerales se suma a estos dos procesos para aumentar la presi\u00f3n sobre el metabolismo econ\u00f3mico e industrial del que depende nuestras sociedades modernas, provocando\u00a0<a href=\"https:\/\/crashoil.blogspot.com\/2010\/06\/digamos-alto-y-claro-esta-crisis.html\" target=\"_blank\" rel=\"noreferrer noopener\">una crisis econ\u00f3mica que no acabar\u00e1 nunca<\/a>.<\/p>\r\n\r\n\r\n\r\n<p>Esta es la gran verdad inc\u00f3moda que la ciencia lleva d\u00e9cadas advirti\u00e9ndonos, pero que negamos una y otra vez: el metabolismo del capitalismo industrial globalizado genera una riqueza ilusoria y ef\u00edmera, que est\u00e1 destrozando las bases de la vida en el planeta y agotando los recursos de los que depende. Y la terrible noticia es que\u00a0<a href=\"http:\/\/www.rebelion.org\/noticia.php?id=200111\" target=\"_blank\" rel=\"noreferrer noopener\">el proceso de colapso civilizatorio ya ha comenzado<\/a>, tras chocar contra los l\u00edmites ecol\u00f3gicos del planeta, por lo que la reproducci\u00f3n de nuestra civilizaci\u00f3n industrial ha entrado en una fase que podr\u00edamos llamar, valga la paradoja, \u201cfascismo de supervivencia suicida\u201d: un estadio en el que el sistema trata de mantenerse\u00a0<a href=\"https:\/\/crashoil.blogspot.com\/2011\/12\/la-gran-exclusion.html\" target=\"_blank\" rel=\"noreferrer noopener\">a costa de una gran exclusi\u00f3n social<\/a>, aumentando la opresi\u00f3n y la expulsi\u00f3n de cada vez m\u00e1s poblaciones humanas hacia fuera de los m\u00e1rgenes del sistema, donde la pobreza y la muerte es el destino m\u00e1s probable, al mismo tiempo que avanza en su carrera suicida hacia un caos clim\u00e1tico catastr\u00f3fico, al ser incapaz de desengancharse de su adicci\u00f3n f\u00f3sil, lo que podr\u00eda llevar, finalmente, a la extinci\u00f3n humana.<\/p>\r\n\r\n\r\n\r\n<p><strong>Las ra\u00edces de la cat\u00e1strofe<\/strong><\/p>\r\n\r\n\r\n\r\n<p>La cat\u00e1strofe ecol\u00f3gica que no vemos o no queremos ver, pero que se cierne sobre nosotros, no es m\u00e1s que el resultado de d\u00e9cadas de econom\u00eda capitalista industrial, espoleada por la disponibilidad de los combustibles f\u00f3siles baratos y el imperativo del crecimiento econ\u00f3mico continuo en un sistema financiado por la deuda.<\/p>\r\n\r\n\r\n\r\n<p>La alteraci\u00f3n del clima, la extinci\u00f3n masiva de especies, la p\u00e9rdida de los bosques, la acidificaci\u00f3n de los oc\u00e9anos, la p\u00e9rdida de la fertilidad del suelo, la contaminaci\u00f3n o el agotamiento de los recursos son el resultado l\u00f3gico, no accidental, de un sistema econ\u00f3mico que requiere de un extractivismo creciente en busca de un aumento continuo de los bienes y servicios, para que puedan ser mercantilizados, logrando as\u00ed el imperativo del sistema capitalista: el crecimiento econ\u00f3mico.<\/p>\r\n\r\n\r\n\r\n<p>Una cat\u00e1strofe que parece que nos llega por sorpresa, pero sobre la que la ciencia nos lleva alertando de forma repetida, desde hace m\u00e1s de cuarenta y cinco a\u00f1os, cuando se p\u00fablico el informe sobre\u00a0<a href=\"https:\/\/es.wikipedia.org\/wiki\/Los_l%C3%ADmites_del_crecimiento\" target=\"_blank\" rel=\"noreferrer noopener\">\u201cLos l\u00edmites del crecimiento\u201d en 1972<\/a>. Y que, s\u00f3lo cuando el cambio clim\u00e1tico, la p\u00e9rdida masiva de biodiversidad y el agotamiento de los recursos no renovables se convierten en una realidad aplastante que amenaza la reproducci\u00f3n del capital, empieza a preocupar a los gobiernos y no porque hayan aumentado su sensibilidad hacia la naturaleza, sino porque ahora han dejado de salirle las cuentas: el sistema econ\u00f3mico, al chocar contra los l\u00edmites ecol\u00f3gicos del planeta, muestra signos inconfundibles de agotamiento e incapacidad para seguir creciendo y satisfacer las necesidades de las mayor\u00edas sociales.<\/p>\r\n\r\n\r\n\r\n<p>De modo que las ra\u00edces de la cat\u00e1strofe ecol\u00f3gica y el colapso civilizatorio en curso no est\u00e1n principalmente, entonces, en las malvadas decisiones de banqueros, ejecutivos de grandes corporaciones o pol\u00edticos de turno (que tambi\u00e9n), sino en la propia l\u00f3gica del sistema que se basa en el crecimiento econ\u00f3mico perpetuo y la producci\u00f3n industrial, a trav\u00e9s de un extractivismo sin fin.<\/p>\r\n\r\n\r\n\r\n<p><strong>El miedo a decir la verdad<\/strong><\/p>\r\n\r\n\r\n\r\n<p>Sin embargo, a pesar de toda la evidencia cient\u00edfica acumulada, nos enfrentamos a nuevas citas electorales en las que el conjunto de las fuerzas pol\u00edticas, la gran mayor\u00eda de los medios de comunicaci\u00f3n, e incluso la mayor parte de las organizaciones y los movimientos sociales de nuestro pa\u00eds, pero tambi\u00e9n del conjunto de Europa y del mundo, sigue mirando hacia otro lado como si no pasara nada o fuera un asunto menor; no atrevi\u00e9ndose a hablar con claridad a la ciudadan\u00eda sobre los grav\u00edsimos problemas de insostenibilidad civilizatoria y de crisis ecol\u00f3gica que enfrentamos, ni a poner a este asunto en el centro del debate social y electoral. Algo que resulta\u00a0<a href=\"https:\/\/www.youtube.com\/watch?v=CCupPAa7Rbc\" target=\"_blank\" rel=\"noreferrer noopener\">incomprensible a los ojos de una joven<\/a>, como Greta Thunberg, quien con tan s\u00f3lo 16 a\u00f1os ha puesto su vida al servicio de esta causa, impulsando las\u00a0<a href=\"https:\/\/www.eldiario.es\/sociedad\/Nace-movimiento-juvenil-estudiantil-Madrid_0_871763608.html\" target=\"_blank\" rel=\"noreferrer noopener\">huelgas estudiantiles<\/a>\u00a0que hoy se expanden por toda Europa para frenar el cambio clim\u00e1tico.<\/p>\r\n\r\n\r\n\r\n<p>As\u00ed que vemos a unos gobernantes, medios de comunicaci\u00f3n y organizaciones pol\u00edticas y sociales que, por el momento, siguen evitando hablar con honestidad acerca del colapso clim\u00e1tico y civilizatorio en curso, quiz\u00e1s porque todav\u00eda no comprenden el calado real de la situaci\u00f3n o porque no se sienten preparados para abordarlo o porque tendr\u00edan que revisar de arriba a abajo sus idearios y propuestas pol\u00edticas o porque quiz\u00e1s tengan miedo a convertirse en demasiado radicales e impopulares.<\/p>\r\n\r\n\r\n\r\n<p>De momento, s\u00f3lo podemos aplaudir las palabras que pronunci\u00f3 Greta Thunberg en\u00a0<a href=\"https:\/\/www.youtube.com\/watch?v=wYr3DNWcFO0\" target=\"_blank\" rel=\"noreferrer noopener\">su excelente discurso<\/a>\u00a0durante la \u00faltima cumbre clim\u00e1tica de Katowice, cuando se dirigi\u00f3 a la clase pol\u00edtica para decirles: \u201cTenemos que hablar claro, no importa lo inc\u00f3modo que sea. Vosotros s\u00f3lo habl\u00e1is de crecimiento econ\u00f3mico verde eterno, porque ten\u00e9is demasiado miedo de ser impopulares. S\u00f3lo habl\u00e1is de moverse hacia delante con las mismas malas ideas que nos han metido en este desastre, incluso cuando lo \u00fanico sensato es tirar del freno de emergencia. No sois lo suficientes maduros para contar las cosas como son\u201d.<\/p>\r\n\r\n\r\n\r\n<p><strong>La dificultad de asumir la radicalidad de la verdad<\/strong><\/p>\r\n\r\n\r\n\r\n<p>As\u00ed que asistimos a nuevas citas electorales sin que ninguna fuerza pol\u00edtica de izquierda se est\u00e9 preparando hoy para plantear un\u00a0<a href=\"http:\/\/www.transicion-ecologica.info\/emergencia\/\" target=\"_blank\" rel=\"noreferrer noopener\">programa radical de transici\u00f3n ecol\u00f3gica<\/a>\u00a0hacia un nuevo sistema econ\u00f3mico y productivo alternativo al actual orden capitalista global y metabolismo industrial. En el mejor de los casos, s\u00f3lo se vislumbra un\u00a0<a href=\"https:\/\/es.wikipedia.org\/wiki\/A_Green_New_Deal\" target=\"_blank\" rel=\"noreferrer noopener\">Green New Deal<\/a>\u00a0que trate de relanzar el empleo y el crecimiento econ\u00f3mico mediante pol\u00edticas que busquen la mejora de la eficiencia energ\u00e9tica y material del propio sistema, tal y como defendieron recientemente Teresa Ribera, la ministra para la Transici\u00f3n Ecol\u00f3gica del Gobierno de Espa\u00f1a,\u00a0<a href=\"https:\/\/www.miteco.gob.es\/va\/prensa\/ultimas-noticias\/teresa-ribera-el-sector-financiero-y-empresarial-espa%C3%B1ol-est%C3%A1-muy-bien-posicionado-para-aprovechar-las-oportunidades-de-la-transici%C3%B3n-ecol%C3%B3gica\/tcm:39-486189\" target=\"_blank\" rel=\"noreferrer noopener\">ante el sector financiero y empresarial espa\u00f1ol<\/a>\u00a0o Pablo Bustinduy, de Unidas Podemos,\u00a0<a href=\"https:\/\/www.youtube.com\/watch?v=RrLziRZfLy0&amp;feature=youtu.be\" target=\"_blank\" rel=\"noreferrer noopener\">en una de sus \u00faltimas intervenciones en el Congreso de los Diputados<\/a>. Incluso Equo, el partido pol\u00edtico que, sin duda, est\u00e1 m\u00e1s concienciado con la cuesti\u00f3n ecol\u00f3gica en nuestro pa\u00eds parece conformarse con un Green New Deal,\u00a0<a href=\"http:\/\/partidoequo.es\/por-una-europa-mas-verde-economia-y-empleo-verde\/\" target=\"_blank\" rel=\"noreferrer noopener\">tal y como lo anuncian en su web<\/a>.<\/p>\r\n\r\n\r\n\r\n<p>De modo que la tragedia de nuestra \u00e9poca,\u00a0<a href=\"https:\/\/twitter.com\/E_Santiago_Muin\/status\/1097065299919007745\" target=\"_blank\" rel=\"noreferrer noopener\">como bien apunta Emilio Santiago Mui\u00f1o<\/a>, \u201ces que lo ecol\u00f3gicamente obligatorio parece pol\u00edticamente imposible\u201d o, al menos, eso es lo que se intuye cuando se opera bajo la realpolitik que se ve constre\u00f1ida por la\u00a0<a href=\"https:\/\/es.wikipedia.org\/wiki\/Ventana_de_Overton\" target=\"_blank\" rel=\"noreferrer noopener\">ventana de Overton<\/a>, una teor\u00eda que informa a la clase pol\u00edtica acerca del rango de ideas que el p\u00fablico puede encontrar aceptable en cada momento, estableciendo lo que se puede plantear sin llegar a ser considerado demasiado extremista como para poder ocupar o mantener un cargo p\u00fablico.<\/p>\r\n\r\n\r\n\r\n<p>Y siguiendo con el razonamiento de Emilio Santiago, si \u201cen la situaci\u00f3n actual de emergencia planetaria, el tipo de intervenci\u00f3n pol\u00edtica que se requiere se parece m\u00e1s a las transformaciones s\u00fabitas y revolucionarias dadas en las naciones industriales bajo la econom\u00eda de guerra de la Segunda Guerra Mundial\u201d, \u00bfqu\u00e9 fuerza pol\u00edtica se atrever\u00eda hoy a echar el freno de emergencia y a plantear una revoluci\u00f3n para la pr\u00f3xima d\u00e9cada que produzca un aut\u00e9ntico cambio sist\u00e9mico?<\/p>\r\n\r\n\r\n\r\n<p>Parece claro: ante la brecha existente entre lo que las mayor\u00edas sociales podr\u00edan considerar aceptable y un programa radical que exigiera enfrentar la gravedad de la crisis ecol\u00f3gica y el colapso civilizatorio, las izquierdas pol\u00edticas parecen haber optado por abrazar el nuevo posibilismo del Green New Deal.<\/p>\r\n\r\n\r\n\r\n<p><strong>El abrazo del oso del Green New Deal y la Agenda 2030<\/strong><\/p>\r\n\r\n\r\n\r\n<p>Tanto el Green New Deal como la\u00a0<a href=\"https:\/\/www.un.org\/sustainabledevelopment\/es\/2015\/09\/la-asamblea-general-adopta-la-agenda-2030-para-el-desarrollo-sostenible\/\" target=\"_blank\" rel=\"noreferrer noopener\"><em>Agenda 2030<\/em><\/a>\u00a0impulsada por las Naciones Unidas, que son hoy referentes para la gran mayor\u00eda de las fuerzas progresistas, persisten en los\u00a0<a href=\"https:\/\/drive.google.com\/file\/d\/0B_i8AxSvx26qNEg1TU5FOXpiR2M\/view\" target=\"_blank\" rel=\"noreferrer noopener\">mitos modernos<\/a>\u00a0del crecimiento econ\u00f3mico y la industrializaci\u00f3n como paradigma del bienestar de la humanidad, sin comprender que ellos son parte de la ra\u00edz del problema y que, por tanto, no pueden formar parte de la soluci\u00f3n.<\/p>\r\n\r\n\r\n\r\n<p>Unos dogmas de fe que, ante sus horas m\u00e1s bajas, tratan de ser revitalizados por los gobiernos de los pa\u00edses enriquecidos y las corporaciones transnacionales a trav\u00e9s de estas \u201c<em>nuevas agendas progresistas y verdes\u201d<\/em>\u00a0que, con una visi\u00f3n reformista y\u00a0<a href=\"https:\/\/es.wikipedia.org\/wiki\/Revoluci%C3%B3n_industrial_etapa_cuatro\" target=\"_blank\" rel=\"noreferrer noopener\">tecno-optimista<\/a>\u00a0del sistema, pasan por alto las numerosas\u00a0<a href=\"https:\/\/crashoil.blogspot.com\/2014\/08\/post-de-resumen-los-limites-de-las.html\" target=\"_blank\" rel=\"noreferrer noopener\">limitaciones de las energ\u00edas renovables<\/a>\u00a0y de la\u00a0<a href=\"https:\/\/ecopolitica.org\/la-cuestion-de-la-sostenibilidad-en-la-digitalizacion-de-la-economia\/\" target=\"_blank\" rel=\"noreferrer noopener\">digitalizaci\u00f3n de la econom\u00eda<\/a>, que hacen inviable generalizar y universalizar los beneficios de estas agendas y que, por tanto, m\u00e1s que tratar de resolver los problemas sociales y ecol\u00f3gicos de la humanidad, parecen ser las nuevas v\u00edas con las que las \u00e9lites tratan de legitimar sus propias soluciones tecnol\u00f3gicas, como denuncia\u00a0<a href=\"https:\/\/ctxt.es\/es\/20180801\/Politica\/21062\/tecnologia-futuro-ricos-pobres-economia-Douglas-Rushkoff.htm\" target=\"_blank\" rel=\"noreferrer noopener\">Douglas Rushkoff<\/a>, para asegurar su propia capacidad de influencia y supervivencia futura ante el inevitable colapso de nuestra civilizaci\u00f3n industrial en un planeta degradado.<\/p>\r\n\r\n\r\n\r\n<p>Un Green New Deal que se ve fortalecido en las izquierdas ante la amenaza del\u00a0<em>neofascismo<\/em>, representado por figuras como Trump, Bolsolnaro, Le Pen o el potencial\u00a0<em>tripartito de extrema derecha\u00a0<\/em>en Espa\u00f1a y que configura as\u00ed una nueva dualidad que pretende definir, de nuevo, los m\u00e1rgenes \u201cde lo posible\u201d y hacernos creer que s\u00f3lo es realista y sensato elegir entre ellos, dando por buena la continuidad del sistema capitalista en su versi\u00f3n m\u00e1s\u00a0<a href=\"https:\/\/www.ecologistasenaccion.org\/?p=29042\" target=\"_blank\" rel=\"noreferrer noopener\">ecofascista.<\/a>\u00a0\u00c9ste es el drama pol\u00edtico de nuestro tiempo: nos enfrentamos a una d\u00e9cada decisiva para la supervivencia de la humanidad y nos encontramos con una izquierda que, ante el miedo de la amenaza del\u00a0<em>fascismo,<\/em>\u00a0parece correr alegremente hacia el abrazo del oso del Green New Deal.<\/p>\r\n\r\n\r\n\r\n<p><strong>Las demandas revolucionarias de los nuevos ecologismos sociales emergentes<\/strong><\/p>\r\n\r\n\r\n\r\n<p>As\u00ed que una vez muerta la esperanza en la pol\u00edtica institucional que juega siempre dentro de los m\u00e1rgenes de \u201clo posible\u201d, aceptando las l\u00f3gicas del sistema, ha llegado el momento de que la sociedad civil global act\u00fae. Y eso es justo lo que est\u00e1 empezando a ocurrir cuando vemos c\u00f3mo las\u00a0<a href=\"https:\/\/www.publico.es\/sociedad\/huelgas-estudiantiles-cambio-climatico-multiplican-europa.html\" target=\"_blank\" rel=\"noreferrer noopener\"><em>Huelgas Estudiantiles contra el Cambio Clim\u00e1tico<\/em><\/a>\u00a0se est\u00e1n multiplicando por toda Europa para denunciar al sistema capitalista como causante de la actual crisis ecol\u00f3gica o c\u00f3mo las acciones directas de\u00a0<a href=\"https:\/\/rebellion.earth\/\" target=\"_blank\" rel=\"noreferrer noopener\">Extinction Rebellion<\/a>, un movimiento de desobediencia civil masiva y noviolenta, se est\u00e1n extendiendo como la p\u00f3lvora por todo el mundo con las siguientes demandas:<\/p>\r\n\r\n\r\n\r\n<ol class=\"wp-block-list\">\r\n<li>que los gobiernos digan la verdad sobre la gravedad de la crisis ecol\u00f3gica y trabajen, junto a los medios de comunicaci\u00f3n de masas, para informar a la ciudadan\u00eda,<\/li>\r\n<li>que se ponga en marcha una movilizaci\u00f3n mundial a escala de la Segunda Guerra Mundial para lograr reducir las emisiones netas a cero en 2025, promulgando medidas pol\u00edticas legalmente vinculantes que reduzcan los actuales niveles de consumo, y<\/li>\r\n<li>que se creen Asambleas Ciudadanas encargadas de supervisar este proceso de movilizaci\u00f3n.<\/li>\r\n<\/ol>\r\n\r\n\r\n\r\n<p>Movimientos que est\u00e1n abriendo un nuevo ciclo de movilizaci\u00f3n social que exige una salida urgente, justa y ordenada del capitalismo, mediante una radicalizaci\u00f3n democr\u00e1tica capaz de alcanzar la\u00a0<a href=\"https:\/\/blogs.publico.es\/dominiopublico\/27926\/cambiar-el-rumbo-no-el-clima\/\" target=\"_blank\" rel=\"noreferrer noopener\">justicia clim\u00e1tica<\/a>\u00a0a trav\u00e9s de mecanismos de control social democr\u00e1tico por parte de la ciudadan\u00eda sobre cada una de las medidas pol\u00edticas encaminadas a \u201cfrenar el cambio clim\u00e1tico\u201d y \u201cadaptar a las sociedades a un escenario de menor disponibilidad de recursos\u201d. Unos mecanismos que ser\u00e1n imprescindibles si no queremos que las medidas tomadas acaben perjudicando a las capas m\u00e1s vulnerables de la poblaci\u00f3n y beneficiando s\u00f3lo a una minor\u00eda social como ya ha ocurrido, por ejemplo, con los emblem\u00e1ticos casos de los impuestos al di\u00e9sel en Francia que dieron origen al nacimiento de la revuelta de los\u00a0<em>chalecos amarillos<\/em><em>,\u00a0<\/em>como bien denunciaron\u00a0<a href=\"https:\/\/ctxt.es\/es\/20181219\/Firmas\/23530\/Emilio-Santiago-Mui%C3%B1o-Hector-Tejero-tribuna-Francia-chalecos-amarillos-ecologismo-sociedad.htm\" target=\"_blank\" rel=\"noreferrer noopener\">Emilio Santiago Mui\u00f1o y H\u00e9ctor Tejero<\/a>\u00a0o las\u00a0<a href=\"https:\/\/movilidadelectrica.com\/el-plan-vea-2019-se-pondra-en-marcha-en-las-proximas-semanas\/\" target=\"_blank\" rel=\"noreferrer noopener\">subvenciones al coche el\u00e9ctrico<\/a>\u00a0que, en realidad, se est\u00e1n convirtiendo en un instrumento para beneficiar a los m\u00e1s ricos a costa de las clases populares, como advierte\u00a0<a href=\"https:\/\/crashoil.blogspot.com\/2019\/01\/usted-va-pagar-el-coche-electrico.html\" target=\"_blank\" rel=\"noreferrer noopener\">Antonio Turiel<\/a><em>.<\/em><\/p>\r\n\r\n\r\n\r\n<p><strong>\u00bfEstar\u00e1n las izquierdas institucionales a la altura de las circunstancias?<\/strong><\/p>\r\n\r\n\r\n\r\n<p>Y en este contexto nos acercamos a las pr\u00f3ximas elecciones generales, municipales y europeas que ser\u00e1n determinantes para definir el papel de los gobiernos a la hora de incentivar, acompa\u00f1ar o bloquear las inaplazables transformaciones que deben ser impulsadas en el seno de nuestras sociedades.<\/p>\r\n\r\n\r\n\r\n<p>As\u00ed que no ser\u00eda de extra\u00f1ar que, a medida que estos nuevos movimientos ecosociales emergentes cojan fuerza en las calles, la crisis ecol\u00f3gica tome un protagonismo inusitado, apareciendo en los discursos de algunas organizaciones pol\u00edticas y sociales de izquierda que, hasta ahora, no le hab\u00edan dado prioridad, pero que presionadas por la nueva opini\u00f3n p\u00fablica, busquen ahora presentarse como l\u00edderes de la transici\u00f3n ecol\u00f3gica, no tanto para satisfacer las demandas revolucionarias de estos movimientos como para hacerlos compatibles con sus agendas socialdem\u00f3cratas verdes.<\/p>\r\n\r\n\r\n\r\n<p>No obstante, tambi\u00e9n podr\u00eda ocurrir, aunque es menos probable, que algunas fuerzas pol\u00edticas y sociales asuman con honestidad y radicalidad este nuevo despertar social y aboguen por iniciar procesos pol\u00edticos de revisi\u00f3n interna que les lleven a cambiar sus narrativas, estrategias, programas y acciones pol\u00edticas, algo que Manuel Casal Lodeiro ya ha explorado magn\u00edficamente en su obra\u00a0<a href=\"http:\/\/www.laovejaroja.es\/casallodeiro.htm\" target=\"_blank\" rel=\"noreferrer noopener\"><em>La izquierda ante el colapso de la civilizaci\u00f3n industrial<\/em><\/a>. Lo cual, en caso de producirse, ser\u00eda, sin duda, una gran noticia que ayudar\u00eda enormemente a ampliar las posibilidades de realizar las transformaciones sist\u00e9micas que necesitan nuestras sociedades.<\/p>\r\n\r\n\r\n\r\n<p>Habr\u00e1 que prestar mucha atenci\u00f3n para evitar que un Green New Deal acabe por desactivar el esp\u00edritu revolucionario de estos nuevos movimientos ecosociales, y tratar de lograr que las izquierdas asuman la radicalidad que necesitamos hoy para frenar el cambio clim\u00e1tico y adaptarnos a un nuevo escenario de menor consumo material y energ\u00e9tico, mediante un ejercicio de radicalidad democr\u00e1tica y justicia global.<\/p>\r\n\r\n\r\n\r\n<p><strong>Ahora toca presionar y desbordar en las calles<\/strong><\/p>\r\n\r\n\r\n\r\n<p>Pero para eso a\u00fan es muy pronto, todav\u00eda no somos multitud, as\u00ed que ahora lo que toca es llenar las calles en las pr\u00f3ximas\u00a0<a href=\"https:\/\/www.sindicatodeestudiantes.net\/noticias\/otras-noticias\/3045-15-de-marzo-huelga-general-estudiantil-europea-contra-el-cambio-climatico\" target=\"_blank\" rel=\"noreferrer noopener\">Huelgas Clim\u00e1ticas del 15 de marzo<\/a>\u00a0que, con el tiempo, deber\u00e1n de ampliarse y combinarse tambi\u00e9n con huelgas de trabajo y, sobre todo, de consumo, con el fin de presionar a los agentes econ\u00f3micos, al tiempo que reducir el consumo de la energ\u00eda f\u00f3sil que se reclama, y sumarnos tambi\u00e9n a las distintas acciones de desobediencia civil noviolenta promovidas por los movimientos de\u00a0<a href=\"https:\/\/www.extinctionrebellion.es\/portal\/\" target=\"_blank\" rel=\"noreferrer noopener\">Extinction Rebellion<\/a>\u00a0y\u00a0<a href=\"https:\/\/by2020weriseup.net\/es\/\" target=\"_blank\" rel=\"noreferrer noopener\">WeRiseUp 2020<\/a>\u00a0en los pr\u00f3ximos meses, con el fin de lograr presionar y desbordar a las fuerzas pol\u00edticas y sociales institucionales.<\/p>\r\n\r\n\r\n\r\n<p>\u00bfEstaremos a las puertas de un nuevo 15M? \u00bfSer\u00e1 el inicio de la revoluci\u00f3n ecosocial que necesitamos? Parece improbable, pero, como dijo\u00a0<a href=\"https:\/\/es.wikipedia.org\/wiki\/Margaret_Mead\" target=\"_blank\" rel=\"noreferrer noopener\">Margaret Mead<\/a>, \u201cno dudes nunca de que un peque\u00f1o grupo de personas conscientes y comprometidas puede cambiar el mundo. De hecho, siempre ha sido as\u00ed\u201d.<\/p>\r\n\r\n\r\n\r\n<p>Fuente: <a href=\"https:\/\/ctxt.es\/es\/20190306\/Firmas\/24891\/cambio-climatico-extincion-green-new-deal-capitalismomarcos-rivero-cudra.htm?\">ctxt.es<\/a>\u00a0(13\/03\/2019)<\/p>\r\n","protected":false},"excerpt":{"rendered":"<p>Durante el pasado acto de presentaci\u00f3n de M\u00e1s Madrid, Carlos, un chico de 13 a\u00f1os,\u00a0preguntaba a Manuela Carmena e I\u00f1igo<\/p>\n","protected":false},"author":9,"featured_media":3352,"comment_status":"open","ping_status":"open","sticky":false,"template":"","format":"standard","meta":{"footnotes":""},"categories":[44,30,1],"tags":[],"class_list":["post-3740","post","type-post","status-publish","format-standard","has-post-thumbnail","hentry","category-economia","category-mundo-mundo","category-sin-categoria"],"aioseo_notices":[],"_links":{"self":[{"href":"https:\/\/espai-marx.net\/index.php?rest_route=\/wp\/v2\/posts\/3740","targetHints":{"allow":["GET"]}}],"collection":[{"href":"https:\/\/espai-marx.net\/index.php?rest_route=\/wp\/v2\/posts"}],"about":[{"href":"https:\/\/espai-marx.net\/index.php?rest_route=\/wp\/v2\/types\/post"}],"author":[{"embeddable":true,"href":"https:\/\/espai-marx.net\/index.php?rest_route=\/wp\/v2\/users\/9"}],"replies":[{"embeddable":true,"href":"https:\/\/espai-marx.net\/index.php?rest_route=%2Fwp%2Fv2%2Fcomments&post=3740"}],"version-history":[{"count":0,"href":"https:\/\/espai-marx.net\/index.php?rest_route=\/wp\/v2\/posts\/3740\/revisions"}],"wp:featuredmedia":[{"embeddable":true,"href":"https:\/\/espai-marx.net\/index.php?rest_route=\/wp\/v2\/media\/3352"}],"wp:attachment":[{"href":"https:\/\/espai-marx.net\/index.php?rest_route=%2Fwp%2Fv2%2Fmedia&parent=3740"}],"wp:term":[{"taxonomy":"category","embeddable":true,"href":"https:\/\/espai-marx.net\/index.php?rest_route=%2Fwp%2Fv2%2Fcategories&post=3740"},{"taxonomy":"post_tag","embeddable":true,"href":"https:\/\/espai-marx.net\/index.php?rest_route=%2Fwp%2Fv2%2Ftags&post=3740"}],"curies":[{"name":"wp","href":"https:\/\/api.w.org\/{rel}","templated":true}]}}