{"id":387,"date":"2016-03-02T00:00:00","date_gmt":"2016-03-02T00:00:00","guid":{"rendered":"https:\/\/espai-marx.net\/?p=387"},"modified":"2020-02-15T12:07:07","modified_gmt":"2020-02-15T11:07:07","slug":"todos-contra-la-guerra","status":"publish","type":"post","link":"https:\/\/espai-marx.net\/?p=387","title":{"rendered":"Todos contra la guerra"},"content":{"rendered":"<p>18-02-2016<\/p>\n<p><a href=\"https:\/\/espai-marx.net\/wp-content\/uploads\/2016\/03\/1054930.jpg\"><img loading=\"lazy\" decoding=\"async\" class=\"size-medium wp-image-3827 alignleft\" src=\"https:\/\/espai-marx.net\/wp-content\/uploads\/2016\/03\/1054930-300x169.jpg\" alt=\"\" width=\"300\" height=\"169\" srcset=\"https:\/\/espai-marx.net\/wp-content\/uploads\/2016\/03\/1054930-300x169.jpg 300w, https:\/\/espai-marx.net\/wp-content\/uploads\/2016\/03\/1054930-768x432.jpg 768w, https:\/\/espai-marx.net\/wp-content\/uploads\/2016\/03\/1054930-1024x576.jpg 1024w, https:\/\/espai-marx.net\/wp-content\/uploads\/2016\/03\/1054930.jpg 1600w\" sizes=\"auto, (max-width: 300px) 100vw, 300px\" \/><\/a>De tanto repetirse a lo largo de la historia, los conflictos b\u00e9licos parecen consustanciales a los seres humanos. \u00bfEs as\u00ed? \u00bfSomos los humanos, en general, los que generamos y queremos la guerra? \u00bfEs la gente sencilla la que est\u00e1 detr\u00e1s, o m\u00e1s bien la que la padece? Se dir\u00eda m\u00e1s bien que esta violencia obedece a intereses concretos, a intereses que se intentan esconder pero que no siempre se consigue, a pesar de que vivimos en una \u00e9poca de globalizaci\u00f3n en que la referencia a cualquier acto b\u00e9lico est\u00e1 sometida a una manipulaci\u00f3n informativa controlada y dirigida por los poderosos. Los mismos que son incitadores o agentes directos de la agresi\u00f3n b\u00e9lica, y el motivo siempre es el inter\u00e9s por mantener su poder hegem\u00f3nico. Pero al tiempo siempre existe la informaci\u00f3n libre, valiente, que intenta escudri\u00f1ar los problemas y acercarse a la realidad.<br \/>\nSi repasamos los conflictos b\u00e9licos de los \u00faltimos 25 a\u00f1os: Irak, enero de 1991 y marzo de 2003; Afganist\u00e1n, octubre de 2001 hasta la fecha; Libia febrero de 2011, Ucrania 2014, Yemen, marzo de 2015, Siria desde 2011 &#8230;, las guerras africanas, etc., todos ellos encubren ante la opini\u00f3n mundial bajo declaraciones que proclaman que la guerra se hace en nombre de la libertad. Pero no pueden ocultar que, en general, son consecuencia de los intereses imperialistas.<\/p>\n<p>En este momento se est\u00e1 dando un escenario altamente preocupante en Siria. Hace cinco a\u00f1os que perdura este conflicto b\u00e9lico y en sus inicios ya surgieron an\u00e1lisis que apuntaban su importancia global por los pa\u00edses involucrados, directa o indirectamente, al lado de los intereses opuestos y alianzas divergentes, al no haber acuerdo entre los que poseen la hegemon\u00eda de veto en la ONU, (EEUU-Reino Unido-Francia, por un lado y, Rusia-China, por otro), algo que no hab\u00eda pasado desde el final de la guerra fr\u00eda. La realidad de hoy es que, EEUU, Reino Unido, Francia, Rusia, Turqu\u00eda, Ir\u00e1n, Arabia Saudita, Emiratos \u00c1rabes &#8230; con la \u00faltima incorporaci\u00f3n de la OTAN (de la que forma parte el Estado espa\u00f1ol de un total de 28 pa\u00edses), est\u00e1n involucradas. Esto representa m\u00e1s del 80% de la inversi\u00f3n armamentista del planeta. \u00bfNo es esto una guerra mundial?<\/p>\n<p>Si intentamos analizar el complejo frente b\u00e9lico del territorio sirio, vemos por un lado su ej\u00e9rcito, al que se le enfrenta el Estado Isl\u00e1mico (compuesto inicialmente por ex militares iraqu\u00edes) y otros grupos formados por sirios y miembros de otros pa\u00edses del \u00e1rea que los medios occidentales definen &#8216;moderados&#8217;, ambos son apoyados mediante armamento y log\u00edstica para Arabia Saud\u00ed y aliados, las armas los compran a estos (EEUU, Francia &#8230;). Por otro la do est\u00e1n los kurdos, que defienden su territorio hist\u00f3rico, y Turqu\u00eda que controla su extensa frontera con Siria e interviene en la contienda seg\u00fan sus intereses; controlar y atacar los movimientos militares del pueblo kurdo, y utilizar a los ciudadanos sirios, que huyen del terror b\u00e9lico, como medio de presi\u00f3n sobre la Comunidad Europea (refugiados). En lo \u00fanico que coinciden todos, s\u00f3lo desde hace unos meses, es ir contra el Estado Isl\u00e1mico, pero es una expresi\u00f3n s\u00f3lo verbal, en la pr\u00e1ctica, estos, siguen controlando zonas de territorio sirio y esto no s\u00f3lo es cinismo y demagogia, son intereses, ya que el Estado Isl\u00e1mico es producto y creaci\u00f3n del \u00e1rea Saud\u00ed y sus aliados, como ha quedado claro y p\u00fablico el &#8216;negocio&#8217; de Turqu\u00eda y el Estado Isl\u00e1mico con el petr\u00f3leo sirio para financiar sus atrocidades.<br \/>\nAnte este conflicto intentar encontrar &#8216;los buenos&#8217; es perder el tiempo, porque sencillamente no existen, a pesar de la manipulaci\u00f3n diaria de los medios de las potencias que est\u00e1n implicadas y que tratan de esconder sus intereses. Hablemos claro: s\u00f3lo hay una realidad: v\u00edctimas; pueblos que intentan defenderse por conservar su integridad f\u00edsica, cultural y territorial; familias, grupos que debiendo dejar trozos irrecuperables de su vida, huyen de la barbarie sin saber que el enemigo est\u00e1 en todas partes, en la primera frontera, en la segunda &#8230;; muertos, miles de muertes humanas, de familias destrozadas f\u00edsica y culturalmente. El cinismo anti humano del imperio que produce el caos le dir\u00e1n &#8216;da\u00f1os colaterales&#8217;.<\/p>\n<p>\u00bfQu\u00e9 motivos o intereses de fondo ?, \u00bfqu\u00e9 objetivos tiene la guerra, todas las guerras? Son varios: dominio sobre las materias primas -petr\u00f3leo, minerales-; reorganizaci\u00f3n geopol\u00edtica, -dominio de v\u00edas de comunicaci\u00f3n, control de zonas- as\u00ed como los vinculados directamente al negocio de la venta de armas, etc\u00e9tera. No es posible en esta breve exposici\u00f3n responder a estos interrogantes y dar cuenta del entramado de conveniencias que se mueven despu\u00e9s de esta larga guerra continuada. Los intereses de los poderosos con la guerra consiguen su objetivo, y la preservaci\u00f3n de sus beneficios econ\u00f3micos. La consecuencia para los pueblos son los muertos, la miseria, el sufrimiento humano.<\/p>\n<p>La guerra no tiene justificaci\u00f3n. Se puede entender que un pueblo, por decisi\u00f3n conjunta y directa, se defienda por medios b\u00e9licos para conservar su integridad. Pero en absoluto es aceptable la intervenci\u00f3n exterior, que siempre deja tras ella caos y desolaci\u00f3n. Es ingenuo pensar que en la actual situaci\u00f3n de mundializaci\u00f3n capitalista en que vivimos, en la que el poder mundial est\u00e1 concentrado en muy pocos centros de decisi\u00f3n, nosotros no estemos afectados ni concernidos por la guerra, y no tengamos nada que ver con ella. Tanto con las guerras anteriores acaecidas durante los \u00faltimos 25 a\u00f1os, como con las presentes y las del futuro. Lo estamos y lo estaremos, si no lo evitamos entre todos. Somos part\u00edcipes en las agresiones, mediante la participaci\u00f3n militar, pol\u00edtica y econ\u00f3mica (de Espa\u00f1a), as\u00ed como en las alianzas militares -OTAN- que promueven la intervenci\u00f3n. Tambi\u00e9n, nuevamente, mediante las bases militares extranjeras instaladas en la Pen\u00ednsula Ib\u00e9rica. Somos responsables, por acci\u00f3n u omisi\u00f3n, de esta barbarie que est\u00e1 destruyendo culturas, familias y cuerpos. Sufrimos tambi\u00e9n sus consecuencias materiales y ecol\u00f3gicas, que nos afectan, las veamos o no. \u00bfC\u00f3mo podemos ser indiferentes ante esta realidad tan brutal? Debemos reaccionar, debemos recuperar el no tan lejano grito de NO A LA GUERRA, NO en nuestro nombre, NO a las organizaciones que nos afectan directamente y s\u00f3lo son aparatos de guerra como la OTAN. Utilizamos nuestra inteligencia y solidaridad con los pueblos para evitarla. Hablemos alto y claro y no dudemos en emplear Todas las plataformas para denunciar y expresar nuestro rechazo valiente y sincero. Se trata de poner freno a la guerra y por eso todas las voces y todos los esfuerzos de la gente com\u00fan son necesarios. Nuestros gobiernos liberales no lo har\u00e1n, no tienen voluntad, son parte del problema. S\u00f3lo los pueblos movilizados lo podemos conseguir. Alcemos nuestra voz para que los gobiernos que dicen representarnos no apoyen ni participen en la Guerra.<\/p>\n<p>Frases laterales: Se dir\u00eda m\u00e1s bien que esta violencia obedece a intereses concretos, a intereses que se intentan esconder pero que no siempre se consigue, a pesar de que vivimos en una \u00e9poca de globalizaci\u00f3n en que la referencia a cualquier acto b\u00e9lico est\u00e1 sometida a una manipulaci\u00f3n informativa controlada y dirigida pelos poderosos.<\/p>\n<p>Hablemos claro: s\u00f3lo hay una realidad: v\u00edctimas; pueblos que intentan defenderse por conservar su integridad f\u00edsica, cultural y territorial; familias, grupos que debiendo dejar trozos irrecuperables de su vida, huyen de la barbarie sin saber que el enemigo est\u00e1 en todas partes, en la primera frontera, en la segunda &#8230;; muertos, miles de muertes humanas, de familias destrozadas f\u00edsica y culturalmente.<\/p>\n<p>Los intereses de los poderosos con la guerra consiguen su objetivo, y la preservaci\u00f3n de sus intereses econ\u00f3micos. La consecuencia para los pueblos son los muertos, la miseria, el sufrimiento humano.<\/p>\n<p>Debemos reaccionar, debemos recuperar el no tan lejano grito de NO A LA GUERRA, NO en nuestro nombre, NO a las organizaciones que nos afectan directamente y s\u00f3lo son aparatos de guerra como la OTAN.<br \/>\nAlcemos nuestra voz para que los gobiernos que dicen representarnos no apoyen ni participen en la Guerra.<\/p>\n","protected":false},"excerpt":{"rendered":"<p class='p2' style='line-height: 22.4px;'>Debemos reaccionar, debemos recuperar el no tan lejano grito de NO A LA GUERRA, NO en nuestro nombre, NO a las organizaciones que nos afectan directamente y s\u00f3lo son aparatos de guerra como la OTAN.Alcemos nuestra voz para que los gobiernos que dicen representarnos no apoyen ni participen en la Guerra.<\/p>\n","protected":false},"author":9,"featured_media":388,"comment_status":"open","ping_status":"open","sticky":false,"template":"","format":"standard","meta":{"footnotes":""},"categories":[16],"tags":[],"class_list":["post-387","post","type-post","status-publish","format-standard","has-post-thumbnail","hentry","category-imperio-imperialismo"],"aioseo_notices":[],"_links":{"self":[{"href":"https:\/\/espai-marx.net\/index.php?rest_route=\/wp\/v2\/posts\/387","targetHints":{"allow":["GET"]}}],"collection":[{"href":"https:\/\/espai-marx.net\/index.php?rest_route=\/wp\/v2\/posts"}],"about":[{"href":"https:\/\/espai-marx.net\/index.php?rest_route=\/wp\/v2\/types\/post"}],"author":[{"embeddable":true,"href":"https:\/\/espai-marx.net\/index.php?rest_route=\/wp\/v2\/users\/9"}],"replies":[{"embeddable":true,"href":"https:\/\/espai-marx.net\/index.php?rest_route=%2Fwp%2Fv2%2Fcomments&post=387"}],"version-history":[{"count":0,"href":"https:\/\/espai-marx.net\/index.php?rest_route=\/wp\/v2\/posts\/387\/revisions"}],"wp:featuredmedia":[{"embeddable":true,"href":"https:\/\/espai-marx.net\/index.php?rest_route=\/wp\/v2\/media\/388"}],"wp:attachment":[{"href":"https:\/\/espai-marx.net\/index.php?rest_route=%2Fwp%2Fv2%2Fmedia&parent=387"}],"wp:term":[{"taxonomy":"category","embeddable":true,"href":"https:\/\/espai-marx.net\/index.php?rest_route=%2Fwp%2Fv2%2Fcategories&post=387"},{"taxonomy":"post_tag","embeddable":true,"href":"https:\/\/espai-marx.net\/index.php?rest_route=%2Fwp%2Fv2%2Ftags&post=387"}],"curies":[{"name":"wp","href":"https:\/\/api.w.org\/{rel}","templated":true}]}}