{"id":39,"date":"2006-03-15T00:00:00","date_gmt":"2006-03-15T00:00:00","guid":{"rendered":"https:\/\/espai-marx.net\/?p=39"},"modified":"2020-02-11T18:35:43","modified_gmt":"2020-02-11T17:35:43","slug":"forum-social-mundial-hacia-una-internacional-de-las-resistencias-y-de-las-alternativas","status":"publish","type":"post","link":"https:\/\/espai-marx.net\/?p=39","title":{"rendered":"Forum Social Mundial, hacia una internacional de las resistencias y de las alternativas"},"content":{"rendered":"<p>Multitud de personas a toda hora y en todo lugar, en pasillos, en las salas de encuentros, en el bar, el cyber-caf\u00e9. Cifras inapelables marcaron de forma indeleble el \u00e9xito del Forum Social Mundial: ciudadanos de m\u00e1s de 120 pa\u00edses del mundo recogieron 16.000 credenciales, asistieron a m\u00e1s de 400 talleres de debate y varias decenas de conferencias, \u201ctestimonios\u201d y ruedas de prensa; casi 1.700 periodistas registrados. Cerca de 1.500 organizaciones del llamado \u201ctercer sector\u201d. Estos resultados superaron con creces las expectativas de la organizaci\u00f3n que, previo al encuentro, hab\u00eda anunciado una asistencia de 10.000 personas, en un claro ejercicio de optimismo y propaganda, seg\u00fan voces insidiosas.<\/p>\n<p>Entre los muchos famosos: Ahmed Ben Bella, ex-presidente de Argelia; Danielle Mitterrand, viuda del ex-presidente franc\u00e9s y presidenta de una destacada ONG francesa solidaria con pueblos como el kurdo o el saharaui; Jos\u00e9 Bov\u00e9, dirigente campesino franc\u00e9s; Samir Amin, intelectual egipcio; Ignacio Ramonet, director del prestigioso mensual franc\u00e9s de pol\u00edtica internacional \u201cLe Monde Diplomatique\u201d; Michel L\u00f6wy, intelectual brasileiro\/franc\u00e9s; Jean Pierre Ch\u00e9ven\u00e9ment, ex ministro franc\u00e9s de Interior; Guy Hasc\u00f6et, ministro franc\u00e9s para la Econom\u00eda Solidaria; Hebe de Bonafini, presidenta de la Asociaci\u00f3n de la Madres de Plaza de Mayo de Argentina. Y un n\u00famero de dif\u00edcil determinaci\u00f3n de dirigentes sindicales, sociales y pol\u00edticos europeos, africanos, asi\u00e1ticos y americanos, entre los que destacaron, l\u00f3gicamente, los brasile\u00f1os: Frei Betto, destacada figura del movimiento de la Teolog\u00eda de la Liberaci\u00f3n; Luis Inaci\u00f3 Lula da Silva, presidente de honor del Partido de los Trabajadores; Marta Suplicy, flamante alcaldesa de S\u00e3o Paulo y miembro del PT; Emir Sader, destacado intelectual de izquierdas; Joao Pedro Stedile, destacado dirigente del Movimiento de los Trabajadores Rurales Sin Tierra (MST); Joao Fel\u00edcio, presidente de la Central \u00danica de Trabajadores (CUT), la m\u00e1s importante central sindical de Am\u00e9rica Latina; y los anfitriones Olivio Dutra, gobernador del Estado de R\u00edo Grande del Sur (RS); y Tarso Genro, alcalde de Porto Alegre y reconocido intelectual; entre otros muchos dirigentes, alcaldes, diputados, senadores, concejales llegados de toda la geograf\u00eda de este pa\u00eds\/continente que con 8,5 millones de kil\u00f3metros cuadrados de extensi\u00f3n y una poblaci\u00f3n que supera los 160 millones, produce un PIB que se encuentra entre los 10 primeros del mundo por su volumen.<\/p>\n<p>Celebrado entre los d\u00edas 25 y 30 de enero de 2001, en Porto Alegre, capital del m\u00e1s meridional de los Estados brasile\u00f1os, R\u00edo Grande del Sur, fronterizo con Uruguay; el forum de los movimientos sociales y la izquierda mundial coincidi\u00f3 en el tiempo con el conocido Forum Econ\u00f3mico Mundial, en Davos, Suiza. La coincidencia, claro est\u00e1, no es casual, aunque la voluntad expresada por los organizadores del FSM era la de realizar un encuentro \u201cpara buscar y proponer alternativas\u201d y no a la \u201ccontra\u201d de los debates y resoluciones del encuentro de los grandes financieros, empresarios y gobiernos de los pa\u00edses m\u00e1s poderosos del Planeta. O sea, los organizadores del FSM se propon\u00edan superar el estadio de cr\u00edtica y protesta que se ven\u00eda expresando, especialmente, desde la ya m\u00edtica movilizaci\u00f3n de Seattle, que impidi\u00f3 una reuni\u00f3n del Fondo Monetario Internacional hace poco m\u00e1s de un a\u00f1o, con mucho m\u00e1s vigor y rabia que con contenidos capaces de alimentar un movimiento internacional con capacidad de construcci\u00f3n de un mundo diferente. Fue, precisamente, una referencia expl\u00edcita a esa posibilidad la que proclamaba el lema general del Forum: \u201cUm outro mundo \u00e9 poss\u00edvel\u201d.<\/p>\n<p>El gran encuentro \u201cconsigui\u00f3 sus objetivos principales\u201d, declar\u00f3 a este medio Miguel Rosseto, ex-sindicalista, vice-gobernador del Estado de RS y uno de los miembros del comit\u00e9 organizador, en el que destacaban, l\u00f3gicamente, los brasileiros CUT, MST y PT; pero tambi\u00e9n los socios franceses de \u201cLe Monde Diplomatique\u201d y la asociaci\u00f3n para la tasaci\u00f3n de movimientos financieros ATTAC. Corrobora, en cierto modo, esa afirmaci\u00f3n la atenci\u00f3n que el propio foro de Davos prest\u00f3 al de Porto Alegre, acudiendo representado, entre otros, por el famoso George Soros, a una v\u00eddeo conferencia con representantes del foro de Porto Alegre que se transmiti\u00f3 en directo por televisi\u00f3n y en la que los \u201cdistinguidos\u201d representantes de los \u201cricos\u201d del \u201cnorte\u201d o \u201cprimer mundo\u201d mal soportaron el duro \u201cvapuleo\u201d que les propinaron algunos de los \u201cdesarrapados\u201d del \u201csur\u201d armados de una potente y demoledora bater\u00eda de datos estad\u00edsticos y hechos innegables, proporcionados en su mayor parte por organismos internacionales como la ONU y los propios BM y FMI, frente a los cuales los id\u00edlicos argumentos de la libertad de mercado y otros similares quedaron sin consistencia m\u00ednima alguna. Frente a las pantallas de televisi\u00f3n instaladas en algunos puntos estrat\u00e9gicos de la Pontif\u00edcia Universidade Cat\u00f3lica de RS, donde se desarrollaron los momentos m\u00e1s importantes del Foro, centenares de delegados y delegadas animaban y aplaud\u00edan las intervenciones de la argentina Hebe de Bonafini y del franc\u00e9s Bernard Cassen, entre otros representantes del FSM, celebrando finalmente la goleada.<\/p>\n<p>Otra prueba del \u00e9xito destacada por Rossetto, adem\u00e1s de la \u201cimpecable\u201d organizaci\u00f3n en t\u00e9rminos t\u00e9cnicos, fue la realizaci\u00f3n efectiva de todos los talleres y la alta participaci\u00f3n con que contaron. Subray\u00f3 tambi\u00e9n la importante participaci\u00f3n de organizaciones y personalidades de todo el mundo.<\/p>\n<p>Sin embargo, y aunque mayoritariamente compartida la opini\u00f3n del vice-gobernador ga\u00facho (denominaci\u00f3n de los habitantes de RS), algunos sectores, generalmente identificados con los grupos m\u00e1s cr\u00edticos con la pol\u00edtica y\/o la participaci\u00f3n en los procesos electorales, aunque no s\u00f3lo ellos, criticaron la que entend\u00edan \u201cexcesiva presencia y protagonismo del Estado de RS y la alcald\u00eda de Porto Alegre\u201d, en definitiva del PT; as\u00ed como el hecho de que en medio de tantas y tantas discusiones no se concretasen propuestas de lucha ni articulaciones org\u00e1nicas de un eventual \u201cfrente antiimperialista\u201d.<\/p>\n<p>El debate sobre ese \u00faltimo punto, efectivamente, aunque no de forma expl\u00edcita, fue el hilo rojo que, de alguna manera, atraves\u00f3 todos las reuniones y talleres. Y, ah\u00ed tambi\u00e9n, uno de los \u201cfracasos\u201d del Forum, no s\u00f3lo para los grupos ya apuntados, sino tambi\u00e9n seg\u00fan algunos medios de comunicaci\u00f3n brasile\u00f1os. En contra de esa versi\u00f3n, las entidades organizadoras consideran que este \u201cprimer\u201d forum no s\u00f3lo no pod\u00eda dar m\u00e1s de s\u00ed, sino que dio mucho m\u00e1s de lo esperado. Bernard Cassen, afirma en Le Monde Diplomatique que el FSM \u201cconstituye un verdadero viraje\u201d que puede ser el \u201cembri\u00f3n de una aut\u00e9ntica internacional rebelde\u201d.<\/p>\n<p>Por otro lado, la decisi\u00f3n de que haya un segundo FSM y que la localidad escogida para su celebraci\u00f3n sea, nuevamente, Porto Alegre, garantiza la continuidad y eventual desarrollo de los trabajos y articulaciones pol\u00edticas y sociales alcanzadas en este mes de enero. Pero, adem\u00e1s de ese acuerdo, la resoluci\u00f3n final prev\u00e9 la posibilidad de forums simult\u00e1neos en el propio Brasil y en otros pa\u00edses, \u201cque acabar\u00e1n fortaleciendo y ampliando la repercusi\u00f3n del nuevo encuentro\u201d, adem\u00e1s, claro, de la pluralidad y diversidad. En los pr\u00f3ximos meses se trabajar\u00e1 para la constituci\u00f3n de un Consejo Internacional del Forum Social Mundial.<\/p>\n<p>En medio de este impresionante conjunto de debates y propuesta, cabe destacar la relevancia que tuvieron los talleres de trabajo sobre \u201ceconom\u00eda solidaria\u201d y \u201cpropuestas p\u00fablicas de desarrollo econ\u00f3mico\u201d que contaron con una gran participaci\u00f3n de p\u00fablico y representantes de instituciones, cooperativas, incubadoras, entidades de micro-cr\u00e9dito o cr\u00e9dito solidario. Un nivel de debate alto, lejos generalmente de posicionamientos ideol\u00f3gicos est\u00e9riles y basado, sobretodo, en un muy rico conjunto de experiencias de autogesti\u00f3n y de gesti\u00f3n de pol\u00edticas p\u00fablicas, ya sea desde municipios o Estados.<\/p>\n<p>Tambi\u00e9n el FSM cont\u00f3 con foros paralelos de \u201cAutoridades locales\u201d, con representaci\u00f3n de m\u00e1s de 200 ciudades, y de parlamentarios.<\/p>\n<p><b>Consecuencias de la globalizaci\u00f3n neoliberal<\/b><\/p>\n<p>Durante la pr\u00f3xima d\u00e9cada la poblaci\u00f3n crecer\u00e1 al ritmo de \u201cun M\u00e9xico por a\u00f1o\u201d. Sin embargo, la \u201cesperanza de vida descender\u00e1 y en no pocos pa\u00edses se reducir\u00e1, en varios millones, la cifra de sus habitantes\u201d. Quien as\u00ed habla es Ricardo Alarc\u00f3n de Quesada, presidente de la Asamblea Nacional del Poder Popular de Cuba, citando datos que Mart\u00edn Dickson expon\u00eda en el art\u00edculo \u201cGlobal inequality\u201d, publicado en el peri\u00f3dico brit\u00e1nico \u201cFinancial Times\u201d (22 de septiembre de 2000).<\/p>\n<p>En su intervenci\u00f3n en el F\u00f3rum Social Mundial, el dirigente cubano habl\u00f3 tambi\u00e9n de otro de los grandes problemas, afirm\u00f3, provocados por la globalizaci\u00f3n neoliberal: la emigraci\u00f3n masiva de la poblaci\u00f3n de los pa\u00edses \u201cdependientes\u201d o \u201cperif\u00e9ricos\u201d, seg\u00fan el autor, que se convierte en \u201cresidentes legales o indocumentados que trabajan m\u00e1s que nadie, producen riquezas, mantienen servicios, engrosan ej\u00e9rcitos y sufren condiciones, muchas veces brutales, de explotaci\u00f3n y discriminaci\u00f3n\u201d. Seg\u00fan informe de la Agencia Central de Inteligencia de EE UU, divulgado a finales del 2000, esa poblaci\u00f3n ya suma el 15% del total de los pa\u00edses de destino (pa\u00edses ricos o pa\u00edses explotadores?) y esa proporci\u00f3n aumentar\u00e1 sensiblemente ya que la \u201cemigraci\u00f3n es uno de los fen\u00f3menos decisivos de la evoluci\u00f3n del mundo en los pr\u00f3ximos a\u00f1os\u201d.<\/p>\n<p>En la frontera de M\u00e9xico con Estados Unidos, donde se levanta un muro de varios kil\u00f3metros para impedir el paso de inmigrantes hacia el norte, se han encontrado muertos, s\u00f3lo en la zona de California y entre 1994 y 999, 750 inmigrantes. No hay cifras de los desaparecidos. Los datos fueron publicados en un art\u00edculo de James Goldsborough, \u201cOut-of-Control Immigration\u201d, aparecido en la revista estadounidense \u201cForeign Affairs\u201d, de septiembre\/octubre de 2000.<\/p>\n<p>Relacionado con esto, pero con datos de la ONU ahora, el trafico de mujeres y ni\u00f1os en el mundo sometidos a prostituci\u00f3n y trabajos forzados, llega a los 4 millones de seres por a\u00f1o.<\/p>\n<p>De acuerdo con informes del Programa para el Desarrollo de las Naciones Unidas (PNUD), con un 4%, por a\u00f1o, del total de la riqueza que acumulan las 225 personas m\u00e1s ricas del mundo, unos 40.000 millones de d\u00f3lares, equivalentes al 5% del gasto militar o el 4% del gasto en publicidad anuales, a nivel mundial, se podr\u00edan resolver las necesidades de educaci\u00f3n y asistencia sanitaria b\u00e1sicas, alimentaci\u00f3n adecuada y agua potable de la humanidad. Sin embargo, 1.300 millones de personas no tienen acceso a agua potable, y 2000 millones m\u00e1s de an\u00e9micos no podr\u00e1n ser atendidos. Los datos son citados por los estudiosos franceses Eric Toussaint y Arnaud Zacharie, en un art\u00edculo difundido en el FSM, en el que denuncian que es la obligaci\u00f3n al pago de la \u201csupuesta\u201d deuda externa, principalmente, entre otras razones, la que crea una parte fundamental de los problemas de los pa\u00edses llamados \u201cdeudores\u201d.<\/p>\n<p>Reclaman, al mismo tiempo, la creaci\u00f3n de un \u201cfondo internacional de compensaci\u00f3n\u201d como forma de \u201creconocimiento de los siglos de pillaje sufrido\u201d por el llamado Tercer Mundo.<\/p>\n<p>Figura fundamental del movimiento conocido como Teolog\u00eda de la Liberaci\u00f3n, el dominico brasile\u00f1o Frei Betto cit\u00f3 fuentes del Banco Mundial seg\u00fan las cuales de los 6.000 millones de personas que habitan el planeta, 2.800 sobreviven con menos del equivalente a 2 (dos ) d\u00f3lares Usa por d\u00eda. Y 1.200 millones lo hacen con tan s\u00f3lo 1 d\u00f3lar por d\u00eda. Afirm\u00f3 tambi\u00e9n Betto que cuatro personas en los Estados Unidos: Bill Gates, Paul Allem, Warren Buffet y Larry Ellison acumulan una riqueza equivalente al Producto Interior Bruto de 42 naciones pobres con 600 millones de habitantes. Y en relaci\u00f3n con la citada deuda externa, el dominico denunci\u00f3 que del presupuesto federal brasile\u00f1o para 2.001, m\u00e1s del 65% del mismo est\u00e1 dedicado exclusivamente al pago de la deuda, mientras que el gasto en inversiones es inferior al 18%.<\/p>\n<p>Ser\u00e1, inesperadamente, desde Par\u00eds, el diario franc\u00e9s \u201cLe Monde\u201d quien afirme, en art\u00edculo sobre el F\u00f3rum, que lo que ha crecido durante los \u00faltimos 20 a\u00f1os \u201cha sido la desigualdad, mucho m\u00e1s que la pobreza\u201d. No hay que ser ning\u00fan lince para percibir que son, precisamente, esos \u00faltimos 20 a\u00f1os los de implantaci\u00f3n y vigencia mundial del neoliberalismo. A\u00f1ade Le Monde otro dato: en esos 20 a\u00f1os, la deuda de los pa\u00edses \u201cpobres\u201d se multiplic\u00f3 por seis. Y eso sin dejar de pagar&#8230;<\/p>\n<p>Emir Sader, uno de los intelectuales m\u00e1s prestigiosos de Brasil, cita: \u201cLa humanidad produce alimentos para nutrir a 12.000 millones de personas, el doble de las existentes; sin embargo, 840 millones de personas pasan hambre todos los d\u00edas\u201d. Eso, destaca, acontece porque los alimentos, que son un derecho, son tratados simplemente como mercanc\u00eda.<\/p>\n<p>En un plano m\u00e1s te\u00f3rico, el economista egipcio Samir Amin, director del Forum del Tercer Mundo y presidente del Forum Mundial de las Alternativas, afirma que el capitalismo, en su estadio de globalizaci\u00f3n neoliberal, \u201cha entrado en su fase de decadencia peligrosa, marcada por el potencial dram\u00e1tico de sus efectos destructivos\u201d.<\/p>\n<p>Aclarando que \u201cel capitalismo no es un sistema que se proponga la maximizaci\u00f3n de la producci\u00f3n y la productividad, sino que elige las cuantidades y las condiciones de producci\u00f3n que maximizan la tasa de beneficio del capital\u201d, Samir Amin pasa a citar el \u201cInforme Lugano\u201d, de Susan George, seg\u00fan el cual \u201cla cuesti\u00f3n del desarrollo, si es que lo llamamos as\u00ed, hace imposible la gesti\u00f3n del sistema mundializado por el capital dominante sin la destrucci\u00f3n sistem\u00e1tica, planificada, del excedente de seres humanos (en relaci\u00f3n con las necesidades del capital) a trav\u00e9s del cual esta cuesti\u00f3n explota\u201d.<\/p>\n<p>Corroborando la primera afirmaci\u00f3n del Sr. Amin, el ecologista franc\u00e9s Pierre Rousset, afirma que la \u201ccrisis de las vacas locas\u201d representa un punto de inflexi\u00f3n mayor al de Tchernobyl en la cuesti\u00f3n nuclear, pues puso en relieve el peligro intr\u00ednseco al modo de producci\u00f3n de las agroindustrias. Cuestionando en su conjunto el modelo productivo\u201d.<\/p>\n<p>Ya desde Davos y citando razones pol\u00edticas, aunque para \u00e9l seguramente vengan a explicar otras cosas, fue el propio Vargas Llosa quien denunci\u00f3 el papel de la comunidad internacional con relaci\u00f3n a Per\u00fa. La \u201cdictadura\u201dde Fujimori produjo, afirm\u00f3 el escritor, la fatal cifra de 6.000 desaparecidos. Ser\u00e1 que no tiene relaci\u00f3n la dictadura del \u201cchino\u201d en Per\u00fa con los planes econ\u00f3micos de los imperialistas en Am\u00e9rica Latina?<\/p>\n","protected":false},"excerpt":{"rendered":"<p>Multitud de personas a toda hora y en todo lugar, en pasillos, en las salas de encuentros, en el bar, el cyber-caf\u00e9. Cifras inapelables marcaron de forma indeleble el \u00e9xito del Forum Social Mundial: ciudadanos de m\u00e1s de 120 pa\u00edses del mundo recogieron 16.000 credenciales, asistieron a m\u00e1s de 400 talleres de debate y varias decenas de conferencias, &#8220;testimonios&#8221; y ruedas de prensa; casi 1.700 periodistas registrados. Cerca de 1.500 organizaciones del llamado &#8220;tercer sector&#8221;. Estos resultados superaron con creces las expectativas de la organizaci\u00f3n que, previo al encuentro, hab\u00eda anunciado una asistencia de 10.000 personas, en un claro ejercicio de optimismo y propaganda, seg\u00fan voces insidiosas. <\/p>\n<p>Entre los muchos famosos: Ahmed Ben Bella, ex-presidente de Argelia; Danielle Mitterrand, viuda del ex-presidente franc\u00e9s y presidenta de una destacada ONG francesa solidaria con pueblos como el kurdo o el saharaui; Jos\u00e9 Bov\u00e9, dirigente campesino franc\u00e9s; Samir Amin, intelectual egipcio; Ignacio Ramonet, director del prestigioso mensual franc\u00e9s de pol\u00edtica internacional &#8220;Le Monde Diplomatique&#8221;; Michel L\u00f6wy, intelectual brasileiro\/franc\u00e9s; Jean Pierre Ch\u00e9ven\u00e9ment, ex ministro franc\u00e9s de Interior; Guy Hasc\u00f6et, ministro franc\u00e9s para la Econom\u00eda Solidaria; Hebe de Bonafini, presidenta de la Asociaci\u00f3n de la Madres de Plaza de Mayo de Argentina. Y un n\u00famero de dif\u00edcil determinaci\u00f3n de dirigentes sindicales, sociales y pol\u00edticos europeos, africanos, asi\u00e1ticos y americanos, entre los que destacaron, l\u00f3gicamente, los brasile\u00f1os: Frei Betto, destacada figura del movimiento de la Teolog\u00eda de la Liberaci\u00f3n; Luis Inaci\u00f3 Lula da Silva, presidente de honor del Partido de los Trabajadores; Marta Suplicy, flamante alcaldesa de S\u00e3o Paulo y miembro del PT; Emir Sader, destacado intelectual de izquierdas; Joao Pedro Stedile, destacado dirigente del Movimiento de los Trabajadores Rurales Sin Tierra (MST); Joao Fel\u00edcio, presidente de la Central \u00danica de Trabajadores (CUT), la m\u00e1s importante central sindical de Am\u00e9rica Latina; y los anfitriones Olivio Dutra, gobernador del Estado de R\u00edo Grande del Sur (RS); y Tarso Genro, alcalde de Porto Alegre y reconocido intelectual; entre otros muchos dirigentes, alcaldes, diputados, senadores, concejales llegados de toda la geograf\u00eda de este pa\u00eds\/continente que con 8,5 millones de kil\u00f3metros cuadrados de extensi\u00f3n y una poblaci\u00f3n que supera los 160 millones, produce un PIB que se encuentra entre los 10 primeros del mundo por su volumen.<\/p>\n<p>Celebrado entre los d\u00edas 25 y 30 de enero de 2001, en Porto Alegre, capital del m\u00e1s meridional de los Estados brasile\u00f1os, R\u00edo Grande del Sur, fronterizo con Uruguay; el forum de los movimientos sociales y la izquierda mundial coincidi\u00f3 en el tiempo con el conocido Forum Econ\u00f3mico Mundial, en Davos, Suiza. La coincidencia, claro est\u00e1, no es casual, aunque la voluntad expresada por los organizadores del FSM era la de realizar un encuentro &#8220;para buscar y proponer alternativas&#8221; y no a la &#8220;contra&#8221; de los debates y resoluciones del encuentro de los grandes financieros, empresarios y gobiernos de los pa\u00edses m\u00e1s poderosos del Planeta. O sea, los organizadores del FSM se propon\u00edan superar el estadio de cr\u00edtica y protesta que se ven\u00eda expresando, especialmente, desde la ya m\u00edtica movilizaci\u00f3n de Seattle, que impidi\u00f3 una reuni\u00f3n del Fondo Monetario Internacional hace poco m\u00e1s de un a\u00f1o, con mucho m\u00e1s vigor y rabia que con contenidos capaces de alimentar un movimiento internacional con capacidad de construcci\u00f3n de un mundo diferente. Fue, precisamente, una referencia expl\u00edcita a esa posibilidad la que proclamaba el lema general del Forum: &#8220;Um outro mundo \u00e9 poss\u00edvel&#8221;.<\/p>\n<p>El gran encuentro &#8220;consigui\u00f3 sus objetivos principales&#8221;, declar\u00f3 a este medio Miguel Rosseto, ex-sindicalista, vice-gobernador del Estado de RS y uno de los miembros del comit\u00e9 organizador, en el que destacaban, l\u00f3gicamente, los brasileiros CUT, MST y PT; pero tambi\u00e9n los socios franceses de &#8220;Le Monde Diplomatique&#8221; y la asociaci\u00f3n para la tasaci\u00f3n de movimientos financieros ATTAC. Corrobora, en cierto modo, esa afirmaci\u00f3n la atenci\u00f3n que el propio foro de Davos prest\u00f3 al de Porto Alegre, acudiendo representado, entre otros, por el famoso George Soros, a una v\u00eddeo conferencia con representantes del foro de Porto Alegre que se transmiti\u00f3 en directo por televisi\u00f3n y en la que los &#8220;distinguidos&#8221; representantes de los &#8220;ricos&#8221; del &#8220;norte&#8221; o &#8220;primer mundo&#8221; mal soportaron el duro &#8220;vapuleo&#8221; que les propinaron algunos de los &#8220;desarrapados&#8221; del &#8220;sur&#8221; armados de una potente y demoledora bater\u00eda de datos estad\u00edsticos y hechos innegables, proporcionados en su mayor parte por organismos internacionales como la ONU y los propios BM y FMI, frente a los cuales los id\u00edlicos argumentos de la libertad de mercado y otros similares quedaron sin consistencia m\u00ednima alguna. Frente a las pantallas de televisi\u00f3n instaladas en algunos puntos estrat\u00e9gicos de la Pontif\u00edcia Universidade Cat\u00f3lica de RS, donde se desarrollaron los momentos m\u00e1s importantes del Foro, centenares de delegados y delegadas animaban y aplaud\u00edan las intervenciones de la argentina Hebe de Bonafini y del franc\u00e9s Bernard Cassen, entre otros representantes del FSM, celebrando finalmente la goleada.<\/p>\n<p>Otra prueba del \u00e9xito destacada por Rossetto, adem\u00e1s de la &#8220;impecable&#8221; organizaci\u00f3n en t\u00e9rminos t\u00e9cnicos, fue la realizaci\u00f3n efectiva de todos los talleres y la alta participaci\u00f3n con que contaron. Subray\u00f3 tambi\u00e9n la importante participaci\u00f3n de organizaciones y personalidades de todo el mundo.<\/p>\n<p>Sin embargo, y aunque mayoritariamente compartida la opini\u00f3n del vice-gobernador ga\u00facho (denominaci\u00f3n de los habitantes de RS), algunos sectores, generalmente identificados con los grupos m\u00e1s cr\u00edticos con la pol\u00edtica y\/o la participaci\u00f3n en los procesos electorales, aunque no s\u00f3lo ellos, criticaron la que entend\u00edan &#8220;excesiva presencia y protagonismo del Estado de RS y la alcald\u00eda de Porto Alegre&#8221;, en definitiva del PT; as\u00ed como el hecho de que en medio de tantas y tantas discusiones no se concretasen propuestas de lucha ni articulaciones org\u00e1nicas de un eventual &#8220;frente antiimperialista&#8221;.<\/p>\n","protected":false},"author":9,"featured_media":0,"comment_status":"open","ping_status":"open","sticky":false,"template":"","format":"standard","meta":{"footnotes":""},"categories":[13],"tags":[],"class_list":["post-39","post","type-post","status-publish","format-standard","hentry","category-la-izquierda-a-debate"],"aioseo_notices":[],"_links":{"self":[{"href":"https:\/\/espai-marx.net\/index.php?rest_route=\/wp\/v2\/posts\/39","targetHints":{"allow":["GET"]}}],"collection":[{"href":"https:\/\/espai-marx.net\/index.php?rest_route=\/wp\/v2\/posts"}],"about":[{"href":"https:\/\/espai-marx.net\/index.php?rest_route=\/wp\/v2\/types\/post"}],"author":[{"embeddable":true,"href":"https:\/\/espai-marx.net\/index.php?rest_route=\/wp\/v2\/users\/9"}],"replies":[{"embeddable":true,"href":"https:\/\/espai-marx.net\/index.php?rest_route=%2Fwp%2Fv2%2Fcomments&post=39"}],"version-history":[{"count":0,"href":"https:\/\/espai-marx.net\/index.php?rest_route=\/wp\/v2\/posts\/39\/revisions"}],"wp:attachment":[{"href":"https:\/\/espai-marx.net\/index.php?rest_route=%2Fwp%2Fv2%2Fmedia&parent=39"}],"wp:term":[{"taxonomy":"category","embeddable":true,"href":"https:\/\/espai-marx.net\/index.php?rest_route=%2Fwp%2Fv2%2Fcategories&post=39"},{"taxonomy":"post_tag","embeddable":true,"href":"https:\/\/espai-marx.net\/index.php?rest_route=%2Fwp%2Fv2%2Ftags&post=39"}],"curies":[{"name":"wp","href":"https:\/\/api.w.org\/{rel}","templated":true}]}}