{"id":3969,"date":"2020-01-25T06:31:10","date_gmt":"2020-01-25T05:31:10","guid":{"rendered":"https:\/\/espai-marx.net\/?p=3969"},"modified":"2021-06-30T03:58:14","modified_gmt":"2021-06-30T02:58:14","slug":"seminario-sobre-fenomenologia-del-espiritu-de-g-w-f-hegel-2019-2020","status":"publish","type":"post","link":"https:\/\/espai-marx.net\/?p=3969","title":{"rendered":"Seminario sobre Fenomenolog\u00eda del esp\u00edritu de G.W.F. Hegel (2019-2020)"},"content":{"rendered":"<p><img loading=\"lazy\" decoding=\"async\" class=\"alignleft\" src=\"https:\/\/images-na.ssl-images-amazon.com\/images\/I\/81AlBlbmbOL.jpg\" alt=\"Resultado de imagen de fenomenolog\u00eda del espiritu hegel antonio gomez ramos abada\" width=\"218\" height=\"335\" \/>Una de las se\u00f1as de identidad de Espai Marx, incluso antes de su constituci\u00f3n formal, ha sido siempre la realizaci\u00f3n de seminarios. Hasta ahora han sido siempre presenciales. Iniciamos una nueva experiencia con la grabaci\u00f3n de las sesiones de uno de los seminarios en curso, el dedicado a <em>Fenomenolog\u00eda del esp\u00edritu<\/em> de Hegel. El seminario ya lleva tiempo celebr\u00e1ndose as\u00ed que la primera grabaci\u00f3n se corresponde al cap\u00edtulo quinto de la obra. Tenemos previsto para un futuro pr\u00f3ximo un podcast en el que resumir, al menos, lo discutido en cap\u00edtulos anteriores. Los seminarios son siempre dirigidos por alguno de los participantes. En esta ocasi\u00f3n lo es por Joaqu\u00edn Miras.<\/p>\n<p>Los participantes en el seminario presencial est\u00e1n utilizando tres ediciones de la obra:<\/p>\n<p>&#8211;<em>Fenomenolog\u00eda del esp\u00edritu<\/em> \/ G.W.F. Hegel; traducci\u00f3n de Antonio G\u00f3mez Ramos. Madrid: UAM; Abada, 2010.\u00a0 (descargable en <a href=\"https:\/\/www.academia.edu\/37676746\/G_W_F_Hegel_Fenomenologia_del_Espiritu_Edicion_Bilingue_Trad_Gomez_Ramos_ABADA\">Academia.edu<\/a>)<br \/>\n&#8211;<em>Diferencia entre los sistemas de filosofi\u0301a de Fichte y Schelling ; Fenomenologi\u0301a del espi\u0301ritu<\/em> \/\u00a0 G.W.F. Hegel; traducci\u00f3n de Joaqu\u00edn Chamorro Mielke. Madrid: Gredos, 2010.<br \/>\n&#8211;<em>Fenomenologi\u0301a del espi\u0301ritu<\/em> \/\u00a0 G.W.F. Hegel; traducci\u00f3n de Joaqu\u00edn Chamorro Mielke. Madrid: Gredos, 2015. (edici\u00f3n para kiosko de la anterior)<\/p>\n<p>Como introducci\u00f3n al seminario recomendamos la lectura de un par de textos del dinamizador del seminario, Joaqu\u00edn Miras:<\/p>\n<p>&#8211;<a href=\"https:\/\/espai-marx.net\/?p=3962\">Hegel para marxistas<\/a><\/p>\n<p>&#8211;<a href=\"https:\/\/espai-marx.net\/?p=3980\">La ponencia presentada en una jornada para el bicentenario de Marx (2018)<\/a><\/p>\n<p><strong>Podcast de las sesiones<\/strong>:<\/p>\n<p>&#8211;<a href=\"https:\/\/espai-marx.net\/?p=3955\">21 de enero de 2020<\/a> (cap\u00edtulo quinto, apartado bA)<\/p>\n<audio class=\"wp-audio-shortcode\" id=\"audio-3969-1\" preload=\"none\" style=\"width: 100%;\" controls=\"controls\"><source type=\"audio\/mpeg\" src=\"https:\/\/espai-marx.net\/wp-content\/uploads\/2020\/01\/Comentarios-a-Fenomenolog\u00eda-del-Esp\u00edritu-de-Hegel.mp3?_=1\" \/><a href=\"https:\/\/espai-marx.net\/wp-content\/uploads\/2020\/01\/Comentarios-a-Fenomenolog\u00eda-del-Esp\u00edritu-de-Hegel.mp3\">https:\/\/espai-marx.net\/wp-content\/uploads\/2020\/01\/Comentarios-a-Fenomenolog\u00eda-del-Esp\u00edritu-de-Hegel.mp3<\/a><\/audio>\n<p>&#8211;<a href=\"https:\/\/espai-marx.net\/?p=6214\">19 de febrero de 2020<\/a> (cap\u00edtulo quinto, continuaci\u00f3n)<\/p>\n<audio class=\"wp-audio-shortcode\" id=\"audio-3969-2\" preload=\"none\" style=\"width: 100%;\" controls=\"controls\"><source type=\"audio\/mpeg\" src=\"https:\/\/espai-marx.net\/wp-content\/uploads\/2020\/02\/2020-02-19-Seminario-Hegel-1.mp3?_=2\" \/><a href=\"https:\/\/espai-marx.net\/wp-content\/uploads\/2020\/02\/2020-02-19-Seminario-Hegel-1.mp3\">https:\/\/espai-marx.net\/wp-content\/uploads\/2020\/02\/2020-02-19-Seminario-Hegel-1.mp3<\/a><\/audio>\n<p>-1 de abril de 2020 (cap\u00edtulo quinto, continuaci\u00f3n)<\/p>\n<audio class=\"wp-audio-shortcode\" id=\"audio-3969-3\" preload=\"none\" style=\"width: 100%;\" controls=\"controls\"><source type=\"audio\/mpeg\" src=\"https:\/\/espai-marx.net\/wp-content\/uploads\/2020\/01\/seminario_Fenomenologia_1_4_2020.mp3?_=3\" \/><a href=\"https:\/\/espai-marx.net\/wp-content\/uploads\/2020\/01\/seminario_Fenomenologia_1_4_2020.mp3\">https:\/\/espai-marx.net\/wp-content\/uploads\/2020\/01\/seminario_Fenomenologia_1_4_2020.mp3<\/a><\/audio>\n<p>-17 de abril de 2020 (cap\u00edtulo quinto, B)<\/p>\n<audio class=\"wp-audio-shortcode\" id=\"audio-3969-4\" preload=\"none\" style=\"width: 100%;\" controls=\"controls\"><source type=\"audio\/mpeg\" src=\"https:\/\/espai-marx.net\/wp-content\/uploads\/2020\/04\/seminario_Fenomenologia_17_4_2020.mp3?_=4\" \/><a href=\"https:\/\/espai-marx.net\/wp-content\/uploads\/2020\/04\/seminario_Fenomenologia_17_4_2020.mp3\">https:\/\/espai-marx.net\/wp-content\/uploads\/2020\/04\/seminario_Fenomenologia_17_4_2020.mp3<\/a><\/audio>\n<p>-2 de mayo de 2020 (cap\u00edtulo quinto, B)<\/p>\n<audio class=\"wp-audio-shortcode\" id=\"audio-3969-5\" preload=\"none\" style=\"width: 100%;\" controls=\"controls\"><source type=\"audio\/mpeg\" src=\"https:\/\/espai-marx.net\/wp-content\/uploads\/2020\/05\/seminario_Fenomenologia_2_5_2020.mp3?_=5\" \/><a href=\"https:\/\/espai-marx.net\/wp-content\/uploads\/2020\/05\/seminario_Fenomenologia_2_5_2020.mp3\">https:\/\/espai-marx.net\/wp-content\/uploads\/2020\/05\/seminario_Fenomenologia_2_5_2020.mp3<\/a><\/audio>\n<p>-13 de mayo de 2020 (cap\u00edtulo quinto)<\/p>\n<audio class=\"wp-audio-shortcode\" id=\"audio-3969-6\" preload=\"none\" style=\"width: 100%;\" controls=\"controls\"><source type=\"audio\/mpeg\" src=\"https:\/\/espai-marx.net\/wp-content\/uploads\/2020\/05\/seminario_Fenomenologia_13_5_2020.mp3?_=6\" \/><a href=\"https:\/\/espai-marx.net\/wp-content\/uploads\/2020\/05\/seminario_Fenomenologia_13_5_2020.mp3\">https:\/\/espai-marx.net\/wp-content\/uploads\/2020\/05\/seminario_Fenomenologia_13_5_2020.mp3<\/a><\/audio>\n<p>-27 de mayo (cap\u00edtulo quinto)<\/p>\n<audio class=\"wp-audio-shortcode\" id=\"audio-3969-7\" preload=\"none\" style=\"width: 100%;\" controls=\"controls\"><source type=\"audio\/mpeg\" src=\"https:\/\/espai-marx.net\/wp-content\/uploads\/2020\/05\/seminario_Fenomenologia_27_5_2020.mp3?_=7\" \/><a href=\"https:\/\/espai-marx.net\/wp-content\/uploads\/2020\/05\/seminario_Fenomenologia_27_5_2020.mp3\">https:\/\/espai-marx.net\/wp-content\/uploads\/2020\/05\/seminario_Fenomenologia_27_5_2020.mp3<\/a><\/audio>\n<p>-10 de junio (cap\u00edtulo quinto)<\/p>\n<audio class=\"wp-audio-shortcode\" id=\"audio-3969-8\" preload=\"none\" style=\"width: 100%;\" controls=\"controls\"><source type=\"audio\/mpeg\" src=\"https:\/\/espai-marx.net\/wp-content\/uploads\/2020\/06\/seminario_Fenomenologia_10_6_2020.mp3?_=8\" \/><a href=\"https:\/\/espai-marx.net\/wp-content\/uploads\/2020\/06\/seminario_Fenomenologia_10_6_2020.mp3\">https:\/\/espai-marx.net\/wp-content\/uploads\/2020\/06\/seminario_Fenomenologia_10_6_2020.mp3<\/a><\/audio>\n<p>-20 de junio (cap\u00edtulo quinto)<\/p>\n<audio class=\"wp-audio-shortcode\" id=\"audio-3969-9\" preload=\"none\" style=\"width: 100%;\" controls=\"controls\"><source type=\"audio\/mpeg\" src=\"https:\/\/espai-marx.net\/wp-content\/uploads\/2020\/06\/seminario_Fenomenologia_20_6_2020.mp3?_=9\" \/><a href=\"https:\/\/espai-marx.net\/wp-content\/uploads\/2020\/06\/seminario_Fenomenologia_20_6_2020.mp3\">https:\/\/espai-marx.net\/wp-content\/uploads\/2020\/06\/seminario_Fenomenologia_20_6_2020.mp3<\/a><\/audio>\n<p>-14 de septiembre (cap\u00edtulo quinto)<\/p>\n<audio class=\"wp-audio-shortcode\" id=\"audio-3969-10\" preload=\"none\" style=\"width: 100%;\" controls=\"controls\"><source type=\"audio\/mpeg\" src=\"https:\/\/espai-marx.net\/wp-content\/uploads\/2020\/09\/14-de-set.-17.47-Hegel-hasta-264.mp3?_=10\" \/><a href=\"https:\/\/espai-marx.net\/wp-content\/uploads\/2020\/09\/14-de-set.-17.47-Hegel-hasta-264.mp3\">https:\/\/espai-marx.net\/wp-content\/uploads\/2020\/09\/14-de-set.-17.47-Hegel-hasta-264.mp3<\/a><\/audio>\n<p>-28 de septiembre (cap\u00edtulo quinto)<\/p>\n<audio class=\"wp-audio-shortcode\" id=\"audio-3969-11\" preload=\"none\" style=\"width: 100%;\" controls=\"controls\"><source type=\"audio\/mpeg\" src=\"https:\/\/espai-marx.net\/wp-content\/uploads\/2020\/10\/28-de-set.-17.45.mp3?_=11\" \/><a href=\"https:\/\/espai-marx.net\/wp-content\/uploads\/2020\/10\/28-de-set.-17.45.mp3\">https:\/\/espai-marx.net\/wp-content\/uploads\/2020\/10\/28-de-set.-17.45.mp3<\/a><\/audio>\n<p>-14 de octubre (cap\u00edtulo quinto)<\/p>\n<audio class=\"wp-audio-shortcode\" id=\"audio-3969-12\" preload=\"none\" style=\"width: 100%;\" controls=\"controls\"><source type=\"audio\/mpeg\" src=\"https:\/\/espai-marx.net\/wp-content\/uploads\/2020\/10\/seminario_Fenomenologia_14_10_2020.mp3?_=12\" \/><a href=\"https:\/\/espai-marx.net\/wp-content\/uploads\/2020\/10\/seminario_Fenomenologia_14_10_2020.mp3\">https:\/\/espai-marx.net\/wp-content\/uploads\/2020\/10\/seminario_Fenomenologia_14_10_2020.mp3<\/a><\/audio>\n<p>-26 de octubre (cap\u00edtulo quinto)<\/p>\n<audio class=\"wp-audio-shortcode\" id=\"audio-3969-13\" preload=\"none\" style=\"width: 100%;\" controls=\"controls\"><source type=\"audio\/mpeg\" src=\"https:\/\/espai-marx.net\/wp-content\/uploads\/2020\/11\/seminario_Fenomenologia_26_10_2020.mp3?_=13\" \/><a href=\"https:\/\/espai-marx.net\/wp-content\/uploads\/2020\/11\/seminario_Fenomenologia_26_10_2020.mp3\">https:\/\/espai-marx.net\/wp-content\/uploads\/2020\/11\/seminario_Fenomenologia_26_10_2020.mp3<\/a><\/audio>\n<p>-9 de noviembre (cap\u00edtulo sexto)<\/p>\n<audio class=\"wp-audio-shortcode\" id=\"audio-3969-14\" preload=\"none\" style=\"width: 100%;\" controls=\"controls\"><source type=\"audio\/mpeg\" src=\"https:\/\/espai-marx.net\/wp-content\/uploads\/2020\/11\/Seminario_Fenomenologia_9_11_2020.mp3?_=14\" \/><a href=\"https:\/\/espai-marx.net\/wp-content\/uploads\/2020\/11\/Seminario_Fenomenologia_9_11_2020.mp3\">https:\/\/espai-marx.net\/wp-content\/uploads\/2020\/11\/Seminario_Fenomenologia_9_11_2020.mp3<\/a><\/audio>\n<p>-16 de diciembre (cap\u00edtulo sexto)<\/p>\n<audio class=\"wp-audio-shortcode\" id=\"audio-3969-15\" preload=\"none\" style=\"width: 100%;\" controls=\"controls\"><source type=\"audio\/mpeg\" src=\"https:\/\/espai-marx.net\/wp-content\/uploads\/2020\/12\/seminario_Sacristan_16_12_2020-1.mp3?_=15\" \/><a href=\"https:\/\/espai-marx.net\/wp-content\/uploads\/2020\/12\/seminario_Sacristan_16_12_2020-1.mp3\">https:\/\/espai-marx.net\/wp-content\/uploads\/2020\/12\/seminario_Sacristan_16_12_2020-1.mp3<\/a><\/audio>\n<p>-7 de enero de 2021 (cap\u00edtulo sexto)<\/p>\n<audio class=\"wp-audio-shortcode\" id=\"audio-3969-16\" preload=\"none\" style=\"width: 100%;\" controls=\"controls\"><source type=\"audio\/mpeg\" src=\"https:\/\/espai-marx.net\/wp-content\/uploads\/2021\/01\/seminario_Sacristan_sesion_6_07_01_2021.mp3?_=16\" \/><a href=\"https:\/\/espai-marx.net\/wp-content\/uploads\/2021\/01\/seminario_Sacristan_sesion_6_07_01_2021.mp3\">https:\/\/espai-marx.net\/wp-content\/uploads\/2021\/01\/seminario_Sacristan_sesion_6_07_01_2021.mp3<\/a><\/audio>\n<p>-8 de febrero de 2021 (cap\u00edtulo sexto)<\/p>\n<audio class=\"wp-audio-shortcode\" id=\"audio-3969-17\" preload=\"none\" style=\"width: 100%;\" controls=\"controls\"><source type=\"audio\/mpeg\" src=\"https:\/\/espai-marx.net\/wp-content\/uploads\/2021\/02\/seminario_Fenomenologia_08_02_2021.mp3?_=17\" \/><a href=\"https:\/\/espai-marx.net\/wp-content\/uploads\/2021\/02\/seminario_Fenomenologia_08_02_2021.mp3\">https:\/\/espai-marx.net\/wp-content\/uploads\/2021\/02\/seminario_Fenomenologia_08_02_2021.mp3<\/a><\/audio>\n<p>-22 de febrero de 2021 (cap\u00edtulo sexto)<\/p>\n<audio class=\"wp-audio-shortcode\" id=\"audio-3969-18\" preload=\"none\" style=\"width: 100%;\" controls=\"controls\"><source type=\"audio\/mpeg\" src=\"https:\/\/espai-marx.net\/wp-content\/uploads\/2021\/03\/seminario_Fenomenologia_22_02_2021.mp3?_=18\" \/><a href=\"https:\/\/espai-marx.net\/wp-content\/uploads\/2021\/03\/seminario_Fenomenologia_22_02_2021.mp3\">https:\/\/espai-marx.net\/wp-content\/uploads\/2021\/03\/seminario_Fenomenologia_22_02_2021.mp3<\/a><\/audio>\n<p>-8 de marzo de 2021 (cap\u00edtulo sexto)<\/p>\n<audio class=\"wp-audio-shortcode\" id=\"audio-3969-19\" preload=\"none\" style=\"width: 100%;\" controls=\"controls\"><source type=\"audio\/mpeg\" src=\"https:\/\/espai-marx.net\/wp-content\/uploads\/2021\/03\/seminario_Fenomenologia_08_03_2021.mp3?_=19\" \/><a href=\"https:\/\/espai-marx.net\/wp-content\/uploads\/2021\/03\/seminario_Fenomenologia_08_03_2021.mp3\">https:\/\/espai-marx.net\/wp-content\/uploads\/2021\/03\/seminario_Fenomenologia_08_03_2021.mp3<\/a><\/audio>\n<p>-24 de marzo de 2021 (cap\u00edtulo sexto)<\/p>\n<audio class=\"wp-audio-shortcode\" id=\"audio-3969-20\" preload=\"none\" style=\"width: 100%;\" controls=\"controls\"><source type=\"audio\/mpeg\" src=\"https:\/\/espai-marx.net\/wp-content\/uploads\/2021\/03\/seminario_Fenomenologia_24_3_2021.mp3?_=20\" \/><a href=\"https:\/\/espai-marx.net\/wp-content\/uploads\/2021\/03\/seminario_Fenomenologia_24_3_2021.mp3\">https:\/\/espai-marx.net\/wp-content\/uploads\/2021\/03\/seminario_Fenomenologia_24_3_2021.mp3<\/a><\/audio>\n<p>-5 de abril de 2021\u00a0 (cap\u00edtulo sexto)<\/p>\n<audio class=\"wp-audio-shortcode\" id=\"audio-3969-21\" preload=\"none\" style=\"width: 100%;\" controls=\"controls\"><source type=\"audio\/mpeg\" src=\"https:\/\/espai-marx.net\/wp-content\/uploads\/2021\/04\/seminario_Fenomenologia_05_04_2021.mp3?_=21\" \/><a href=\"https:\/\/espai-marx.net\/wp-content\/uploads\/2021\/04\/seminario_Fenomenologia_05_04_2021.mp3\">https:\/\/espai-marx.net\/wp-content\/uploads\/2021\/04\/seminario_Fenomenologia_05_04_2021.mp3<\/a><\/audio>\n<p>-12 de abril de 2021 (cap\u00edtulo sexto)<\/p>\n<audio class=\"wp-audio-shortcode\" id=\"audio-3969-22\" preload=\"none\" style=\"width: 100%;\" controls=\"controls\"><source type=\"audio\/mpeg\" src=\"https:\/\/espai-marx.net\/wp-content\/uploads\/2021\/04\/seminario_Fenomenologia_12_04_2021.mp3?_=22\" \/><a href=\"https:\/\/espai-marx.net\/wp-content\/uploads\/2021\/04\/seminario_Fenomenologia_12_04_2021.mp3\">https:\/\/espai-marx.net\/wp-content\/uploads\/2021\/04\/seminario_Fenomenologia_12_04_2021.mp3<\/a><\/audio>\n<p>-24 de abril de 2021 (cap\u00edtulo sexto)<\/p>\n<audio class=\"wp-audio-shortcode\" id=\"audio-3969-23\" preload=\"none\" style=\"width: 100%;\" controls=\"controls\"><source type=\"audio\/mpeg\" src=\"https:\/\/espai-marx.net\/wp-content\/uploads\/2021\/05\/seminario_Fenomenologia_28_4_2021.mp3?_=23\" \/><a href=\"https:\/\/espai-marx.net\/wp-content\/uploads\/2021\/05\/seminario_Fenomenologia_28_4_2021.mp3\">https:\/\/espai-marx.net\/wp-content\/uploads\/2021\/05\/seminario_Fenomenologia_28_4_2021.mp3<\/a><\/audio>\n<p>-10 de mayo de 2021 (cap\u00edtulo sexto)<\/p>\n<audio class=\"wp-audio-shortcode\" id=\"audio-3969-24\" preload=\"none\" style=\"width: 100%;\" controls=\"controls\"><source type=\"audio\/mpeg\" src=\"https:\/\/espai-marx.net\/wp-content\/uploads\/2021\/05\/seminario_Fenomenologia_10_5_2021.mp3?_=24\" \/><a href=\"https:\/\/espai-marx.net\/wp-content\/uploads\/2021\/05\/seminario_Fenomenologia_10_5_2021.mp3\">https:\/\/espai-marx.net\/wp-content\/uploads\/2021\/05\/seminario_Fenomenologia_10_5_2021.mp3<\/a><\/audio>\n<p>-24 de mayo de 2021 (cap\u00edtulo sexto)<\/p>\n<audio class=\"wp-audio-shortcode\" id=\"audio-3969-25\" preload=\"none\" style=\"width: 100%;\" controls=\"controls\"><source type=\"audio\/mpeg\" src=\"https:\/\/espai-marx.net\/wp-content\/uploads\/2021\/05\/Seminario-Hegel-20210524.mp3?_=25\" \/><a href=\"https:\/\/espai-marx.net\/wp-content\/uploads\/2021\/05\/Seminario-Hegel-20210524.mp3\">https:\/\/espai-marx.net\/wp-content\/uploads\/2021\/05\/Seminario-Hegel-20210524.mp3<\/a><\/audio>\n<p>-7 de junio de 2021 (cap\u00edtulo sexto)<\/p>\n<audio class=\"wp-audio-shortcode\" id=\"audio-3969-26\" preload=\"none\" style=\"width: 100%;\" controls=\"controls\"><source type=\"audio\/mpeg\" src=\"https:\/\/espai-marx.net\/wp-content\/uploads\/2021\/06\/Seminario-Hegel-2021-06-07.mp3?_=26\" \/><a href=\"https:\/\/espai-marx.net\/wp-content\/uploads\/2021\/06\/Seminario-Hegel-2021-06-07.mp3\">https:\/\/espai-marx.net\/wp-content\/uploads\/2021\/06\/Seminario-Hegel-2021-06-07.mp3<\/a><\/audio>\n<p>-21 de junio de 2021 (cap\u00edtulo sexto)<\/p>\n<audio class=\"wp-audio-shortcode\" id=\"audio-3969-27\" preload=\"none\" style=\"width: 100%;\" controls=\"controls\"><source type=\"audio\/mpeg\" src=\"https:\/\/espai-marx.net\/wp-content\/uploads\/2021\/06\/Seminario-Hegel-2021-06-21.mp3?_=27\" \/><a href=\"https:\/\/espai-marx.net\/wp-content\/uploads\/2021\/06\/Seminario-Hegel-2021-06-21.mp3\">https:\/\/espai-marx.net\/wp-content\/uploads\/2021\/06\/Seminario-Hegel-2021-06-21.mp3<\/a><\/audio>\n","protected":false},"excerpt":{"rendered":"<p>Una de las se\u00f1as de identidad de Espai Marx, incluso antes de su constituci\u00f3n formal, ha sido siempre la realizaci\u00f3n de seminarios. Hasta ahora han sido siempre presenciales. Iniciamos una nueva experiencia con la grabaci\u00f3n de las sesiones de uno de los seminarios en curso, el dedicado a Fenomenolog\u00eda del esp\u00edritu de Hegel. El seminario ya lleva tiempo celebr\u00e1ndose as\u00ed que la primera grabaci\u00f3n se corresponde al cap\u00edtulo quinto de la obra. Tenemos previsto para un futuro pr\u00f3ximo un podcast en el que resumir, al menos, lo discutido en cap\u00edtulos anteriores. Los seminarios son siempre dirigidos por alguno de los participantes. En esta ocasi\u00f3n lo es por Joaqu\u00edn Miras.<\/p>\n","protected":false},"author":9,"featured_media":3957,"comment_status":"open","ping_status":"open","sticky":false,"template":"","format":"standard","meta":{"footnotes":""},"categories":[883,8,869],"tags":[934,867,1499],"class_list":["post-3969","post","type-post","status-publish","format-standard","has-post-thumbnail","hentry","category-filosofia-del-espiritu-de-g-w-f-hegel","category-filosofia","category-seminarios","tag-fenomenologia-del-espiritu","tag-g-w-f-hegel","tag-presentacion-general"],"aioseo_notices":[],"_links":{"self":[{"href":"https:\/\/espai-marx.net\/index.php?rest_route=\/wp\/v2\/posts\/3969","targetHints":{"allow":["GET"]}}],"collection":[{"href":"https:\/\/espai-marx.net\/index.php?rest_route=\/wp\/v2\/posts"}],"about":[{"href":"https:\/\/espai-marx.net\/index.php?rest_route=\/wp\/v2\/types\/post"}],"author":[{"embeddable":true,"href":"https:\/\/espai-marx.net\/index.php?rest_route=\/wp\/v2\/users\/9"}],"replies":[{"embeddable":true,"href":"https:\/\/espai-marx.net\/index.php?rest_route=%2Fwp%2Fv2%2Fcomments&post=3969"}],"version-history":[{"count":1,"href":"https:\/\/espai-marx.net\/index.php?rest_route=\/wp\/v2\/posts\/3969\/revisions"}],"predecessor-version":[{"id":17011,"href":"https:\/\/espai-marx.net\/index.php?rest_route=\/wp\/v2\/posts\/3969\/revisions\/17011"}],"wp:featuredmedia":[{"embeddable":true,"href":"https:\/\/espai-marx.net\/index.php?rest_route=\/wp\/v2\/media\/3957"}],"wp:attachment":[{"href":"https:\/\/espai-marx.net\/index.php?rest_route=%2Fwp%2Fv2%2Fmedia&parent=3969"}],"wp:term":[{"taxonomy":"category","embeddable":true,"href":"https:\/\/espai-marx.net\/index.php?rest_route=%2Fwp%2Fv2%2Fcategories&post=3969"},{"taxonomy":"post_tag","embeddable":true,"href":"https:\/\/espai-marx.net\/index.php?rest_route=%2Fwp%2Fv2%2Ftags&post=3969"}],"curies":[{"name":"wp","href":"https:\/\/api.w.org\/{rel}","templated":true}]}}