{"id":397,"date":"2016-02-24T00:00:00","date_gmt":"2016-02-23T23:00:00","guid":{"rendered":"https:\/\/espai-marx.net\/?p=397"},"modified":"2020-02-19T08:57:41","modified_gmt":"2020-02-19T07:57:41","slug":"obituari-de-nicolao-merker","status":"publish","type":"post","link":"https:\/\/espai-marx.net\/?p=397","title":{"rendered":"Obituari de Nicolao Merker"},"content":{"rendered":"<p>He conegut amb profund pesar la mort de Nicolao Merker. En els \u00faltims dies havia esmentat que vaig obtenir la llicenciatura amb ell fa molts anys, encara que mai vaig ser el seu alumne en el sentit de seguidor del dellavolpisme (per\u00f2 junt amb ell vaig donar tres cursos anuals de la filosofia moderna i la hist\u00f2ria contempor\u00e0nia &#8230;) ; cal recordar les seves importants contribucions sobre Marx i el marxisme: per exemple, jo aconsellava el seu \u201cKarl Marx\u201d (Laterza) com a excel\u00b7lent llibre d&#8217;introducci\u00f3 al pensament del Moro, o recordava la seva contribuci\u00f3 al primer volum de \u201cHist\u00f2ria del marxisme\u201d de Carocci, 2015 (em diuen que el llibre est\u00e0 esgotat, per\u00f2 en Amazon o similars, deu seguir estant disponible). La contribuci\u00f3 de Merker es titula: \u201cOrtodoxia i revisionisme en la socialdemocr\u00e0cia\u201d.<\/p>\n<p>Merker, de fam\u00edlia del Tirol del Sud traslladada a Messina, es va convertir en un alumne directe de Galvano Della Volpe, qui el va enviar a Alemanya i el va posar a treballar sobre Hegel ( \u00abEls or\u00edgens de la l\u00f2gica hegeliana\u00bb \u00e9s el seu primer llibre).<\/p>\n<p>Per\u00f2 fonamentals i nous seran els seus treballs successius sobre la Il\u00b7lustraci\u00f3 alemanya, de Lessing, la hist\u00f2ria cultural d&#8217;Alemanya, la socialdemocr\u00e0cia austr\u00edaca i alemanya, el nacionalisme i el nacional-socialisme, sobre el populisme. eu tamb\u00e9 un manual fam\u00f3s per les escoles secund\u00e0ries, \u201cHist\u00f2ria de la filosofia\u201d, i tamb\u00e9 un \u201cAtles de filosofia\u201d, a m\u00e9s de les moltes contribucions sobre Marx, que ja he esmentat m\u00e9s amunt i sobre la historiografia filos\u00f2fica marxista i la metodologia de la hist\u00f2ria de les idees.<\/p>\n<p>A la profunditat dels estudis hi ajuntava la creen\u00e7a de que calia ser clar en l&#8217;exposici\u00f3 i en l\u2019escriptura, per comunicar-se amb el major nombre possible de persones. Tamb\u00e9 va ser company de treball de De Mauro per a els \u201cLibri di base\u201d, on va dirigir la secci\u00f3 de Filosofia i per la qual va escriure un petit \u00abMarx\u00bb.<\/p>\n<p>T\u00edmid, reservat, amable, un tirol\u00e8s del sud de gran classe, que en ocasions s\u2019il\u00b7luminava amb un bell somriure.<\/p>\n<p>Membre des de sempre del Partit Comunista, encara recordo quan vaig anar al seu despatx per donar-li la not\u00edcia que havia estat trobat el cos d&#8217;Aldo Moro. Va arribar a classe, la gran sala del Departament de Filosofia, sempre plena d\u2019alumnes per a escoltar les seves lli\u00e7ons (a les tres de la tarda: mortal per a la digesti\u00f3, per\u00f2 ple d&#8217;entusiasme pels llegendaris \u00abjacobins de Maguncia\u00bb), i va dir m\u00e9s o menys: hi ha moments en qu\u00e8 la filosofia no pot romandre a l&#8217;aula tancada, anem als carrers per manifestar-nos a favor de la democr\u00e0cia.<\/p>\n<p>Ha marxat en silenci i una mica a\u00efllat, com va viure sempre. No \u00e9s casualitat que la seva dona Lia Formigari, fil\u00f2sofa del llenguatge, hagi donat la not\u00edcia de la seva mort despr\u00e9s del funeral: sens dubte ho van decidir junts.<\/p>\n<p>Ad\u00e9u , Merker.<\/p>\n<p>Guido Liguori 17 de febrer de 2016<\/p>\n<p>&nbsp;<\/p>\n","protected":false},"excerpt":{"rendered":"<p>\u00a0<\/p>\n<p style='margin-bottom: 0.6cm; line-height: 150%;' lang='ca-ES' align='justify'>He conegut amb profund pesar la mort de Nicolao Merker. Cal recordar les seves importants contribucions sobre Marx i el marxisme: per exemple, jo aconsellava el seu \u201cKarl Marx\u201d (Laterza) com a excel\u00b7lent llibre d&#8217;introducci\u00f3 al pensament del Moro, o recordava la seva contribuci\u00f3 al primer volum de \u201cHist\u00f2ria del marxisme\u201d de Carocci, 2015 . La contribuci\u00f3 de Merker es titula: \u201cOrtodoxia i revisionisme en la socialdemocr\u00e0cia\u201d.<\/p>\n<p style='margin-bottom: 0.6cm; line-height: 150%;' align='justify'>Merker, de fam\u00edlia del Tirol del Sud traslladada a Messina, es va convertir en un alumne directe de Galvano Della Volpe, qui el va enviar a Alemanya i el va posar a treballar sobre Hegel ( &#8216;Els or\u00edgens de la l\u00f2gica hegeliana&#8217; \u00e9s el seu primer llibre).<\/p>\n","protected":false},"author":9,"featured_media":398,"comment_status":"open","ping_status":"open","sticky":false,"template":"","format":"standard","meta":{"footnotes":""},"categories":[8],"tags":[1037,1030],"class_list":["post-397","post","type-post","status-publish","format-standard","has-post-thumbnail","hentry","category-filosofia","tag-nicolao-merker","tag-obituario"],"aioseo_notices":[],"_links":{"self":[{"href":"https:\/\/espai-marx.net\/index.php?rest_route=\/wp\/v2\/posts\/397","targetHints":{"allow":["GET"]}}],"collection":[{"href":"https:\/\/espai-marx.net\/index.php?rest_route=\/wp\/v2\/posts"}],"about":[{"href":"https:\/\/espai-marx.net\/index.php?rest_route=\/wp\/v2\/types\/post"}],"author":[{"embeddable":true,"href":"https:\/\/espai-marx.net\/index.php?rest_route=\/wp\/v2\/users\/9"}],"replies":[{"embeddable":true,"href":"https:\/\/espai-marx.net\/index.php?rest_route=%2Fwp%2Fv2%2Fcomments&post=397"}],"version-history":[{"count":0,"href":"https:\/\/espai-marx.net\/index.php?rest_route=\/wp\/v2\/posts\/397\/revisions"}],"wp:featuredmedia":[{"embeddable":true,"href":"https:\/\/espai-marx.net\/index.php?rest_route=\/wp\/v2\/media\/398"}],"wp:attachment":[{"href":"https:\/\/espai-marx.net\/index.php?rest_route=%2Fwp%2Fv2%2Fmedia&parent=397"}],"wp:term":[{"taxonomy":"category","embeddable":true,"href":"https:\/\/espai-marx.net\/index.php?rest_route=%2Fwp%2Fv2%2Fcategories&post=397"},{"taxonomy":"post_tag","embeddable":true,"href":"https:\/\/espai-marx.net\/index.php?rest_route=%2Fwp%2Fv2%2Ftags&post=397"}],"curies":[{"name":"wp","href":"https:\/\/api.w.org\/{rel}","templated":true}]}}