{"id":3992,"date":"2020-01-27T10:58:57","date_gmt":"2020-01-27T09:58:57","guid":{"rendered":"https:\/\/espai-marx.net\/?p=3992"},"modified":"2020-02-19T07:32:27","modified_gmt":"2020-02-19T06:32:27","slug":"podcast-cornelius-castoriadis-pensar-la-imaginacion-luchar-por-la-autonomia","status":"publish","type":"post","link":"https:\/\/espai-marx.net\/?p=3992","title":{"rendered":"Podcast: Cornelius Castoriadis. Pensar la imaginaci\u00f3n, luchar por la autonom\u00eda"},"content":{"rendered":"<p><iframe loading=\"lazy\" src=\"https:\/\/w.soundcloud.com\/player\/?url=https%3A\/\/api.soundcloud.com\/tracks\/350715664&amp;color=%23ff5500&amp;auto_play=false&amp;hide_related=false&amp;show_comments=true&amp;show_user=true&amp;show_reposts=false&amp;show_teaser=true&amp;visual=true\" width=\"100%\" height=\"300\" frameborder=\"no\" scrolling=\"no\"><\/iframe><\/p>\n<p>Encuentro con Adri\u00e1n Almaz\u00e1n, Daniel Cabrera, Jordi Torrent y Rafael Miranda. Presenta: Juan Manuel Vera.<\/p>\n<p>Se cumplen en 2017 veinte a\u00f1os desde la muerte de Cornelius Castoriadis.<\/p>\n<p>Castoriadis dej\u00f3 un impresionante legado intelectual de naturaleza pluridisciplinar y a contracorriente de las principales tendencias dominantes en el mundo contempor\u00e1neo. Elabor\u00f3, desde los a\u00f1os cincuenta del pasado siglo, una cr\u00edtica radical del estalinismo, reflexion\u00f3 sobre la evoluci\u00f3n del capitalismo, analiz\u00f3 las razones del fracaso del marxismo como pensamiento emancipatorio, desarroll\u00f3 una teor\u00eda del imaginario social y de la funci\u00f3n de la imaginaci\u00f3n radical, investig\u00f3 las ra\u00edces del proyecto de autonom\u00eda e indag\u00f3 sobre las razones del ascenso de la insignificancia en la sociedad actual.<\/p>\n<p>La singularidad y potencialidad de la obra de Castoriadis derivan de los fundamentos de su pensamiento: el igualitarismo radical, el an\u00e1lisis de la sustancia absurda del imaginario capitalista del crecimiento ilimitado, la posibilidad de luchar por una aut\u00e9ntica democracia.<\/p>\n<p>Pensar, reflexionar, imaginar, luchar, decidir\u2026 no son la prerrogativa de una \u00e9lite, sino un compromiso posible de todos y todas. Las ideas de Castoriadis se contraponen a toda oligarqu\u00eda pol\u00edtica o social.<\/p>\n<p>En este encuentro se pretende recordarle y, al mismo tiempo, reflexionar sobre la vigencia de su obra y posibles v\u00edas para desarrollar su trabajo intelectual.<\/p>\n<p>Participantes<\/p>\n<p>Rafael Miranda Redondo. Reside en Chiapas, M\u00e9xico. Doctor en Fundamentos y Desarrollos Psicoanal\u00edticos en la Universidad Complutense de Madrid. Fue disc\u00edpulo de Cornelius Castoriadis en la \u00c9cole des Hautes \u00c9tudes en Sciences Sociales de Paris. Coordinador de la C\u00e1tedra Interinstitucional Cornelius Castoriadis. Miembro del colectivo de bibli\u00f3grafos de Cornelius Castoriadis\/Agora International, Ensayista, conferenciante y responsable de seminarios sobre Castoriadis.<\/p>\n<p>Daniel H. Cabrera. Profesor titular de Teor\u00edas de la Comunicaci\u00f3n, Universidad de Zaragoza, Espa\u00f1a. Fue Coordinador del Grado de Periodismo, UNIZAR, Espa\u00f1a y Coordinador el Doctorado en Comunicaci\u00f3n de la Facultad de Comunicaci\u00f3n, Universidad Nacional de C\u00f3rdoba, Argentina. Ha publicado \u201cLo tecnol\u00f3gico y lo imaginario\u201d (2006), \u201cFragmentos del Caos. Filosof\u00eda, sujeto y sociedad en Cornelius Castoriadis\u201d (2008) ambos en Biblos, Buenos Aires; \u201cComunicaci\u00f3n y cultura como enso\u00f1aci\u00f3n social\u201d, Fragua, Madrid, 2011 y decenas de art\u00edculos acad\u00e9micos en revistas internacionales en las que aborda la relaci\u00f3n entre tecnolog\u00edas e imaginarios sociales.<\/p>\n<p>Jordi Torrent Bestit. Licenciado en Historia Contempor\u00e1nea por la Universidad de Barcrelona, ha publicado diferentes textos sobre filosof\u00eda pol\u00edtica y cr\u00edtica historiogr\u00e1fica. Miembro de Espai Marx y colaborador de la Fundaci\u00f3n Andreu Nin. Traductor al catal\u00e1n y al castellano de Cornelius Castoriadis.<\/p>\n<p>Adri\u00e1n Almaz\u00e1n G\u00f3mez. Estudiante de doctorado en la UAM bajo la tutela de Jorge Riechmann. Trabaja en la obra de Castoriadis, en concreto en la elaboraci\u00f3n de una filosof\u00eda pol\u00edtica de la tecnolog\u00eda a partir de sus obras. Es adem\u00e1s miembro del colectivo editor de la revista Cul de Sac y de la editorial Ediciones el Salm\u00f3n.<\/p>\n<p>Juan Manuel Vera. Economista. Miembro del Consejo Editorial de la revista Trasversales. Forma parte de la Junta Directiva de la Fundaci\u00f3n Andreu Nin. Ha publicado numerosos trabajos sobre cuestiones de filosof\u00eda pol\u00edtica, econ\u00f3mico-tributarias y de cr\u00edtica cultural. Es autor de diversos textos sobre la obra de Castoriadis.<\/p>\n<p><a href=\"https:\/\/espai-marx.net\/wp-content\/uploads\/2020\/01\/espaipodcast-1.jpeg\"><img loading=\"lazy\" decoding=\"async\" class=\"alignnone size-medium wp-image-3957\" src=\"https:\/\/espai-marx.net\/wp-content\/uploads\/2020\/01\/espaipodcast-1-300x122.jpeg\" alt=\"\" width=\"300\" height=\"122\" \/><\/a><\/p>\n","protected":false},"excerpt":{"rendered":"<p>Encuentro con Adri\u00e1n Almaz\u00e1n, Daniel Cabrera, Jordi Torrent y Rafael Miranda. Presenta: Juan Manuel Vera.<\/p>\n<p>Se cumplen en 2017 veinte a\u00f1os desde la muerte de Cornelius Castoriadis.<\/p>\n<p>Castoriadis dej\u00f3 un impresionante legado intelectual de naturaleza pluridisciplinar y a contracorriente de las principales tendencias dominantes en el mundo contempor\u00e1neo. Elabor\u00f3, desde los a\u00f1os cincuenta del pasado siglo, una cr\u00edtica radical del estalinismo, reflexion\u00f3 sobre la evoluci\u00f3n del capitalismo, analiz\u00f3 las razones del fracaso del marxismo como pensamiento emancipatorio, desarroll\u00f3 una teor\u00eda del imaginario social y de la funci\u00f3n de la imaginaci\u00f3n radical, investig\u00f3 las ra\u00edces del proyecto de autonom\u00eda e indag\u00f3 sobre las razones del ascenso de la insignificancia en la sociedad actual.<\/p>\n","protected":false},"author":9,"featured_media":1450,"comment_status":"open","ping_status":"open","sticky":false,"template":"","format":"standard","meta":{"footnotes":""},"categories":[856],"tags":[992],"class_list":["post-3992","post","type-post","status-publish","format-standard","has-post-thumbnail","hentry","category-podcast","tag-cornelius-castoriadis"],"aioseo_notices":[],"_links":{"self":[{"href":"https:\/\/espai-marx.net\/index.php?rest_route=\/wp\/v2\/posts\/3992","targetHints":{"allow":["GET"]}}],"collection":[{"href":"https:\/\/espai-marx.net\/index.php?rest_route=\/wp\/v2\/posts"}],"about":[{"href":"https:\/\/espai-marx.net\/index.php?rest_route=\/wp\/v2\/types\/post"}],"author":[{"embeddable":true,"href":"https:\/\/espai-marx.net\/index.php?rest_route=\/wp\/v2\/users\/9"}],"replies":[{"embeddable":true,"href":"https:\/\/espai-marx.net\/index.php?rest_route=%2Fwp%2Fv2%2Fcomments&post=3992"}],"version-history":[{"count":0,"href":"https:\/\/espai-marx.net\/index.php?rest_route=\/wp\/v2\/posts\/3992\/revisions"}],"wp:featuredmedia":[{"embeddable":true,"href":"https:\/\/espai-marx.net\/index.php?rest_route=\/wp\/v2\/media\/1450"}],"wp:attachment":[{"href":"https:\/\/espai-marx.net\/index.php?rest_route=%2Fwp%2Fv2%2Fmedia&parent=3992"}],"wp:term":[{"taxonomy":"category","embeddable":true,"href":"https:\/\/espai-marx.net\/index.php?rest_route=%2Fwp%2Fv2%2Fcategories&post=3992"},{"taxonomy":"post_tag","embeddable":true,"href":"https:\/\/espai-marx.net\/index.php?rest_route=%2Fwp%2Fv2%2Ftags&post=3992"}],"curies":[{"name":"wp","href":"https:\/\/api.w.org\/{rel}","templated":true}]}}