{"id":3999,"date":"2020-01-31T06:35:30","date_gmt":"2020-01-31T05:35:30","guid":{"rendered":"https:\/\/espai-marx.net\/?p=3999"},"modified":"2020-02-19T08:24:09","modified_gmt":"2020-02-19T07:24:09","slug":"conferencia-sobre-el-centenario-de-marx-palma-de-mallorca-17-de-mayo-de-2018","status":"publish","type":"post","link":"https:\/\/espai-marx.net\/?p=3999","title":{"rendered":"Conferencia de Joaqu\u00edn Miras por el bicentenario de Marx, en Palma de Mallorca"},"content":{"rendered":"<p>Como complemento a la entrada en la que present\u00e1bamos la <a href=\"https:\/\/espai-marx.net\/?p=3980\">conferencia de Joaqu\u00edn Miras \u00abLa filosof\u00eda de Marx\u00bb con motivo del bicentenario de su nacimiento,<\/a>\u00a0celebrada en Palma de Mallorca el 17 de mayo de 2018, adjuntamos ahora dos archivos con la grabaci\u00f3n en audio de la conferencia, dos fragmentos en v\u00eddeo de la misma, y, tambi\u00e9n en v\u00eddeo, la presentaci\u00f3n de Josep Traverso y una intervenci\u00f3n de Josep Valero:<\/p>\n<p><strong>Audios<\/strong><\/p>\n<p>Presentaci\u00f3n y lectura de la conferencia (duraci\u00f3n: 1:11:53)<\/p>\n<audio class=\"wp-audio-shortcode\" id=\"audio-3999-2\" preload=\"none\" style=\"width: 100%;\" controls=\"controls\"><source type=\"audio\/mpeg\" src=\"https:\/\/espai-marx.net\/wp-content\/uploads\/2020\/01\/20180517MirasaPalma2CentenariMarx01.mp3?_=2\" \/><a href=\"https:\/\/espai-marx.net\/wp-content\/uploads\/2020\/01\/20180517MirasaPalma2CentenariMarx01.mp3\">https:\/\/espai-marx.net\/wp-content\/uploads\/2020\/01\/20180517MirasaPalma2CentenariMarx01.mp3<\/a><\/audio>\n<p>Debate tras la lectura (duraci\u00f3n: 29:02)<\/p>\n<audio class=\"wp-audio-shortcode\" id=\"audio-3999-3\" preload=\"none\" style=\"width: 100%;\" controls=\"controls\"><source type=\"audio\/mpeg\" src=\"https:\/\/espai-marx.net\/wp-content\/uploads\/2020\/01\/20180517MirasaPalma2CentenariMarx02.mp3?_=3\" \/><a href=\"https:\/\/espai-marx.net\/wp-content\/uploads\/2020\/01\/20180517MirasaPalma2CentenariMarx02.mp3\">https:\/\/espai-marx.net\/wp-content\/uploads\/2020\/01\/20180517MirasaPalma2CentenariMarx02.mp3<\/a><\/audio>\n<p>&nbsp;<\/p>\n<p><strong>V\u00eddeos<\/strong><\/p>\n<p><iframe loading=\"lazy\" src=\"https:\/\/drive.google.com\/file\/d\/1gYBvU026wC-vtwrQEghHmRLqzlGPPCnh\/preview\" width=\"640\" height=\"360\"><span data-mce-type=\"bookmark\" style=\"display: inline-block; width: 0px; overflow: hidden; line-height: 0;\" class=\"mce_SELRES_start\">\ufeff<\/span><span data-mce-type=\"bookmark\" style=\"display: inline-block; width: 0px; overflow: hidden; line-height: 0;\" class=\"mce_SELRES_start\">\ufeff<\/span><span data-mce-type=\"bookmark\" style=\"display: inline-block; width: 0px; overflow: hidden; line-height: 0;\" class=\"mce_SELRES_start\">\ufeff<\/span><span data-mce-type=\"bookmark\" style=\"display: inline-block; width: 0px; overflow: hidden; line-height: 0;\" class=\"mce_SELRES_start\">\ufeff<\/span><\/iframe><br \/>\nPresentaci\u00f3n de Josep Traverso (duraci\u00f3n: 58 segundos)<\/p>\n<p><iframe loading=\"lazy\" src=\"https:\/\/drive.google.com\/file\/d\/1a9Hus9zSd-eES1p5U0ZKVLRbBcAHpOn_\/preview\" width=\"640\" height=\"360\"><span data-mce-type=\"bookmark\" style=\"display: inline-block; width: 0px; overflow: hidden; line-height: 0;\" class=\"mce_SELRES_start\">\ufeff<\/span><\/iframe><br \/>\nFragmento de lectura de la conferencia (duraci\u00f3n: 1:11)<\/p>\n<p><iframe loading=\"lazy\" src=\"https:\/\/drive.google.com\/file\/d\/1EGMoQfNJLcj0R1-JkEmUPA14GLXQ10oq\/preview\" width=\"640\" height=\"360\"><span data-mce-type=\"bookmark\" style=\"display: inline-block; width: 0px; overflow: hidden; line-height: 0;\" class=\"mce_SELRES_start\">\ufeff<\/span><\/iframe><br \/>\nOtro fragmento de la lectura (duraci\u00f3n 2:21)<\/p>\n<p><iframe loading=\"lazy\" src=\"https:\/\/drive.google.com\/file\/d\/12xPt38m7UNgHG8P3EgGVejxenCfMLBRu\/preview\" width=\"640\" height=\"480\"><\/iframe><br \/>\nDebate: intervenci\u00f3n de Josep Valero (duraci\u00f3n 1:58)<\/p>\n<div class=\"powerpress_player\" id=\"powerpress_player_3178\"><audio class=\"wp-audio-shortcode\" id=\"audio-3999-1\" preload=\"none\" style=\"width: 100%;\" controls=\"controls\"><source type=\"audio\/mpeg\" src=\"https:\/\/espai-marx.net\/wp-content\/uploads\/2020\/01\/20180517MirasaPalma2CentenariMarx01.mp3?_=1\" \/><a href=\"https:\/\/espai-marx.net\/wp-content\/uploads\/2020\/01\/20180517MirasaPalma2CentenariMarx01.mp3\">https:\/\/espai-marx.net\/wp-content\/uploads\/2020\/01\/20180517MirasaPalma2CentenariMarx01.mp3<\/a><\/audio><\/div><p class=\"powerpress_links powerpress_links_mp3\" style=\"margin-bottom: 1px !important;\">Podcast: <a href=\"https:\/\/espai-marx.net\/wp-content\/uploads\/2020\/01\/20180517MirasaPalma2CentenariMarx01.mp3\" class=\"powerpress_link_pinw\" target=\"_blank\" title=\"Reproducir en una nueva ventana\" onclick=\"return powerpress_pinw('https:\/\/espai-marx.net\/?powerpress_pinw=3999-podcast');\" rel=\"nofollow\">Reproducir en una nueva ventana<\/a> | <a href=\"https:\/\/espai-marx.net\/wp-content\/uploads\/2020\/01\/20180517MirasaPalma2CentenariMarx01.mp3\" class=\"powerpress_link_d\" title=\"Descargar\" rel=\"nofollow\" download=\"20180517MirasaPalma2CentenariMarx01.mp3\">Descargar<\/a> | <a href=\"#\" class=\"powerpress_link_e\" title=\"Incrustar\" onclick=\"return powerpress_show_embed('3999-podcast');\" rel=\"nofollow\">Incrustar<\/a><\/p><p class=\"powerpress_embed_box\" id=\"powerpress_embed_3999-podcast\" style=\"display: none;\"><input id=\"powerpress_embed_3999-podcast_t\" type=\"text\" value=\"&lt;iframe width=&quot;320&quot; height=&quot;30&quot; src=&quot;https:\/\/espai-marx.net\/?powerpress_embed=3999-podcast&amp;amp;powerpress_player=mediaelement-audio&quot; title=&quot;Blubrry Podcast Player&quot; frameborder=&quot;0&quot; scrolling=&quot;no&quot;&gt;&lt;\/iframe&gt;\" onclick=\"javascript: this.select();\" onfocus=\"javascript: this.select();\" style=\"width: 70%;\" readOnly><\/p><p class=\"powerpress_links powerpress_subscribe_links\">Suscr\u00edbete: <a href=\"https:\/\/www.youtube.com\/@PodcastdeEspaiMarx-ht2uc\" class=\"powerpress_link_subscribe powerpress_link_subscribe_youtube\" target=\"_blank\" title=\"Suscr\u00edbete a YouTube Music\" rel=\"nofollow\">YouTube Music<\/a> | <a href=\"https:\/\/espai-marx.net\/?feed=podcast\" class=\"powerpress_link_subscribe powerpress_link_subscribe_rss\" target=\"_blank\" title=\"Suscr\u00edbete v\u00eda RSS\" rel=\"nofollow\">RSS<\/a><\/p>","protected":false},"excerpt":{"rendered":"<p>Como complemento a la entrada en la que present\u00e1bamos la conferencia de Joaqu\u00edn Miras \u00abLa filosof\u00eda de Marx\u00bb con motivo del bicentenario de su nacimiento,\u00a0celebrada en Palma de Mallorca el 17 de mayo de 2018, adjuntamos ahora dos archivos con la grabaci\u00f3n en audio de la conferencia, dos fragmentos en v\u00eddeo de la misma, y, tambi\u00e9n en v\u00eddeo, la presentaci\u00f3n de Josep Traverso y una intervenci\u00f3n de Josep Valero.<\/p>\n","protected":false},"author":9,"featured_media":0,"comment_status":"open","ping_status":"open","sticky":false,"template":"","format":"standard","meta":{"footnotes":""},"categories":[881,8,856,833],"tags":[868],"class_list":["post-3999","post","type-post","status-publish","format-standard","hentry","category-bicentenario-de-marx","category-filosofia","category-podcast","category-videos","tag-karl-marx"],"aioseo_notices":[],"_links":{"self":[{"href":"https:\/\/espai-marx.net\/index.php?rest_route=\/wp\/v2\/posts\/3999","targetHints":{"allow":["GET"]}}],"collection":[{"href":"https:\/\/espai-marx.net\/index.php?rest_route=\/wp\/v2\/posts"}],"about":[{"href":"https:\/\/espai-marx.net\/index.php?rest_route=\/wp\/v2\/types\/post"}],"author":[{"embeddable":true,"href":"https:\/\/espai-marx.net\/index.php?rest_route=\/wp\/v2\/users\/9"}],"replies":[{"embeddable":true,"href":"https:\/\/espai-marx.net\/index.php?rest_route=%2Fwp%2Fv2%2Fcomments&post=3999"}],"version-history":[{"count":0,"href":"https:\/\/espai-marx.net\/index.php?rest_route=\/wp\/v2\/posts\/3999\/revisions"}],"wp:attachment":[{"href":"https:\/\/espai-marx.net\/index.php?rest_route=%2Fwp%2Fv2%2Fmedia&parent=3999"}],"wp:term":[{"taxonomy":"category","embeddable":true,"href":"https:\/\/espai-marx.net\/index.php?rest_route=%2Fwp%2Fv2%2Fcategories&post=3999"},{"taxonomy":"post_tag","embeddable":true,"href":"https:\/\/espai-marx.net\/index.php?rest_route=%2Fwp%2Fv2%2Ftags&post=3999"}],"curies":[{"name":"wp","href":"https:\/\/api.w.org\/{rel}","templated":true}]}}