{"id":4013,"date":"2020-01-31T08:15:35","date_gmt":"2020-01-31T07:15:35","guid":{"rendered":"https:\/\/espai-marx.net\/?p=4013"},"modified":"2020-02-19T08:23:56","modified_gmt":"2020-02-19T07:23:56","slug":"volver-a-partir-de-marx-ciclo-de-encuentros-sobre-la-actualidad-de-la-teoria-del-capital-con-roberto-fineschi","status":"publish","type":"post","link":"https:\/\/espai-marx.net\/?p=4013","title":{"rendered":"Volver a partir de Marx: ciclo de encuentros sobre la actualidad de la teor\u00eda del Capital con Roberto Fineschi"},"content":{"rendered":"<p><a href=\"https:\/\/espai-marx.net\/wp-content\/uploads\/2020\/01\/ripartire-da-marx.jpg\"><img loading=\"lazy\" decoding=\"async\" class=\" wp-image-4058 alignleft\" src=\"https:\/\/espai-marx.net\/wp-content\/uploads\/2020\/01\/ripartire-da-marx-212x300.jpg\" alt=\"\" width=\"287\" height=\"406\" srcset=\"https:\/\/espai-marx.net\/wp-content\/uploads\/2020\/01\/ripartire-da-marx-212x300.jpg 212w, https:\/\/espai-marx.net\/wp-content\/uploads\/2020\/01\/ripartire-da-marx-724x1024.jpg 724w, https:\/\/espai-marx.net\/wp-content\/uploads\/2020\/01\/ripartire-da-marx-768x1086.jpg 768w, https:\/\/espai-marx.net\/wp-content\/uploads\/2020\/01\/ripartire-da-marx-1086x1536.jpg 1086w, https:\/\/espai-marx.net\/wp-content\/uploads\/2020\/01\/ripartire-da-marx.jpg 1131w\" sizes=\"auto, (max-width: 287px) 100vw, 287px\" \/><\/a>En la primavera de 2016 <a href=\"http:\/\/noirestiamo.org\/\">Noi restiamo<\/a>\u00a0 y la <a href=\"http:\/\/www.retedeicomunisti.net\/\">Rete dei comunisti<\/a> organizaron el ciclo de encuentros &#8216;Ripartire da Marx : ciclo di incontri sull&#8217;attualit\u00e0 della teoria del Capitale&#8217; para lo que contaron con la participaci\u00f3n de Roberto Fineschi, fil\u00f3sofo italiano autor de obras como <em>Ripartire da Marx : Processo storico ed economia politica nella teoria del \u201ccapitale\u201d<\/em> (2001), <em>Marx e Hegel : Contributi a una relectura<\/em> (2006), <em>Un nuovo Marx : Filologia e interpretazione dopo la nuova edizione storico critica (MEGA2)<\/em> y, como editor, con Riccardo Bellofiore, de <em>Re-reading Marx : New Perspectives after the Critical Edition<\/em> (2009). Fineschi forma parte del comit\u00e9 cient\u00edfico de la edici\u00f3n italiana del nuevo proyecto de edici\u00f3n de las Obras de Marx y Engels, m\u00e1s conocido como <a href=\"https:\/\/iisg.amsterdam\/en\/research\/publications\/book-series\/marx-engels-gesamtausgabe\">MEGA 2<\/a>. (Marx-Engels-Gesamtausgabe). Es tambi\u00e9n editor del blog <a href=\"http:\/\/marxdialecticalstudies.blogspot.com\/\">Marx Dialectical Studies<\/a> (con textos en ingl\u00e9s e italiano fundamentalmente).<\/p>\n<p>El <a href=\"http:\/\/noirestiamo.org\/2016\/02\/10\/ripartire-da-marx\/\">ciclo<\/a> se organiz\u00f3 en seis encuentros en una librer\u00eda turinesa, grabados \u00edntegramente por los compa\u00f1eros de Noi Restiamo y la Rete dei comunisti. En el programa se inclu\u00edan tambi\u00e9n una serie de lecturas recomendadas sobre los temas de cada sesi\u00f3n. Estas fueron:<\/p>\n<p>I.-Marx, la MEGA y el marxismo. Distinciones \u00fatiles.<\/p>\n<p>II.- Presente, pasado, futuro. Para una teor\u00eda del proceso hist\u00f3rico.<\/p>\n<p>III.-Marx \u201ceconomista\u201d. Primera parte. Mercanc\u00eda-Dinero o Valor-Trabajo?<\/p>\n<p>IV.-Marx \u201ceconomista\u201d. Segunda parte. La <em>vexata quaestio<\/em>: transformaci\u00f3n del valor en precio y el problema del Libro Tercero.<\/p>\n<p>V.-A la b\u00fasqueda de un sujeto hist\u00f3rico: Formas y figuras.<\/p>\n<p>VI.- Marx, Hegel y el m\u00e9todo. Notas introductorias.<\/p>\n<p>Nos ha parecido interesante reproducir el programa del ciclo con las lecturas recomendadas y el v\u00eddeo correspondiente de cada una de las sesiones. Lo hemos reproducido tal cual sin traducir los t\u00edtulos de las lecturas. En primer lugar porque creemos que son claramente comprensibles para un p\u00fablico hispano. En segundo lugar, porque tampoco hemos subtitulado los v\u00eddeos as\u00ed que ser\u00e1 necesario un nivel m\u00ednimo de comprensi\u00f3n del italiano para poder seguirlos.<\/p>\n<p>Este fue, por fin, el programa del ciclo de encuentros:<\/p>\n<p style=\"text-align: center;\"><strong>RIPARTIRE DA MARX\u00a0<\/strong><\/p>\n<p style=\"text-align: center;\"><strong>Ciclo di incontri sull\u2019attualit\u00e0 della teoria del Capitale<\/strong><br \/>\n<strong>con Roberto Fineschi<\/strong><\/p>\n<p>\u201cIl fine ultimo al quale mira quest\u2019opera \u00e8 svelare la legge economica di movimento della societ\u00e0 moderna \u2013 essa non pu\u00f2 n\u00e9 saltare n\u00e9 eliminare per decreto le fasi di sviluppo conformi a natura. Ma pu\u00f2 abbreviare e attenuare le doglie del parto\u2026\u201d (K. Marx)<\/p>\n<p><strong>I incontro. Gioved\u00ec 3 marzo, h. 21<\/strong><br \/>\n&#8216;Marx, la Mega ed il Marxismo. Utili distinzioni&#8217;<br \/>\nLetture consigliate:<br \/>\n\u2013 <em>Mega2: Marx ritrovato<\/em>, a cura di A. Mazzone, Roma, Mediaprint, 2013.<br \/>\n\u2013 Roberto Fineschi, <em>Un nuovo Marx<\/em>, Roma, Carocci, 2008.<br \/>\n\u2013 Karl Marx 2013. Numero speciale de <em>Il ponte<\/em>.<\/p>\n<p><iframe loading=\"lazy\" title=\"Roberto Fineschi Marx, la MEGA 2, il marxismo\" width=\"800\" height=\"600\" src=\"https:\/\/www.youtube.com\/embed\/DwwxpzyGi5Q?feature=oembed\" frameborder=\"0\" allow=\"accelerometer; autoplay; clipboard-write; encrypted-media; gyroscope; picture-in-picture; web-share\" referrerpolicy=\"strict-origin-when-cross-origin\" allowfullscreen><\/iframe><\/p>\n<p>&nbsp;<\/p>\n<p><strong>II incontro. Venerd\u00ec 4 marzo, h. 18<\/strong><br \/>\n&#8216;Presente, passato, futuro. Per una teoria del processo storico&#8217;<br \/>\nLetture consigliate:<br \/>\n\u2013 Karl Marx, <em>Il manifesto del Partito Comunista<\/em>.<br \/>\n\u2013 Karl Marx, <em>Prefazione a Per la critica dell\u2019economia politica<\/em>.<br \/>\n\u2013 Karl Marx, <em>Il capitale<\/em>, Libro I, Capitolo V.<\/p>\n<p><iframe loading=\"lazy\" title=\"Roberto Fineschi: Presente, passato, futuro. Per una teoria del processo storico\" width=\"800\" height=\"450\" src=\"https:\/\/www.youtube.com\/embed\/UJuDQG-Dnls?feature=oembed\" frameborder=\"0\" allow=\"accelerometer; autoplay; clipboard-write; encrypted-media; gyroscope; picture-in-picture; web-share\" referrerpolicy=\"strict-origin-when-cross-origin\" allowfullscreen><\/iframe><\/p>\n<p>&nbsp;<\/p>\n<p><strong>III incontro. Gioved\u00ec 21 aprile, h. 21<\/strong><br \/>\n&#8216;Marx \u201ceconomista\u201d. Prima parte. Merce-Denaro o Valore-Lavoro?&#8217;<br \/>\nLetture consigliate:<br \/>\n\u2013 Karl Marx, <em>Il capitale<\/em>, Libro I, Capitoli 1-3.<br \/>\n\u2013 Roberto Fineschi, I quattro livelli di astrazione del concetto marxiano di capitale, in <em>Marx in questione<\/em>. Disponibile su <a href=\"http:\/\/marxdialecticalstudies.blogspot.it\/2011\/04\/roberto-fineschi-i-quattro-livelli-di.html\">http:\/\/marxdialecticalstudies.blogspot.it\/2011\/04\/roberto-fineschi-i-quattro-livelli-di.html<\/a>.<\/p>\n<p><iframe loading=\"lazy\" title=\"Roberto Fineschi: Marx \u201ceconomista\u201d. Prima parte. Merce-Denaro o Valore-Lavoro?\" width=\"800\" height=\"450\" src=\"https:\/\/www.youtube.com\/embed\/03i0VpX9Q-c?feature=oembed\" frameborder=\"0\" allow=\"accelerometer; autoplay; clipboard-write; encrypted-media; gyroscope; picture-in-picture; web-share\" referrerpolicy=\"strict-origin-when-cross-origin\" allowfullscreen><\/iframe><\/p>\n<p>&nbsp;<\/p>\n<p><strong>IV incontro. Venerd\u00ec 22 aprile, h. 18<\/strong><br \/>\n&#8216;Marx \u201ceconomista\u201d. Seconda parte. La vexata quaestio: trasformazione del valore in prezzi e i problemi del terzo libro&#8217;<br \/>\nLetture consigliate:<br \/>\n\u2013 Karl Marx, <em>Il capitale<\/em>, Libro terzo, Capitoli 9 e 10.<\/p>\n<p><iframe loading=\"lazy\" title=\"Roberto Fineschi: Marx &quot;Economista&quot;. II Parte - La trasformazione del valore in prezzi\" width=\"800\" height=\"450\" src=\"https:\/\/www.youtube.com\/embed\/4QSeawJ68Qo?feature=oembed\" frameborder=\"0\" allow=\"accelerometer; autoplay; clipboard-write; encrypted-media; gyroscope; picture-in-picture; web-share\" referrerpolicy=\"strict-origin-when-cross-origin\" allowfullscreen><\/iframe><\/p>\n<p>&nbsp;<\/p>\n<p><strong>V incontro. Gioved\u00ec 19 maggio, h. 21<\/strong><br \/>\n&#8216;In cerca di un soggetto storico: Forme e figure&#8217;<br \/>\nLetture consigliate:<br \/>\n\u2013 Karl Marx, <em>Il capitale<\/em>, Libro I, Sezione quarta.<br \/>\n\u2013 Alessandro Mazzone, <em>Le classi nel mondo moderno<\/em>, tre parti qui disponibili: <a href=\"http:\/\/www.proteo.rdbcub.it\/auteur.php3?id_auteur=56\">http:\/\/www.proteo.rdbcub.it\/auteur.php3?id_auteur=56<\/a>.<br \/>\n\u2013 R. Fineschi, <em>Un nuovo Marx<\/em>, Roma, Carocci, 2008, Parte Terza.<\/p>\n<p><iframe loading=\"lazy\" title=\"Roberto Fineschi - In cerca di un soggetto storico: forme e figure\" width=\"800\" height=\"450\" src=\"https:\/\/www.youtube.com\/embed\/U3lOi-k5Vac?feature=oembed\" frameborder=\"0\" allow=\"accelerometer; autoplay; clipboard-write; encrypted-media; gyroscope; picture-in-picture; web-share\" referrerpolicy=\"strict-origin-when-cross-origin\" allowfullscreen><\/iframe><\/p>\n<p>&nbsp;<\/p>\n<p><strong>VI incontro. Venerd\u00ec 20 maggio, h. 18<\/strong><br \/>\n&#8216;Marx, Hegel ed il metodo. Note introduttive&#8217;<br \/>\nLetture consigliate:<br \/>\n\u2013 Karl Marx, Introduzione ai <em>Grundrisse<\/em>.<br \/>\n\u2013 Karl Marx, Postfazione alla seconda ed. tedesca del I libro de <em>Il capitale<\/em>.<br \/>\n\u2013 R. Fineschi, <em>Marx e Hegel<\/em>, Roma, Carocci, 2006, in particolare pp. 23 ss.<\/p>\n<p><iframe loading=\"lazy\" title=\"Roberto Fineschi - Marx, Hegel ed il metodo. Note introduttive\" width=\"800\" height=\"450\" src=\"https:\/\/www.youtube.com\/embed\/qd68_CoAPH4?feature=oembed\" frameborder=\"0\" allow=\"accelerometer; autoplay; clipboard-write; encrypted-media; gyroscope; picture-in-picture; web-share\" referrerpolicy=\"strict-origin-when-cross-origin\" allowfullscreen><\/iframe><\/p>\n","protected":false},"excerpt":{"rendered":"<p>En la primavera de 2016 Noi restiamo\u00a0 y la Rete dei comunisti organizaron el ciclo de encuentros &#8216;Ripartire da Marx : ciclo di incontri sull&#8217;attualit\u00e0 della teoria del Capitale&#8217; para lo que contaron con la participaci\u00f3n de Roberto Fineschi, fil\u00f3sofo italiano. Fineschi forma parte del comit\u00e9 cient\u00edfico de la edici\u00f3n italiana del nuevo proyecto de edici\u00f3n de las Obras de Marx y Engels, m\u00e1s conocido como MEGA 2. (Marx-Engels-Gesamtausgabe). Es tambi\u00e9n editor del blog Marx Dialectical Studies (con textos en ingl\u00e9s e italiano fundamentalmente).<br \/>\nNos ha parecido interesante reproducir el programa del ciclo con las lecturas recomendadas y el v\u00eddeo correspondiente de cada una de las sesiones. Lo hemos reproducido tal cual sin traducir los t\u00edtulos de las lecturas. En primer lugar porque creemos que son claramente comprensibles para un p\u00fablico hispano. En segundo lugar, porque tampoco hemos subtitulado los v\u00eddeos as\u00ed que ser\u00e1 necesario un nivel m\u00ednimo de comprensi\u00f3n del italiano para poder seguirlos.<\/p>\n","protected":false},"author":9,"featured_media":4058,"comment_status":"open","ping_status":"open","sticky":false,"template":"","format":"standard","meta":{"footnotes":""},"categories":[8,833],"tags":[943,998,868],"class_list":["post-4013","post","type-post","status-publish","format-standard","has-post-thumbnail","hentry","category-filosofia","category-videos","tag-estudios","tag-friedrich-engels","tag-karl-marx"],"aioseo_notices":[],"_links":{"self":[{"href":"https:\/\/espai-marx.net\/index.php?rest_route=\/wp\/v2\/posts\/4013","targetHints":{"allow":["GET"]}}],"collection":[{"href":"https:\/\/espai-marx.net\/index.php?rest_route=\/wp\/v2\/posts"}],"about":[{"href":"https:\/\/espai-marx.net\/index.php?rest_route=\/wp\/v2\/types\/post"}],"author":[{"embeddable":true,"href":"https:\/\/espai-marx.net\/index.php?rest_route=\/wp\/v2\/users\/9"}],"replies":[{"embeddable":true,"href":"https:\/\/espai-marx.net\/index.php?rest_route=%2Fwp%2Fv2%2Fcomments&post=4013"}],"version-history":[{"count":0,"href":"https:\/\/espai-marx.net\/index.php?rest_route=\/wp\/v2\/posts\/4013\/revisions"}],"wp:featuredmedia":[{"embeddable":true,"href":"https:\/\/espai-marx.net\/index.php?rest_route=\/wp\/v2\/media\/4058"}],"wp:attachment":[{"href":"https:\/\/espai-marx.net\/index.php?rest_route=%2Fwp%2Fv2%2Fmedia&parent=4013"}],"wp:term":[{"taxonomy":"category","embeddable":true,"href":"https:\/\/espai-marx.net\/index.php?rest_route=%2Fwp%2Fv2%2Fcategories&post=4013"},{"taxonomy":"post_tag","embeddable":true,"href":"https:\/\/espai-marx.net\/index.php?rest_route=%2Fwp%2Fv2%2Ftags&post=4013"}],"curies":[{"name":"wp","href":"https:\/\/api.w.org\/{rel}","templated":true}]}}