{"id":404,"date":"2006-04-10T00:00:00","date_gmt":"2006-04-10T00:00:00","guid":{"rendered":"https:\/\/espai-marx.net\/?p=404"},"modified":"2020-02-29T12:42:26","modified_gmt":"2020-02-29T11:42:26","slug":"murio-otro-de-los-nuestros-luigi-pintor","status":"publish","type":"post","link":"https:\/\/espai-marx.net\/?p=404","title":{"rendered":"Muri\u00f3 otro de los nuestros: Luigi Pintor"},"content":{"rendered":"<p>Luigi Pintor muri\u00f3 en su casa de Roma el pasado 17 de mayo de 2003. Nacido en esa ciudad el 18 de septiembre de 1925, sufr\u00eda de un mal incurable. Su infancia transcurri\u00f3 en Cagliari (Cerde\u00f1a), volvi\u00f3 a Roma donde se acerc\u00f3 al movimiento antifascista clandestino. Hermano de Giaime (muerto en diciembre de 1943 por la explosi\u00f3n de una mina), particip\u00f3 en la guerra de liberaci\u00f3n en las filas de los GAP (Grupos de Acci\u00f3n Partisana). Arrestado por la banda de Koch, fue condenado a muerte. La condena fue suspendida en el \u00faltimo instante. En 1943 se inscribi\u00f3 en el Partido Comunista Italiano. Trabaj\u00f3 en l\u2019Unit\u00e0 desde 1946 a 1965 primero como redactor y despu\u00e9s como co-director (director Alicata y codirectores Tortorella en Mil\u00e1n y Pintor en Roma).<\/p>\n<p>Entra en el Comit\u00e9 Central del PCI en el X Congreso de 1962, y despu\u00e9s deja l\u2019Unit\u00e0 por diferencias con el director Alicata y es llamado a trabajar en la Oficina de Secretaria en la direcci\u00f3n de Botteghe Oscure.<\/p>\n<p>Despu\u00e9s del XI Congreso de 1966, en la \u201cdepuraci\u00f3n\u201d que golpe\u00f3 a todos los que apoyaron el disenso de Ingrao, fue mandado al \u201cexilio\u201d, en el Comit\u00e9 regional de Cerde\u00f1a, all\u00ed fue elegido diputado en las elecciones de 1968 (legislatura que dur\u00f3 hasta 1972). En ese contexto, en noviembre de 1969 fue expulsado del PCI con el grupo \u201cIl Manifesto\u201d, junto a Rosana Rosanda, Lucio Magri, Luciana Castellina y Massimo Caprara. En junio de 1969 estaba entre los fundadores de Il Manifesto revista mensual que en abril de 1971, se transformar\u00e1 en diario. Fue director de Il Manifesto diversas veces. En 1987 Pintor volvi\u00f3 al parlamento como diputado de la izquierda independiente.<\/p>\n<p>En 1991 public\u00f3 su primera novela \u201cServabo\u201d, seguido en 1998 por \u201cLa signora Kirchgessner\u201d y \u201cIl nespolo\u201d en 2001. Est\u00e1 a punto de salir \u201cI luoghi del delito\u201d. Todos en las ediciones Bollati Boringhieri.<\/p>\n<p>Existen dos compilaciones de sus editoriales: \u201cParole al vento. Brevi cronache degli anni 80\u201d, 1990, Kaos ediciones y \u201cPoliticamente scorretto. Cronache di un quinquennio 1996-2001\u201d, ed. Bollati Boringhierei, 2001.<\/p>\n<p>Por su valor hist\u00f3rico, acta notarial de un recorrido pol\u00edtico y cultural de una de las expresiones m\u00e1s inteligentes y a\u00fan \u00fatiles del comunismo del siglo XX publicamos a continuaci\u00f3n el primer editorial que Pintor escribi\u00f3 para Il Manifesto titulado \u201cUn diario comunista\u201d (28 de abril de 1971) y el \u00faltimo que escribi\u00f3 24 d\u00edas antes de morir bajo el t\u00edtulo \u201cSin fronteras\u201d (24 de abril de 2003). Entre ambos editoriales 32 dos a\u00f1os de distancia, entre ambos editoriales, la cr\u00f3nica de la extinci\u00f3n del movimiento comunista hist\u00f3ricamente existente en el siglo XX. Entre ambos editoriales el convencimiento de que comunismo habr\u00e1 aunque se extingan los partidos comunistas del siglo XX.<br \/>\nDemos la palabra a Luigi Pintor.<\/p>\n<h3>Un diario comunista<\/h3>\n<p><b><i>Luigi Pintor <\/i><\/b><\/p>\n<p><strong>(Editorial de Il Manifesto, 28 de abril de 1971)<\/strong><\/p>\n<p>Muchos nos han preguntado en estas semanas a veces con simpat\u00eda, otras con hast\u00edo: \u00bfpero por qu\u00e9 hac\u00e9is un diario? \u00bfC\u00f3mo pens\u00e1is conseguirlo? Y, \u00bfpara qu\u00e9 servir\u00e1? Una respuesta a estas preguntas, ahora, ser\u00eda in\u00fatil y pedante. Una respuesta seria s\u00f3lo podr\u00e1 venir de la vida misma de estas cuatro p\u00e1ginas, que desde hoy ya no son una idea sino una realidad expuesta al juicio de todos. Pero las intenciones que nos han movido, de todos modos, no son un misterio. Son las mismas intenciones que nos empujaron hace treinta a\u00f1os a romper con la tradici\u00f3n burguesa que nos hab\u00eda regalado el fascismo y la guerra. Son las mismas que nos animaron en la larga militancia en el partido y en la prensa comunista por la revoluci\u00f3n italiana. Son las mismas que nos han hecho ver en la rebeli\u00f3n obrera y estudiantil de estos a\u00f1os una nueva ocasi\u00f3n hist\u00f3rica para el avance del comunismo.<\/p>\n<p>Hay quien ama la sociedad en que vivimos porque est\u00e1 en el d\u00e9cimo puesto en la producci\u00f3n industrial mundial. Para nosotros, es una sociedad amasada con la explotaci\u00f3n y la desigualdad, de la que son v\u00edctimas millones de obreros de f\u00e1brica, las poblaciones meridionales privadas de esperanza, las j\u00f3venes generaciones sin provenir. Hay quien juzga democr\u00e1tico el estado que tenemos, solo porque no es fascista y no ha cancelado las libertades formales. Para nosotros, es un estado fundado sobre leyes y estructuras represivas donde la polic\u00eda y las instituciones, escuela y cultura oficial, fuerzas pol\u00edticas y mayor\u00edas en el poder, son modeladas para golpear o enga\u00f1ar a los explotados ya los excluidos. Tambi\u00e9n hay quien vive a su comodidad en el mundo contempor\u00e1neo, juzg\u00e1ndolo como pasablemente pac\u00edfico. Para nosotros, sin embargo, es un mundo odiosamente se\u00f1alado por el genocidio imperialista, que s\u00f3lo un relanzamiento del proceso revolucionario mundial puede madurar.<\/p>\n<p>Si, por consiguiente este peri\u00f3dico debiera servir a una protesta, a una batalla ideal contra el orden de cosas existente, \u00e9ste ya no ser\u00eda un trabajo desperdiciado. En el fondo la prensa obrera siempre ha tenido en primer lugar esta funci\u00f3n: establecer una l\u00ednea de demarcaci\u00f3n, con esp\u00edritu que Gramsci llamaba partisano, entre quien est\u00e1 en contra del orden constituido y aquel que se adapta a \u00e9l.<\/p>\n<p>Pero esto no podr\u00eda bastar. El cuadro pol\u00edtico que tenemos delante actualmente exige mucho m\u00e1s que un rechazo. En nuestro pa\u00eds est\u00e1 abierto un partido de cuyo resultado depende la suerte del movimiento obrero por un entero periodo hist\u00f3rico. Si no fuese esta nuestra convicci\u00f3n, no nos habr\u00edamos comprometido en un trabajo y en una lucha que tienen por objetivo \u00faltimo la formaci\u00f3n de una nueva fuerza pol\u00edtica unitaria de la izquierda de clase. Y no har\u00edamos, ahora, este diario.<\/p>\n<p>Todos advertimos, cada d\u00eda, nuevos peligros, entre los cuales la ofensiva del teppismo fascista es solo un s\u00edntoma. Patrones y gobierno Agnelli y Colombo, democristianos y presuntos socialistas, multiplican los esfuerzos para encerrar en una jaula el movimiento de las masas, mezclando represi\u00f3n y limosnas. El imperialismo americano regula nuestros destinos, seg\u00fan las leyes de la divisi\u00f3n del mundo en esferas de influencia. El cuado europeo que nos rodea se ha oscurecido como nunca en la posguerra, por la involuci\u00f3n de las sociedades del este y por la acci\u00f3n contrarrevolucionaria de los grupos que ejercen el poder en esos pa\u00edses. Y sobre las grandes organizaciones del movimiento obrero pesa la antigua ilusi\u00f3n del reformismo, la maldita ilusi\u00f3n que hace cincuenta condujo a una tr\u00e1gica derrota. Pero tambi\u00e9n advertimos cada d\u00eda de las grandes posibilidades existentes de rebeli\u00f3n. Se ha celebrado hace poco el aniversario de la gloriosa insurrecci\u00f3n armada que no s\u00f3lo tuvo una inspiraci\u00f3n antifascista, sino una inspiraci\u00f3n anticapitalista y revolucionaria que form\u00f3 nuestra generaci\u00f3n y que a\u00fan est\u00e1 viva en la conciencia de las grandes masas. Tenemos a las espaldas un decenio extraordinario de ofensiva obrera y de revuelta juvenil, que ha demostrado como las fortalezas de occidente pueden ser tomadas por asalto y sacudidas en sus fundamentos. A\u00fan hoy doscientos mil obreros de m\u00e1s grande complejo productivo nacional vuelven a la lucha contra el verdadero enemigo, contra la organizaci\u00f3n capitalista del trabajo y del consumo. A escala mundial, la confrontaci\u00f3n de clase no cede el paso ni a la ferocidad de la guerra imperialista ni a las insidias de la diplomacia de las grandes potencias, y tambi\u00e9n encuentra alimento en el crecimiento de la revoluci\u00f3n china.<br \/>\nEn esta situaci\u00f3n, nosotros pensamos que la orientaci\u00f3n de las grandes organizaciones pol\u00edticas y sindicales de la clase obrera, y por otra parte los l\u00edmites y divisiones de los grupos de la izquierda, no proporcionan la fuerza necesaria a una perspectiva socialista, y tampoco dejan esperar una salida victoriosa de la confrontaci\u00f3n actual. Estamos convencidos que se necesita con urgencia una fuerza revolucionaria renovada, un nuevo despliegue, una nueva unidad de la izquierda de clase, de una nueva orientaci\u00f3n estrat\u00e9gica de conjunto. Pensamos que s\u00f3lo de ese modo ser\u00e1 posible obtener frutos del patrimonio que las experiencias del pasado y del presente han acumulado. Por eso nos hemos constituido en grupo pol\u00edtico, por eso queremos dar vida- con todas las fuerzas disponibles pero tambi\u00e9n con nuestras \u00fanicas fuerzas- a un movimiento pol\u00edtico organizado como etapa de un proceso pol\u00edtico m\u00e1s general. Este es nuestro programa, y no pensamos en que una hoja impresa pueda suplir a este trabajo de construcci\u00f3n pol\u00edtica. Pero si este diario puede favorecer y acelerar esta tarea, ofrecer un instrumento de conocimiento, de intervenci\u00f3n, de movilizaci\u00f3n, se\u00f1alar una presencia y establecer un punto clave ya en esta fase crucial de la confrontaci\u00f3n de clase, entonces su raz\u00f3n de ser y su verdad ser\u00e1n claras. Esto es todo. Y es algo que nos parece tan esencial que ning\u00fan l\u00edmite, ning\u00fan obst\u00e1culo y ning\u00fan riesgo nos parecen prohibitivos. Por eso salimos con solo cuatro p\u00e1ginas, sin otra cosa que un noticiario pol\u00edtica, sin embellecimientos o manipulaciones, en la persuasi\u00f3n que un esfuerzo de simplicidad y de claridad puede valer m\u00e1s que las estas cosas. Pero salimos sin otro dinero que el que ha llegado y vendr\u00e1 de los camaradas y de los lectores, de los que depende enteramente la vida o la muerte de este empe\u00f1o. Por eso nos contentamos con fuerzas limitadas e inexpertas, pero desinteresadas y comprometidas a fondo, descontando defectos y lagunas ciertas. A fin de cuentas, no confiamos m\u00e1s que en el trabajo colectivo: a una pasi\u00f3n militante, aquello que muchos llaman utop\u00eda, extremismo y nosotros llamamos confianza en las masas y conciencia tranquila, sostenidos de todos aquellos que reconocer\u00e1n en estas p\u00e1ginas un empe\u00f1o comunista y que querr\u00e1n compartir ese empe\u00f1o.<\/p>\n<h3>Sin fronteras<\/h3>\n<p><b><i>Luigi Pintor <\/i><\/b><\/p>\n<p><strong>(Editorial de Il Manifesto, 24 de abril de 2003)<\/strong><\/p>\n<p>La izquierda italiana que conocemos est\u00e1 muerta. No lo admitimos, porque se abre un vac\u00edo que la vida pol\u00edtica cotidiana no admite. Podemos consolarnos con elecciones parciales o con una manifestaci\u00f3n ruidosa. Pero la izquierda representativa, encina rota, margarita seca u olivo sin tronco, est\u00e1 fuera de la escena. No son una oposici\u00f3n y una alternativa tampoco son una alternancia, por usar esa jerga. Han llegado ese grado de subalternidad y sujeci\u00f3n no solo a las pol\u00edticas de la derecha si no s u punto de vista y a su mentalidad en el marco internacional e interno.<\/p>\n<p>No creo que lo hagan por oportunismo o que sea imputable a dirigentes singulares. En el 89 perdieron su colocaci\u00f3n hist\u00f3rica y sus referencias y pasaron al otro lado. Con algunos matices. Quieren volver al gobierno sin ninguna probabilidad y piensan que esto depende de las relaciones con los grupos dominantes y con la opini\u00f3n mayoritaria moderada y de derecha. Consideran su tercio del electorado m\u00e1s como un impedimento que como un recurso disponible.<\/p>\n<p>Se han echado la guerra a las espaldas con un voto parlamentario consensual. No la guerra iraqu\u00ed, si no la guerra americana preventiva y permanente. Hacen de la ONU un reparo formal y no ven el escenario que se ha abierto. Esto vale tambi\u00e9n para el escenario italiano, donde la confrontaci\u00f3n es solo propagand\u00edstica. No son mil voces y una sola alma como dice un manifiesto, el alma ya no est\u00e1 desde hace tiempo y ahora ya no hay la cara ni una fisonom\u00eda pol\u00edtica cre\u00edble. Es una constataci\u00f3n, no una pol\u00e9mica.<\/p>\n<p>Confiamos mucho en los movimientos donde se manifiestan una presencia y un esp\u00edritu de la izquierda. Peor no son una potencia adecuada tampoco a escala internacional. Nuestras ideas, nuestros comportamientos, nuestras palabras, est\u00e1n retrasadas respecto de la din\u00e1mica de las cosas, respecto a la actualidad y a las perspectivas.<\/p>\n<p>No se quiere un viraje si no un cambio. Muy profundo. Hay una humanidad dividida en dos, por encima y por debajo de las instituciones, dividida en dos partes inconciliables en el modo de sentir y de ser pero no a\u00fan de acturar. Sin manique\u00edsmo es preciso se\u00f1alar otra frontera y establecer una estraneidad respecto de la otra parte. Derecha e izquierda son f\u00f3rmulas superficiales y disipadas que no se\u00f1alan esta frontera.<\/p>\n<p>La paz y la convivencia civil, nuestras banderas, no pueden ser solo una opci\u00f3n entre otras, sino un principio absoluto que implica una concepci\u00f3n del mundo y de la existencia cotidiana. No una bandera y una idealidad sino una pr\u00e1ctica de vida. Si la parte de la humanidad hoy dominante volviese al estado de naturaleza con todas las pr\u00f3tesis modernas har\u00eda del asesinato y del sometimiento de s\u00ed y del otro la regla y la palanca de la historia. Debemos abolir cualquier contig\u00fcidad con esta tendencia inconciliable.<\/p>\n<p>Una internacional, otra palabra antigua que deber\u00eda ser tambi\u00e9n abolida pero que nosotros estimamos. No una organizaci\u00f3n formal sino una mir\u00edada de mujeres y hombres cuya nacionalidad, raza, fe, formaci\u00f3n pol\u00edtica, religiosa, no importan. Individuos, no \u00e1tomos, que se encuentran y se reconocen casi instintivamente y entran en consonancia de forma natural. En nuestro microcosmos se llamaban camaradas con espontaneidad pero con un giro cerrado y celoso. Ahora hay un \u00e1rea sin fronteras. No debe vencer ma\u00f1ana si no obrar cada d\u00eda y ocupar la escena. Su objetivo es reinventar la vida en una era en que despojan de la misma en formas nunca vistas.<\/p>\n<p>\u00a9EspaiMarx 2003<\/p>\n","protected":false},"excerpt":{"rendered":"<p>Luigi Pintor muri\u00f3 en su casa de Roma el pasado 17 de mayo de 2003. Nacido en esa ciudad el 18 de septiembre de 1925, sufr\u00eda de un mal incurable. Su infancia transcurri\u00f3 en Cagliari (Cerde\u00f1a), volvi\u00f3 a Roma donde se acerc\u00f3 al movimiento antifascista clandestino. Hermano de Giaime (muerto en diciembre de 1943 por la explosi\u00f3n de una mina), particip\u00f3 en la guerra de liberaci\u00f3n en las filas de los GAP (Grupos de Acci\u00f3n Partisana). Arrestado por la banda de Koch, fue condenado a muerte. La condena fue suspendida en el \u00faltimo instante. En 1943 se inscribi\u00f3 en el Partido Comunista Italiano. Trabaj\u00f3 en l&#8217;Unit\u00e0 desde 1946 a 1965 primero como redactor y despu\u00e9s como co-director (director Alicata y codirectores Tortorella en Mil\u00e1n y Pintor en Roma).<\/p>\n<p>Entra en el Comit\u00e9 Central del PCI en el X Congreso de 1962, y despu\u00e9s deja l&#8217;Unit\u00e0 por diferencias con el director Alicata y es llamado a trabajar en la Oficina de Secretaria en la direcci\u00f3n de Botteghe Oscure.<\/p>\n<p>Despu\u00e9s del XI Congreso de 1966, en la &#8220;depuraci\u00f3n&#8221; que golpe\u00f3 a todos los que apoyaron el disenso de Ingrao, fue mandado al &#8220;exilio&#8221;, en el Comit\u00e9 regional de Cerde\u00f1a, all\u00ed fue elegido diputado en las elecciones de 1968 (legislatura que dur\u00f3 hasta 1972). En ese contexto, en noviembre de 1969 fue expulsado del PCI con el grupo &#8220;Il Manifesto&#8221;, junto a Rosana Rosanda, Lucio Magri, Luciana Castellina y Massimo Caprara. En junio de 1969 estaba entre los fundadores de Il Manifesto revista mensual que en abril de 1971, se transformar\u00e1 en diario. Fue director de Il Manifesto diversas veces. En 1987 Pintor volvi\u00f3 al parlamento como diputado de la izquierda independiente.<\/p>\n<p>En 1991 public\u00f3 su primera novela &#8220;Servabo&#8221;, seguido en 1998 por &#8220;La signora Kirchgessner&#8221; y &#8220;Il nespolo&#8221; en 2001. Est\u00e1 a punto de salir &#8220;I luoghi del delito&#8221;. Todos en las ediciones Bollati Boringhieri.<\/p>\n<p>Existen dos compilaciones de sus editoriales: &#8220;Parole al vento. Brevi cronache degli anni 80&#8221;, 1990, Kaos ediciones y &#8220;Politicamente scorretto. Cronache di un quinquennio 1996-2001&#8221;, ed. Bollati Boringhierei, 2001.<\/p>\n<p>Por su valor hist\u00f3rico, acta notarial de un recorrido pol\u00edtico y cultural de una de las expresiones m\u00e1s inteligentes y a\u00fan \u00fatiles del comunismo del siglo XX publicamos a continuaci\u00f3n el primer editorial que Pintor escribi\u00f3 para Il Manifesto titulado &#8220;Un diario comunista&#8221; (28 de abril de 1971) y el \u00faltimo que escribi\u00f3 24 d\u00edas antes de morir bajo el t\u00edtulo &#8220;Sin fronteras&#8221; (24 de abril de 2003). Entre ambos editoriales 32 dos a\u00f1os de distancia, entre ambos editoriales, la cr\u00f3nica de la extinci\u00f3n del movimiento comunista hist\u00f3ricamente existente en el siglo XX. Entre ambos editoriales el convencimiento de que comunismo habr\u00e1 aunque se extingan los partidos comunistas del siglo XX. Demos la palabra a Luigi Pintor.<\/p>\n","protected":false},"author":9,"featured_media":0,"comment_status":"open","ping_status":"open","sticky":false,"template":"","format":"standard","meta":{"footnotes":""},"categories":[28],"tags":[1475,1030],"class_list":["post-404","post","type-post","status-publish","format-standard","hentry","category-siglo-xx","tag-luigi-pintor","tag-obituario"],"aioseo_notices":[],"_links":{"self":[{"href":"https:\/\/espai-marx.net\/index.php?rest_route=\/wp\/v2\/posts\/404","targetHints":{"allow":["GET"]}}],"collection":[{"href":"https:\/\/espai-marx.net\/index.php?rest_route=\/wp\/v2\/posts"}],"about":[{"href":"https:\/\/espai-marx.net\/index.php?rest_route=\/wp\/v2\/types\/post"}],"author":[{"embeddable":true,"href":"https:\/\/espai-marx.net\/index.php?rest_route=\/wp\/v2\/users\/9"}],"replies":[{"embeddable":true,"href":"https:\/\/espai-marx.net\/index.php?rest_route=%2Fwp%2Fv2%2Fcomments&post=404"}],"version-history":[{"count":0,"href":"https:\/\/espai-marx.net\/index.php?rest_route=\/wp\/v2\/posts\/404\/revisions"}],"wp:attachment":[{"href":"https:\/\/espai-marx.net\/index.php?rest_route=%2Fwp%2Fv2%2Fmedia&parent=404"}],"wp:term":[{"taxonomy":"category","embeddable":true,"href":"https:\/\/espai-marx.net\/index.php?rest_route=%2Fwp%2Fv2%2Fcategories&post=404"},{"taxonomy":"post_tag","embeddable":true,"href":"https:\/\/espai-marx.net\/index.php?rest_route=%2Fwp%2Fv2%2Ftags&post=404"}],"curies":[{"name":"wp","href":"https:\/\/api.w.org\/{rel}","templated":true}]}}