{"id":4095,"date":"2020-02-06T05:00:08","date_gmt":"2020-02-06T04:00:08","guid":{"rendered":"https:\/\/espai-marx.net\/?p=4095"},"modified":"2020-02-19T07:29:33","modified_gmt":"2020-02-19T06:29:33","slug":"charla-de-introduccion-de-antonio-navas-sobre-historia-de-la-teoria-de-la-evolucion","status":"publish","type":"post","link":"https:\/\/espai-marx.net\/?p=4095","title":{"rendered":"Charla de Antonio Navas de introducci\u00f3n a la historia de la teor\u00eda de la evoluci\u00f3n"},"content":{"rendered":"<p>Los compa\u00f1eros de <a href=\"https:\/\/twitter.com\/bombers_indigna\">Bombers indignats<\/a> en Catalu\u00f1a organizan regularmente talleres de lectura, charlas, seminarios o jornadas. En ocasiones anteriores hemos informado en nuestras redes sociales, por ejemplo, de la presentaci\u00f3n del libro <em>La izquierda como problema<\/em> (<a href=\"https:\/\/www.youtube.com\/watch?v=gjNIm3yep8w&amp;fbclid=IwAR0sWZnQsQCa-dVnrF4TONU4fF9Yz69ctSezqepQLrOrrZV-dLqom6m6PT8\">v\u00eddeo<\/a>) o de una charla de Joaqu\u00edn Miras sobre &#8216;Democracia y lucha de clases&#8217; (<a href=\"https:\/\/www.youtube.com\/watch?v=krmpFnIA6NI&amp;feature=youtu.be&amp;fbclid=IwAR1C0Xnwai49a3jhY6SslAPMFfWxhEaePbk1kX0F06ar5uSWMT8rPfsyFf4\">v\u00eddeo<\/a>). En 2018 Antonio Navas, tambi\u00e9n miembro de Espai Marx y m\u00e9dico de formaci\u00f3n y profesi\u00f3n, particip\u00f3 en uno de dichos seminarios. En esta ocasi\u00f3n el tema propuesto fue la historia de la teor\u00eda de la evoluci\u00f3n y Antonio desarrollo en su charla una introducci\u00f3n al tema.<\/p>\n<p><iframe loading=\"lazy\" title=\"Charla Bomberos\" width=\"800\" height=\"450\" src=\"https:\/\/www.youtube.com\/embed\/G6JR7bzA6xY?feature=oembed\" frameborder=\"0\" allow=\"accelerometer; autoplay; clipboard-write; encrypted-media; gyroscope; picture-in-picture; web-share\" referrerpolicy=\"strict-origin-when-cross-origin\" allowfullscreen><\/iframe><\/p>\n<p>&nbsp;<\/p>\n","protected":false},"excerpt":{"rendered":"<p>Los compa\u00f1eros de Bombers indignats en Catalu\u00f1a organizan regularmente talleres de lectura, charlas, seminarios o jornadas. En ocasiones anteriores hemos informado en nuestras redes sociales, por ejemplo, de la presentaci\u00f3n del libro La izquierda como problema o de una charla de Joaqu\u00edn Miras sobre &#8216;Democracia y lucha de clases&#8217;. En 2018 Antonio Navas, tambi\u00e9n miembro de Espai Marx y m\u00e9dico de formaci\u00f3n y profesi\u00f3n, particip\u00f3 en uno de dichos seminarios. En esta ocasi\u00f3n el tema propuesto fue la historia de la teor\u00eda de la evoluci\u00f3n y Antonio desarrollo en su charla una introducci\u00f3n al tema.<\/p>\n","protected":false},"author":9,"featured_media":4096,"comment_status":"open","ping_status":"open","sticky":false,"template":"","format":"video","meta":{"footnotes":""},"categories":[9,833],"tags":[995,996],"class_list":["post-4095","post","type-post","status-publish","format-video","has-post-thumbnail","hentry","category-ciencia","category-videos","tag-biologia","tag-evolucion","post_format-post-format-video"],"aioseo_notices":[],"_links":{"self":[{"href":"https:\/\/espai-marx.net\/index.php?rest_route=\/wp\/v2\/posts\/4095","targetHints":{"allow":["GET"]}}],"collection":[{"href":"https:\/\/espai-marx.net\/index.php?rest_route=\/wp\/v2\/posts"}],"about":[{"href":"https:\/\/espai-marx.net\/index.php?rest_route=\/wp\/v2\/types\/post"}],"author":[{"embeddable":true,"href":"https:\/\/espai-marx.net\/index.php?rest_route=\/wp\/v2\/users\/9"}],"replies":[{"embeddable":true,"href":"https:\/\/espai-marx.net\/index.php?rest_route=%2Fwp%2Fv2%2Fcomments&post=4095"}],"version-history":[{"count":0,"href":"https:\/\/espai-marx.net\/index.php?rest_route=\/wp\/v2\/posts\/4095\/revisions"}],"wp:featuredmedia":[{"embeddable":true,"href":"https:\/\/espai-marx.net\/index.php?rest_route=\/wp\/v2\/media\/4096"}],"wp:attachment":[{"href":"https:\/\/espai-marx.net\/index.php?rest_route=%2Fwp%2Fv2%2Fmedia&parent=4095"}],"wp:term":[{"taxonomy":"category","embeddable":true,"href":"https:\/\/espai-marx.net\/index.php?rest_route=%2Fwp%2Fv2%2Fcategories&post=4095"},{"taxonomy":"post_tag","embeddable":true,"href":"https:\/\/espai-marx.net\/index.php?rest_route=%2Fwp%2Fv2%2Ftags&post=4095"}],"curies":[{"name":"wp","href":"https:\/\/api.w.org\/{rel}","templated":true}]}}