{"id":433,"date":"2006-05-01T00:00:00","date_gmt":"2006-05-01T00:00:00","guid":{"rendered":"https:\/\/espai-marx.net\/?p=433"},"modified":"2020-02-28T19:50:42","modified_gmt":"2020-02-28T18:50:42","slug":"el-regreso-del-caiman","status":"publish","type":"post","link":"https:\/\/espai-marx.net\/?p=433","title":{"rendered":"El regreso del \u00abCaim\u00e1n\u00bb"},"content":{"rendered":"<p>(Roma)<\/p>\n<p>publicado en el cotidiano vasco Gara del 18 de abril 2006<\/p>\n<p>En una pel\u00edcula del director izquierdista Nanni Moretti, estrenada pocos d\u00edas antes de las elecciones del 9-10A, a Silvio Berlusconi se le llama El caim\u00e1n y se celebra su entrada en la c\u00e1rcel despu\u00e9s de ser condenado en uno de los muchos juicios que lo tienen como protagonista. Mucha gente ha pasado horas en las colas para poder entrar en los cines que ten\u00edan programada una de las pel\u00edculas italianas m\u00e1s exitosas de los \u00faltimos meses. P\u00e1ginas enteras dedicadas al director Moretti en los peri\u00f3dicos, entrevistas en las cadenas televisivas, debates en las radios&#8230; Todo parec\u00eda formar parte de un ritual colectivo que s\u00f3lo pod\u00eda acabar con la desaparici\u00f3n de un personaje pol\u00edtico que todas las encuestas y sondeos daban perdedor, y a mucha distancia, en las elecciones.<\/p>\n<p>\u00abEl pa\u00eds est\u00e1 mal\u00bb, \u00abel sistema econ\u00f3mico no es competitivo\u00bb, \u00abel premier no ha resuelto su conflicto de intereses\u00bb&#8230; Todo parec\u00eda un coro de cr\u00edticas por parte de la sociedad civil contra un l\u00edder que muchos han considerado un accidente de la historia y del sistema mismo en Italia. Un accidente que las elecciones, finalmente, iban a borrar, limpiando la conciencia sufrida de millones de italianos avergonzados por tener en el poder un personaje demasiado folkl\u00f3rico y a menudo impresentable. \u00ab\u00bfQu\u00e9 pensar\u00e1n de nosotros los dem\u00e1s ciudadanos europeos, la opini\u00f3n p\u00fablica de Francia, de Espa\u00f1a, de Alemania&#8230; si no echamos del Palazzo Chigi a Berlusconi?\u00bb ha sido el refr\u00e1n reiteradamente utilizado en la campa\u00f1a electoral por el centro-izquierda.<\/p>\n<p>Pero mientras Prodi y los l\u00edderes de la Unione ped\u00edan el voto para limpiar la imagen nacional italiana a trav\u00e9s de un \u00abgobierno de gente seria y honesta\u00bb, el Caim\u00e1n ha hecho campa\u00f1a contra el \u00abpeligro comunista\u00bb&#8230; Llamaba en diferentes ocasiones \u00abgilipollas\u00bb a los electores adversarios y, sobre todo, consegu\u00eda movilizar a la base social de los sectores que lo consideran defensor de sus intereses: los profesionales en lucha contra los impuestos, los obreros del norte con el miedo a la invasi\u00f3n de los inmigrantes extracomunitarios, los peque\u00f1os comerciantes y empresarios animados por un discurso pro- teccionista en contra de la competencia de los productos chinos, el mundo cat\u00f3lico conservador premiado con la financiaci\u00f3n a las escuelas privadas y con la defensa de la moral y de los valores tradicionales.<\/p>\n<p>En pocos d\u00edas Berlusconi aument\u00f3 sensiblemente la intensidad y violencia de sus ataques a sus enemigos hist\u00f3ricos: los \u00abjueces comunistas\u00bb, la \u00abizquierda antiliberal\u00bb, los periodistas y los intelectuales manipulados, los sindicatos in\u00fatiles y parasitarios&#8230; \u00a1Y ha ganado! El Caim\u00e1n, que muchos ve\u00edan esperando el primer vuelo para el Caribe, ha resurgido de sus cenizas, m\u00e1s fuerte que antes, m\u00e1s determinado, m\u00e1s violento, m\u00e1s peligroso. Sobre todo ha demostrado que su popularidad crece, que se refuerza. De ser un accidente del sistema ha pasado a ser un l\u00edder popular, carism\u00e1tico. Duce, duce le gritaban los militantes neofascistas en el \u00faltimo discurso en una plaza de N\u00e1poles llena de gente.<\/p>\n<p>Hoy, despu\u00e9s de vivir estas elecciones, podemos afirmar con rotundidad que s\u00f3lo gracias a una ley electoral mayoritaria, inventada y aprobada por la derecha poco antes de las elecciones y fuertemente rechazada en su d\u00eda por la oposici\u00f3n, el antiguo democristiano Prodi tiene ahora 60 esca\u00f1os de mayor\u00eda en la C\u00e1mara de los Diputados a pesar de tener una ventaja de tan solo unos 25.000 votos en un pa\u00eds con casi 50 millones de electores. En el Senado la situaci\u00f3n es a\u00fan m\u00e1s parad\u00f3jica: el Polo (centro-derecha) tiene mas del 50% de los votos, pero dos esca\u00f1os menos que la Unione (centro-izquierda) despu\u00e9s del recuento de las papeletas de los italianos que han votado en el extranjero. Si los italianos emigrados en Am\u00e9rica Latina, EEUU, Canad\u00e1, Australia&#8230; pudieron votar en la renovaci\u00f3n del Parlamento de Roma ha sido sobre todo gracias a una ley patrocinada por el fascista no arrepentido Mirko Tremaglia.<\/p>\n<p>Algunos dicen que los italianos que viven en el extranjero tienen una mirada privilegiada de la situaci\u00f3n en nuestro pa\u00eds, y que est\u00e1n hartos de ser interpelados permanentemente por tener un primer ministro tan impresentable. Pero la verdad es que mientras la Unione ha presentado una lista unitaria, la derecha en el extranjero se present\u00f3 dividida, y eso en un sistema electoral mayoritario es sin\u00f3nimo de derrota.\u00a0\u00a0\u00a0\u00a0 Un pa\u00eds partido en dos<\/p>\n<p>La Italia que sale de las elecciones del 9-10A es un pa\u00eds bastante surrealista, kafkiano, partido exactamente en dos partes, con una derecha m\u00e1s fuerte que nunca pidiendo el recuento de las papeletas, denunciando irregularidades y amenazando con movilizaciones. \u00ab\u00bfC\u00f3mo puede Prodi gobernar un pa\u00eds sin una verdadera mayor\u00eda?\u00bb repite sin cansarse la propaganda de una derecha que lleva una ofensiva sin precedentes y empuja hacia una soluci\u00f3n a la alemana, es decir, una gran coalici\u00f3n que mantuviera en el poder un l\u00edder que ve con preocupaci\u00f3n la posibilidad de estar cinco a\u00f1os en la oposici\u00f3n. El bloque reaccionario no quiere aceptar una derrota tan parad\u00f3jica que amenaza con influir negativamente sobre sus intereses materiales y sobre la posibilidad de seguir la alianza con los EEUU.<\/p>\n<p>A su vez, Prodi contesta \u00ab\u00a1que hemos ganado!\u00bb, que con las leyes mayoritarias se gana tan solo por un voto. Pero el centro-izquierda parece tener miedo, reacciona tartamudeando, creando un clima de inestabilidad, de confusi\u00f3n en su base electoral y social escondido tras la supuesta tranquilidad de Prodi. Y el l\u00edder del Partido de los Comunistas Italianos Diliberto se ha preguntado en una entrevista si no se ha llegado a una situaci\u00f3n que exija dormir cada noche en una casa diferente como en los tiempos de las amenazas de golpe de los a\u00f1os setenta.<\/p>\n<p>Una interpretaci\u00f3n exagerada de una preocupaci\u00f3n que parece paralizar la base de la izquierda institucional, que despu\u00e9s de tragar la supervivencia del Caim\u00e1n, ahora tiene que aguantar su ofensiva ideol\u00f3gica. Esa es la situaci\u00f3n de un \u00abpueblo de izquierda\u00bb que espera con ansiedad una se\u00f1al de fuerza, de dignidad, por parte del lidership que parece no llegar nunca.<\/p>\n<p>Prodi ha hecho una campana d\u00e9bil, blanda, sin argumentos, pensando simplemente que el tema de la honestidad y de la seriedad ser\u00eda suficiente para convencer a la opini\u00f3n p\u00fablica. Mientras, Berlusconi ha representado los intereses materiales y ideol\u00f3gicos de su base social y ha movilizado sectores nuevos, eso explica la alta participaci\u00f3n en los comicios, en defensa de sus proyectos.<\/p>\n<p>Sin embargo, la base social de cierta izquierda que esperaba de Prodi el anuncio de la retirada de las tropas de Irak, la paralizaci\u00f3n de las obras por el tren de alta velocidad, o la retirada de las leyes que precarizan el trabajo, se ha quedado con una desilusi\u00f3n.\u00a0\u00a0\u00a0\u00a0 Ganar el poder para no cambiar de pol\u00edtica<\/p>\n<p>\u00bfSe puede movilizar con argumentaciones \u00e9ticas y morales una opini\u00f3n p\u00fablica que quiere saber c\u00f3mo llegar a la cuarta semana del mes con sueldos y pensiones insuficientes? Los hechos dicen que no. Aunque la mayor\u00eda de los electores del centro-izquierda han acudido a las urnas para deshacerse del Caim\u00e1n, lo hicieron sin mucha ilusi\u00f3n de poder determinar un cambio real en las pol\u00edticas econ\u00f3micas y sociales.\u00a0\u00a0\u00a0\u00a0 Las primeras declaraciones de Prodi parecen confirmar las preocupaciones de quienes, por ejemplo, critican la sumisi\u00f3n de la llamada \u00abizquierda radical\u00bb al programa centrista de Prodi. El nuevo premier ya dijo que Italia retirar\u00e1 sus tropas de Irak s\u00f3lo con acuerdo con el Gobierno de Bagdad, o sea de Washington, y que, para sanear los desastres dejados por Berlusconi en las finanzas p\u00fablicas, los italianos tendr\u00e1n que soportar sacrificios econ\u00f3micos y, por si no fuera suficiente, que el patrimonio p\u00fablico tendr\u00e1 que ser privatizado.<\/p>\n<p>Parad\u00f3jicamente, los italianos no han conseguido \u00adno han querido conseguir\u00ad apartar completamente al Caim\u00e1n del poder, y tendr\u00e1n un gobierno berlusconiano sin Berlusconi. No era un secreto para nadie que el jefe de los empresarios italianos Luca Cordero di Montezemolo hizo campa\u00f1a a favor de Prodi, de la misma manera que hicieron los mayores peri\u00f3dicos controlados por los poderes econ\u00f3micos y financieros.\u00a0\u00a0\u00a0\u00a0 Mientras tanto, los movimientos sociales italianos se preguntan por qu\u00e9 es posible cambiar en Francia la tendencia pol\u00edtica en el tema de la precaridad laboral, por ejemplo, y no en Italia.<\/p>\n<p>Los empresarios y las jerarqu\u00edas de la iglesia en Italia podr\u00e1n disfrutar de una situaci\u00f3n en la que ambas coaliciones no tendr\u00e1n la fuerza suficiente para actuar sin un consenso m\u00e1s amplio. Confindustria dice ahora, despu\u00e9s de los insultos, que hay que garantizar la estabilidad, la concordia nacional, la gobernabilidad, el crecimiento econ\u00f3mico, y que eso s\u00f3lo se puede hacer con la colaboraci\u00f3n entre el Polo y Unione. Que los ministros sean del centro-izquierda y hasta de \u00abizquierda radical\u00bb, poco importa, si las l\u00edneas pol\u00edticas fundamentales se deciden en los congresos de los empresarios o en San Pedro del Vaticano, eso s\u00ed, con el necesario consentimiento de las derechas. Como dec\u00eda el fallecido jefe de la FIAT, Giovanni Agnelli, hace algunos a\u00f1os bendiciendo el primer gobierno Prodi (1998), \u00abnada mejor que una pol\u00edtica de derechas hecha por un gobierno de izquierdas\u00bb.<\/p>\n<p>La \u00faltima vez, esa actuaci\u00f3n trajo la ruptura de Refundaci\u00f3n Comunista con el gobierno de Prodi, lo que impidi\u00f3 llevar a cabo ese experimento. En esta ocasi\u00f3n, para evitar lo mismo, el Ulivo \u00adel futuro Partito Dem\u00f3cratico\u00ad se ha asegurado la fidelidad del l\u00edder de Refundaci\u00f3n Comunista, Bertinotti, que afirma estar en la \u00abb\u00fasqueda de Dios\u00bb y que justo antes de las elecciones limpi\u00f3 las listas del partido de candidatos inc\u00f3modos de la minor\u00eda, contrarios a la alianza con Prodi, o demasiado cercanos a los movimientos sociales en lucha. En definitiva, Bertinotti se ha deshecho de los que le criticar\u00e1n por tener ministros en un gobierno neoliberal y por estar dispuesto a colaborar incluso en una eventual agresi\u00f3n militar contra Ir\u00e1n\u0160 El contestar\u00e1 con el chantaje de siempre: \u00ab\u00bfque quer\u00e9is, que vuelva el Caim\u00e1n?\u00bb. Pero en realidad el Caim\u00e1n ya ha vuelto. &#8211;<\/p>\n","protected":false},"excerpt":{"rendered":"<p>(Roma)\u00a0\u00a0\u00a0 <\/p>\n<p>publicado en el cotidiano vasco Gara del 18 de abril 2006\u00a0\u00a0\u00a0 <\/p>\n<p>En una pel\u00edcula del director izquierdista Nanni Moretti, estrenada pocos d\u00edas antes de las elecciones del 9-10A, a Silvio Berlusconi se le llama El caim\u00e1n y se celebra su entrada en la c\u00e1rcel despu\u00e9s de ser condenado en uno de los muchos juicios que lo tienen como protagonista. Mucha gente ha pasado horas en las colas para poder entrar en los cines que ten\u00edan programada una de las pel\u00edculas italianas m\u00e1s exitosas de los \u00faltimos meses. P\u00e1ginas enteras dedicadas al director Moretti en los peri\u00f3dicos, entrevistas en las cadenas televisivas, debates en las radios&#8230; Todo parec\u00eda formar parte de un ritual colectivo que s\u00f3lo pod\u00eda acabar con la desaparici\u00f3n de un personaje pol\u00edtico que todas las encuestas y sondeos daban perdedor, y a mucha distancia, en las elecciones.\u00a0\u00a0\u00a0\u00a0 <\/p>\n","protected":false},"author":9,"featured_media":0,"comment_status":"open","ping_status":"open","sticky":false,"template":"","format":"standard","meta":{"footnotes":""},"categories":[42],"tags":[],"class_list":["post-433","post","type-post","status-publish","format-standard","hentry","category-europa-europa"],"aioseo_notices":[],"_links":{"self":[{"href":"https:\/\/espai-marx.net\/index.php?rest_route=\/wp\/v2\/posts\/433","targetHints":{"allow":["GET"]}}],"collection":[{"href":"https:\/\/espai-marx.net\/index.php?rest_route=\/wp\/v2\/posts"}],"about":[{"href":"https:\/\/espai-marx.net\/index.php?rest_route=\/wp\/v2\/types\/post"}],"author":[{"embeddable":true,"href":"https:\/\/espai-marx.net\/index.php?rest_route=\/wp\/v2\/users\/9"}],"replies":[{"embeddable":true,"href":"https:\/\/espai-marx.net\/index.php?rest_route=%2Fwp%2Fv2%2Fcomments&post=433"}],"version-history":[{"count":0,"href":"https:\/\/espai-marx.net\/index.php?rest_route=\/wp\/v2\/posts\/433\/revisions"}],"wp:attachment":[{"href":"https:\/\/espai-marx.net\/index.php?rest_route=%2Fwp%2Fv2%2Fmedia&parent=433"}],"wp:term":[{"taxonomy":"category","embeddable":true,"href":"https:\/\/espai-marx.net\/index.php?rest_route=%2Fwp%2Fv2%2Fcategories&post=433"},{"taxonomy":"post_tag","embeddable":true,"href":"https:\/\/espai-marx.net\/index.php?rest_route=%2Fwp%2Fv2%2Ftags&post=433"}],"curies":[{"name":"wp","href":"https:\/\/api.w.org\/{rel}","templated":true}]}}