{"id":434,"date":"2006-05-01T00:00:00","date_gmt":"2006-05-01T00:00:00","guid":{"rendered":"https:\/\/espai-marx.net\/?p=434"},"modified":"2019-01-21T18:58:50","modified_gmt":"2019-01-21T18:58:50","slug":"por-fin-los-jovenes","status":"publish","type":"post","link":"https:\/\/espai-marx.net\/?p=434","title":{"rendered":"\u00a1Por fin los j\u00f3venes!"},"content":{"rendered":"\n<p>(Corriente Roja)\u00a0\u00a0\u00a0\u00a0\u00a0 <\/p>\n<p>\u00a0<\/p>\n<p>En esta exclamaci\u00f3n pre\u00f1ada de satisfacci\u00f3n y de esperanza podr\u00eda resumirse el estado de \u00e1nimo de la mayor\u00eda de los participantes en la impresionante manifestaci\u00f3n por la III Rep\u00fablica celebrada en Madrid el pasado fin de semana.\u00a0 Y si hubiese que destacar por encima de todas una caracter\u00edstica de esta movilizaci\u00f3n ser\u00eda la abrumadora mayor\u00eda de j\u00f3venes que irrump\u00edan, en muchos casos por primera vez, en el escenario de la rebeld\u00eda y de la lucha. Solo por ver como brillaban sus ojos, llenos de rabia y de deseos de un futuro mejor, hubiera merecido la pena abarrotar las calles de un Madrid que volv\u00eda a ser m\u00e1s resistente que nunca.\u00a0\u00a0\u00a0\u00a0 <\/p>\n<p>\u00a0<\/p>\n<p>Los j\u00f3venes de nuestro pa\u00eds respondieron, s\u00ed, y lo hicieron en un momento en el que los m\u00e1s pesimistas insist\u00edan en subrayar la diferencia con los franceses: el botell\u00f3n frente a la lucha por un trabajo digno. En mi opini\u00f3n las \u00abrevueltas del botell\u00f3n\u00bb expresan tambi\u00e9n un sentimiento de rebeld\u00eda, seguramente de una rebeld\u00eda primitiva, demasiado primitiva quiz\u00e1s, pero no olvidemos que nuestra historia de luchas tiene poco que ver con la francesa y que no podemos inventarnos grados de conciencia y de organizaci\u00f3n para nuestros j\u00f3venes. Debemos trabajar con lo que hay, que es lo que, en gran parte, han forjado las organizaciones pol\u00edticas y sindicales que hasta el momento hemos conocido, adem\u00e1s nosotros no guillotinamos a ning\u00fan rey&#8230;.\u00a0\u00a0\u00a0\u00a0 <\/p>\n<p>\u00a0<\/p>\n<p>Otro de los hechos extraordinariamente significativos y que nos demuestra que vamos por buen camino ha sido el absoluto \u00abapag\u00f3n medi\u00e1tico\u00bb. Cuando doscientas o trescientas personas se concentraban a conmemorar alg\u00fan aniversario republicano si hab\u00eda cobertura medi\u00e1tica, al fin y al cabo siempre se les pod\u00eda tachar de\u00a0 nost\u00e1lgicos y los medios procuraban remarcar el car\u00e1cter conmemorativo de los actos. Pero en esto llegaron los j\u00f3venes y el movimiento mand\u00f3 a parar. El tremendo auge que est\u00e1 alcanzando el movimiento republicano en los \u00faltimos a\u00f1os y, sobre todo, el hecho de que las manifestaciones se convoquen no fundamentalmente para conmemorar, que tambi\u00e9n, sino para preparar las condiciones y avanzar hacia la III Rep\u00fablica constituyen hechos que se empiezan a escapar de las manos de un sistema que hasta ahora hab\u00eda intentado domesticar el movimiento.\u00a0\u00a0\u00a0\u00a0 <\/p>\n<p>\u00a0<\/p>\n<p>De nuevo pudimos comprobar que el pueblo es sabio y sabe contra que se est\u00e1 enfrentando. La impugnaci\u00f3n de la figura del rey y de la monarqu\u00eda no son entendidos como simplemente el ataque a una persona o a una forma de gobierno, los contenidos de\u00a0 los lemas que se coreaban demostraban que las gentes saben que Rep\u00fablica no es para ellos \u00fanicamente ausencia de rey o que su opci\u00f3n es la pura y simple sustituci\u00f3n de un rey por un presidente de la Rep\u00fablica.\u00a0 La rabia en los ojos chispeantes de los m\u00e1s j\u00f3venes expresaba su oposici\u00f3n a un sistema que impide la democracia y que les garantiza una vida de explotaci\u00f3n y precariedad.\u00a0\u00a0\u00a0\u00a0 <\/p>\n<p>\u00a0<\/p>\n<p>El largo debate de la izquierda sobre si\u00a0 en el capitalismo liberal existe la posibilidad de una forma de democracia que puede recibir el nombre de \u00abdemocracia burguesa\u00bb resuelto a trav\u00e9s de la experiencia popular y expresado en un lema coreado de modo un\u00e1nime y atronador: \u00abLo llaman democracia y no lo es\u00bb.\u00a0 Los nuevos proletarios, los explotados han sabido entender que democracia y liberalismo son conceptos antit\u00e9ticos. El liberalismo ha sido el que durante m\u00e1s de dos siglos ha hecho imposible la realizaci\u00f3n plena de la democracia, y ha sido el motor de la explotaci\u00f3n, de la esclavitud y del racismo. Solo con el socialismo ser\u00e1 posible la realizaci\u00f3n de la democracia en el siglo XXI.\u00a0\u00a0\u00a0\u00a0 <\/p>\n<p>\u00a0<\/p>\n<p>La izquierda institucional volvi\u00f3 a dar, eligiendo nuevamente el camino equivocado, un nuevo paso hacia su autoinmolaci\u00f3n. En lugar de fomentar y aprender del movimiento popular, volvi\u00f3 a encerrarse en los l\u00edmites de lo pol\u00edticamente correcto y convoc\u00f3 un par de concentraciones que pretend\u00edan rebajar el contenido y la participaci\u00f3n de la gran movilizaci\u00f3n unitaria. Como siempre fue un rotundo fracaso y demostr\u00f3 una vez m\u00e1s, si cabe, que la estrategia de aceptaci\u00f3n de la derrota y la b\u00fasqueda de salidas personales para sus lideres tiene un cort\u00edsimo recorrido y que tarde o temprano les llevar\u00e1 a la cat\u00e1strofe.\u00a0\u00a0\u00a0\u00a0 <\/p>\n<p>\u00a0<\/p>\n<p>Los lemas m\u00e1s coreados y el sentimiento que pudimos pulsar nos indica que, a pesar de que muchas cosas han cambiado y de que la ofensiva del capitalismo ha producido un nivel de fragmentaci\u00f3n de la clase hasta ahora nunca conocidos, los j\u00f3venes y muchos trabajadores siguen percibiendo donde se encuentra el n\u00facleo de la explotaci\u00f3n. Saben que solo podr\u00e1n ser felices si son capaces de destruir este n\u00facleo, si son capaces de cambiar el sistema.\u00a0\u00a0\u00a0\u00a0 <\/p>\n<p>\u00a0<\/p>\n<p>Tenemos ante nosotros unas tareas que colocan a la izquierda revolucionaria nuevamente entre Job y Prometeo. Una labor al mismo tiempo paciente y tit\u00e1nica. Paciencia porque la devastaci\u00f3n ha sido enorme, la ofensiva capitalista dura m\u00e1s de treinta a\u00f1os y se ha encontrado con unas organizaciones de la izquierda \u00abcautivas y desarmadas\u00bb -cuando no cooptadas-. Paciente porque no debemos enga\u00f1arnos, estamos solamente vislumbrando la salida del t\u00fanel, este pasado domingo pudimos ver m\u00e1s luz al fondo que hace mucho tiempo. Sigamos por ese camino, avancemos decididamente hacia esa luz recordando y teniendo siempre presentes las palabras del Che: \u00abEl \u00fanico descanso para un revolucionario est\u00e1 en la tumba\u00bb.\u00a0\u00a0\u00a0\u00a0 <\/p>\n<p>\u00a0<\/p>\n<p>Es necesario que seamos capaces de fortalecer una cultura popular alternativa que sea el catalizador que permita que florezcan estructuras organizativas estables que a su vez se retroalimenten de este nuevo germen cultural. En este sentido debemos, en primer lugar, llevar a cabo una lucha sin cuartel contra el revisionismo hist\u00f3rico. No podemos permitir que nos roben nuestra historia aquellos que, como escribi\u00f3 Mikis Theodorakis, pretenden comparar a los h\u00e9roes con los verdugos. En nuestro pa\u00eds no hubo una guerra entre dos bandos que eran igualmente responsables y en la que \u00abtodos hicieron barbaridades\u00bb. Lo que realmente sucedi\u00f3 fue el primer combate que tuvo lugar en Europa contra el fascismo, nuestro pa\u00eds fue durante mucho tiempo el mayor ejemplo de lucha para toda la juventud antifascista del mundo, aqu\u00ed se forjaron las armas y se construyeron las experiencias que permitieron la derrotar al nazifascismo.\u00a0\u00a0\u00a0\u00a0\u00a0 <\/p>\n<p>\u00a0<\/p>\n<p>En un emocionante art\u00edculo, Giovanni Pesce, medalla de oro de la Resistencia Italiana y miembro de las Brigadas Internacionales, publicado este pasado domingo en Liberazione con ocasi\u00f3n de la celebraci\u00f3n del sexag\u00e9simo primer aniversario de la liberaci\u00f3n de Italia-\u00a0 afirmaba que no se pod\u00eda entender esta victoria sin estudiar y valorar la experiencia de la lucha en Espa\u00f1a, para el, aqu\u00ed se hab\u00eda forjado su victoria contra los fascistas de Mussolini.\u00a0\u00a0\u00a0\u00a0 En un momento en el que el ataque contra el comunismo y los luchadores antifascistas pretende ense\u00f1orearse de toda Europa, en el que en algunas rep\u00fablicas ex-sovi\u00e9ticas se rehabilita a todos los que colaboraron con los nazis mientras que se encarcela a los combatientes del Ejercito Rojo., en el que el afortunadamente derrotado Berlusconi pretend\u00eda acabar con la potente tradici\u00f3n de la resistencia antifascista en su pa\u00eds y equiparar a los resistentes con los camisas negras fascistas, los gritos de la manifestaci\u00f3n de Madrid \u00a1No pasar\u00e1n! o \u00a1Madrid ser\u00e1 la tumba del fascismo!, nos demuestran que ni los 40 a\u00f1os de noche y niebla ni los 20 siguientes de democracia intencionadamente desmemoriada han conseguido cercenar el hilo rojo de nuestra historia.\u00a0\u00a0\u00a0\u00a0 <\/p>\n<p>\u00a0<\/p>\n<p>Ah\u00ed est\u00e1 la clave de las tarea para la izquierda y para los comunistas en el inmediato futuro: trabajar y ayudar a reanudar ese hilo rojo. Sabiendo que partimos de la desolaci\u00f3n, pero sabiendo, tambi\u00e9n, que ya no llueve tanto, que los j\u00f3venes empiezan a darse cuenta que este es un sistema que lo \u00fanico que les garantiza es la infelicidad: Empiezan, tambi\u00e9n, a darse cuenta que la lucha es una necesidad y que para luchar es necesario estar organizados. Ellos son explotados en unas condiciones distintas de las que lo fueron trabajadores en otras \u00e9pocas, no pretendamos imponerles formas organizativas que seguramente fueron muy eficaces en otros tiempos, confiemos en ellos y aprendamos de sus respuestas. Seamos capaces de legarles lo mejor de nuestras experiencias y lo mejor de un pasado que tuvo m\u00e1s episodios de gloria de los que nos pretenden hacer creer , de ning\u00fan modo ellos consentir\u00e1n en heredar nuestras miserias.\u00a0\u00a0\u00a0\u00a0 Y en el umbral de la celebraci\u00f3n del Primero de Mayo -el d\u00eda m\u00e1s se\u00f1alado para la lucha de los trabajadores- ,\u00a0 en un escenario en el que las organizaciones sindicales mayoritarias\u00a0 presentan un panorama cada vez m\u00e1s mortecino y decadente, en un momento en el que los j\u00f3venes tienen cada vez m\u00e1s claro que estos dirigentes sindicales tampoco les representan, una pregunta en el aire: \u00bfY si la recuperaci\u00f3n del movimiento obrero empieza por aqu\u00ed?. Por los j\u00f3venes que a\u00fan no se han organizado y que responden al sistema\u00a0 desde los cada vez m\u00e1s variados espacios en los que se sienten agredidos, y no estrictamente por el movimiento sindical como lo conocimos en los siglos XIX y XX. Ahora m\u00e1s que nunca debemos tener presentes los lemas de la \u00faltima manifestaci\u00f3n antifascista en Madrid: Memoria, dignidad y lucha.\u00a0\u00a0\u00a0 <\/p>\n","protected":false},"excerpt":{"rendered":"<p>(Corriente Roja)\u00a0\u00a0\u00a0\u00a0\u00a0 <\/p>\n<p>En esta exclamaci\u00f3n pre\u00f1ada de satisfacci\u00f3n y de esperanza podr\u00eda resumirse el estado de \u00e1nimo de la mayor\u00eda de los participantes en la impresionante manifestaci\u00f3n por la III Rep\u00fablica celebrada en Madrid el pasado fin de semana.\u00a0 Y si hubiese que destacar por encima de todas una caracter\u00edstica de esta movilizaci\u00f3n ser\u00eda la abrumadora mayor\u00eda de j\u00f3venes que irrump\u00edan, en muchos casos por primera vez, en el escenario de la rebeld\u00eda y de la lucha. Solo por ver como brillaban sus ojos, llenos de rabia y de deseos de un futuro mejor, hubiera merecido la pena abarrotar las calles de un Madrid que volv\u00eda a ser m\u00e1s resistente que nunca.\u00a0\u00a0\u00a0\u00a0 <\/p>\n<p>Los j\u00f3venes de nuestro pa\u00eds respondieron, s\u00ed, y lo hicieron en un momento en el que los m\u00e1s pesimistas insist\u00edan en subrayar la diferencia con los franceses: el botell\u00f3n frente a la lucha por un trabajo digno. En mi opini\u00f3n las &quot;revueltas del botell\u00f3n&quot; expresan tambi\u00e9n un sentimiento de rebeld\u00eda, seguramente de una rebeld\u00eda primitiva, demasiado primitiva quiz\u00e1s, pero no olvidemos que nuestra historia de luchas tiene poco que ver con la francesa y que no podemos inventarnos grados de conciencia y de organizaci\u00f3n para nuestros j\u00f3venes. Debemos trabajar con lo que hay, que es lo que, en gran parte, han forjado las organizaciones pol\u00edticas y sindicales que hasta el momento hemos conocido, adem\u00e1s nosotros no guillotinamos a ning\u00fan rey&#8230;.\u00a0\u00a0\u00a0\u00a0 <\/p>\n","protected":false},"author":4,"featured_media":0,"comment_status":"open","ping_status":"open","sticky":false,"template":"","format":"standard","meta":{"footnotes":""},"categories":[14],"tags":[],"class_list":["post-434","post","type-post","status-publish","format-standard","hentry","category-democracia-republica"],"aioseo_notices":[],"_links":{"self":[{"href":"https:\/\/espai-marx.net\/index.php?rest_route=\/wp\/v2\/posts\/434","targetHints":{"allow":["GET"]}}],"collection":[{"href":"https:\/\/espai-marx.net\/index.php?rest_route=\/wp\/v2\/posts"}],"about":[{"href":"https:\/\/espai-marx.net\/index.php?rest_route=\/wp\/v2\/types\/post"}],"author":[{"embeddable":true,"href":"https:\/\/espai-marx.net\/index.php?rest_route=\/wp\/v2\/users\/4"}],"replies":[{"embeddable":true,"href":"https:\/\/espai-marx.net\/index.php?rest_route=%2Fwp%2Fv2%2Fcomments&post=434"}],"version-history":[{"count":0,"href":"https:\/\/espai-marx.net\/index.php?rest_route=\/wp\/v2\/posts\/434\/revisions"}],"wp:attachment":[{"href":"https:\/\/espai-marx.net\/index.php?rest_route=%2Fwp%2Fv2%2Fmedia&parent=434"}],"wp:term":[{"taxonomy":"category","embeddable":true,"href":"https:\/\/espai-marx.net\/index.php?rest_route=%2Fwp%2Fv2%2Fcategories&post=434"},{"taxonomy":"post_tag","embeddable":true,"href":"https:\/\/espai-marx.net\/index.php?rest_route=%2Fwp%2Fv2%2Ftags&post=434"}],"curies":[{"name":"wp","href":"https:\/\/api.w.org\/{rel}","templated":true}]}}