{"id":4439,"date":"2020-03-04T05:00:23","date_gmt":"2020-03-04T04:00:23","guid":{"rendered":"https:\/\/espai-marx.net\/?p=4439"},"modified":"2020-06-23T17:48:33","modified_gmt":"2020-06-23T16:48:33","slug":"seminario-sobre-dialectica-de-lo-concreto-de-karel-kosik","status":"publish","type":"post","link":"https:\/\/espai-marx.net\/?p=4439","title":{"rendered":"Seminario sobre <i>Dial\u00e9ctica de lo concreto<\/i> de Karel Kos\u00edk"},"content":{"rendered":"<div><i><span lang=\"ES\"><a href=\"https:\/\/espai-marx.net\/wp-content\/uploads\/2020\/02\/karel_kosik.jpg\"><img loading=\"lazy\" decoding=\"async\" class=\"wp-image-6190 size-full alignleft\" src=\"https:\/\/espai-marx.net\/wp-content\/uploads\/2020\/02\/karel_kosik.jpg\" alt=\"\" width=\"300\" height=\"168\" \/><\/a>Dial\u00e9ctica de lo concreto<\/span><\/i><span lang=\"ES\">, la obra cumbre del fil\u00f3sofo marxista Karel Kos\u00edk (1926-2003), fue publicada en 1963 en Praga. En ese momento, se desarrollaba en su pa\u00eds un proceso de efervescencia cultural que se opon\u00eda a la rigidez del \u00absocialismo real\u00bb al amparo sovi\u00e9tico, vivido cada vez m\u00e1s como una imposici\u00f3n exterior, y, al mismo tiempo, se negaba a reconocer en el mundo capitalista una raz\u00f3n de ser satisfactoria. Al contrario, Checoslovaquia se abr\u00eda en interrogantes -\u00bfqu\u00e9 es el hombre? \u00bfqu\u00e9 es el mundo?- y buscaba un camino emancipatorio propio, que culminar\u00eda un lustro despu\u00e9s en la Primavera de Praga.<\/span><\/div>\n<div>\n<p class=\"ydp96297c95yiv8372341790MsoNormal\"><span lang=\"ES\">A fundamentar, esclarecer y radicalizar tales interrogantes quisieron contribuir las reflexiones art\u00edsticas, filos\u00f3ficas y pol\u00edticas presentes en <i>Dial\u00e9ctica de lo concreto<\/i>, y su repercusi\u00f3n llevar\u00eda a su autor a ser considerado el pensador m\u00e1s influyente del periodo. En efecto, en su obra Kos\u00edk consigui\u00f3, por un lado, mostrar y dar raz\u00f3n de las distintas alienaciones dadas en su presente, en sus diferentes aspectos -objetivos y subjetivos, materiales y espirituales-, y refutar sus pretensiones de autenticidad y absolutizaci\u00f3n; y, por otro, ofrecer una ontolog\u00eda del hombre y del mundo -como praxis hist\u00f3rica concreta- que posibilitaba su superaci\u00f3n a trav\u00e9s de la transformaci\u00f3n revolucionaria de la realidad.<\/span><\/p>\n<p class=\"ydp96297c95yiv8372341790MsoNormal\"><span lang=\"ES\">Hoy, alejados de la superficie de la que naci\u00f3 <i>Dial\u00e9ctica de lo concreto<\/i>, olvidados sus debates coyunturales, puede ser dif\u00edcil la lectura e interpretaci\u00f3n de algunos de sus pasajes. Asimismo, la aparici\u00f3n, desde entonces, de nuevas y m\u00e1s sofisticadas formas de alienaci\u00f3n precisan de sucesivas revaluaciones cr\u00edticas, que el propio Kos\u00edk pens\u00f3 hasta su muerte. Sin embargo, la profundidad de sus interrogantes y la apertura de su concepci\u00f3n sobre la realidad mantienen su importancia y significado liberadores en nuestros d\u00edas, en que nos encontramos atenazados por un horizonte que parece cerrarse sin remedio y los intentos de emancipaci\u00f3n se diluyen en lo existente.<\/span><\/p>\n<p>Fue por estas razones por las que desde hace unos meses iniciamos un seminario dedicado a esta obra fundamental en la producci\u00f3n de Kosik. Publicada en M\u00e9xico en espa\u00f1ol por la editorial Grijalbo en 1967, en traducci\u00f3n de Adolfo S\u00e1nchez V\u00e1zquez, autor tambi\u00e9n de un elogioso pr\u00f3logo, es esta la edici\u00f3n que utilizamos para la discusi\u00f3n.<\/p>\n<p>El libro se puede descargar desde nuestra biblioteca electr\u00f3nica, Els Arbres de Fahrenheit: <a href=\"https:\/\/espai-marx.net\/elsarbres\/?rcno_review=dialectica-de-lo-concreto-estudio-sobre-los-problemas-del-hombre-y-del-mundo-karel-kosik\">Dial\u00e9ctica de lo concreto<\/a>.<\/p>\n<p>La decisi\u00f3n de ofrecer las grabaciones de las discusiones en el seminario se tom\u00f3 cuando ya se llevaban diversas sesiones. La primera que ofrecemos es la que se corresponde a las p\u00e1ginas posteriores a la 144 de la edici\u00f3n citada.<\/p>\n<\/div>\n<h3><strong>Material complementario<\/strong><\/h3>\n<p>Como introducci\u00f3n a la vida y obra de Kos\u00edk recomendamos\u00a0 escuchar la <a href=\"https:\/\/espai-marx.net\/?p=6992\">grabaci\u00f3n de la charla que imparti\u00f3 Jordi Magnet<\/a> en una de las sesiones del seminario, as\u00ed como el art\u00edculo tambi\u00e9n publicado en esta misma web, <a href=\"https:\/\/espai-marx.net\/?p=4441\">Karel Kos\u00edk: biograf\u00eda intelectual y moral \/ filos\u00f3fica y pol\u00edtica<\/a>, escrito por Gerard Mar\u00edn, quien es tambi\u00e9n responsable de la moderaci\u00f3n del seminario. Para m\u00e1s art\u00edculos de y sobre Kos\u00edk la mejor fuente es el blog compuesto por Gerard: <a href=\"https:\/\/decenciaycritica.blogspot.com\/\">Karel Kos\u00edk. Decencia y cr\u00edtica.<\/a><\/p>\n<h3><strong>Grabaciones<\/strong><\/h3>\n<p><a href=\"https:\/\/espai-marx.net\/wp-content\/uploads\/2020\/01\/espaipodcast-1-e1580123189317.jpeg\"><img loading=\"lazy\" decoding=\"async\" class=\"alignnone size-medium wp-image-3957\" src=\"https:\/\/espai-marx.net\/wp-content\/uploads\/2020\/01\/espaipodcast-1-300x122.jpeg\" alt=\"\" width=\"300\" height=\"122\" \/><\/a><\/p>\n<ul>\n<li><strong>1\u00aa sesi\u00f3n (15-1-2020). P\u00e1ginas 125-144.<\/strong><\/li>\n<\/ul>\n<audio class=\"wp-audio-shortcode\" id=\"audio-4439-1\" preload=\"none\" style=\"width: 100%;\" controls=\"controls\"><source type=\"audio\/mpeg\" src=\"https:\/\/espai-marx.net\/wp-content\/uploads\/2020\/03\/15-1-2020.m4a?_=1\" \/><a href=\"https:\/\/espai-marx.net\/wp-content\/uploads\/2020\/03\/15-1-2020.m4a\">https:\/\/espai-marx.net\/wp-content\/uploads\/2020\/03\/15-1-2020.m4a<\/a><\/audio>\n<p>&nbsp;<\/p>\n<ul>\n<li><strong>2\u00aa sesi\u00f3n (12-2-2020). P\u00e1ginas 144-160.<\/strong><\/li>\n<\/ul>\n<audio class=\"wp-audio-shortcode\" id=\"audio-4439-2\" preload=\"none\" style=\"width: 100%;\" controls=\"controls\"><source type=\"audio\/mpeg\" src=\"https:\/\/espai-marx.net\/wp-content\/uploads\/2020\/02\/Kosik-12-2-2020.m4a?_=2\" \/><a href=\"https:\/\/espai-marx.net\/wp-content\/uploads\/2020\/02\/Kosik-12-2-2020.m4a\">https:\/\/espai-marx.net\/wp-content\/uploads\/2020\/02\/Kosik-12-2-2020.m4a<\/a><\/audio>\n<p>&nbsp;<\/p>\n<ul>\n<li><strong>3\u00aa sesi\u00f3n (26-2-2020). Introducci\u00f3n de Jordi Magnet a la obra de Kos\u00edk (en catal\u00e1n)<\/strong><\/li>\n<\/ul>\n<audio class=\"wp-audio-shortcode\" id=\"audio-4439-3\" preload=\"none\" style=\"width: 100%;\" controls=\"controls\"><source type=\"audio\/mpeg\" src=\"https:\/\/espai-marx.net\/wp-content\/uploads\/2020\/03\/2020-2-26-Jordi-Magnet_comp.mp3?_=3\" \/><a href=\"https:\/\/espai-marx.net\/wp-content\/uploads\/2020\/03\/2020-2-26-Jordi-Magnet_comp.mp3\">https:\/\/espai-marx.net\/wp-content\/uploads\/2020\/03\/2020-2-26-Jordi-Magnet_comp.mp3<\/a><\/audio>\n<p>&nbsp;<\/p>\n<ul>\n<li><strong>4\u00aa sesi\u00f3n (11-3-2020). P\u00e1gina 161-180.<\/strong><\/li>\n<\/ul>\n<audio class=\"wp-audio-shortcode\" id=\"audio-4439-4\" preload=\"none\" style=\"width: 100%;\" controls=\"controls\"><source type=\"audio\/mpeg\" src=\"https:\/\/espai-marx.net\/wp-content\/uploads\/2020\/03\/Kosik-11-3.m4a?_=4\" \/><a href=\"https:\/\/espai-marx.net\/wp-content\/uploads\/2020\/03\/Kosik-11-3.m4a\">https:\/\/espai-marx.net\/wp-content\/uploads\/2020\/03\/Kosik-11-3.m4a<\/a><\/audio>\n<p>&nbsp;<\/p>\n<ul>\n<li><strong>5\u00aa sesi\u00f3n (25-3-2020). P\u00e1gina 181-192<\/strong><\/li>\n<\/ul>\n<audio class=\"wp-audio-shortcode\" id=\"audio-4439-5\" preload=\"none\" style=\"width: 100%;\" controls=\"controls\"><source type=\"audio\/mpeg\" src=\"https:\/\/espai-marx.net\/wp-content\/uploads\/2020\/03\/SeminarioKosik_zoom.mp3?_=5\" \/><a href=\"https:\/\/espai-marx.net\/wp-content\/uploads\/2020\/03\/SeminarioKosik_zoom.mp3\">https:\/\/espai-marx.net\/wp-content\/uploads\/2020\/03\/SeminarioKosik_zoom.mp3<\/a><\/audio>\n<p>&nbsp;<\/p>\n<ul>\n<li><strong>6\u00aa sesi\u00f3n (8-4-2020). P\u00e1gina 193-207<\/strong><\/li>\n<\/ul>\n<audio class=\"wp-audio-shortcode\" id=\"audio-4439-6\" preload=\"none\" style=\"width: 100%;\" controls=\"controls\"><source type=\"audio\/mpeg\" src=\"https:\/\/espai-marx.net\/wp-content\/uploads\/2020\/04\/Seminario_Kosik_sesion_8_4_2020.mp3?_=6\" \/><a href=\"https:\/\/espai-marx.net\/wp-content\/uploads\/2020\/04\/Seminario_Kosik_sesion_8_4_2020.mp3\">https:\/\/espai-marx.net\/wp-content\/uploads\/2020\/04\/Seminario_Kosik_sesion_8_4_2020.mp3<\/a><\/audio>\n<p>&nbsp;<\/p>\n<ul>\n<li><strong>7\u00aa sesi\u00f3n (22-4-2020). P\u00e1gina 208-220<\/strong><\/li>\n<\/ul>\n<audio class=\"wp-audio-shortcode\" id=\"audio-4439-7\" preload=\"none\" style=\"width: 100%;\" controls=\"controls\"><source type=\"audio\/mpeg\" src=\"https:\/\/espai-marx.net\/wp-content\/uploads\/2020\/04\/SeminarioKosik_.22_4_2020.mp3?_=7\" \/><a href=\"https:\/\/espai-marx.net\/wp-content\/uploads\/2020\/04\/SeminarioKosik_.22_4_2020.mp3\">https:\/\/espai-marx.net\/wp-content\/uploads\/2020\/04\/SeminarioKosik_.22_4_2020.mp3<\/a><\/audio>\n<p>&nbsp;<\/p>\n<ul>\n<li><strong>8\u00aa sesi\u00f3n (6-5-2020). P\u00e1gina 221 a 237<\/strong><\/li>\n<\/ul>\n<audio class=\"wp-audio-shortcode\" id=\"audio-4439-8\" preload=\"none\" style=\"width: 100%;\" controls=\"controls\"><source type=\"audio\/mpeg\" src=\"https:\/\/espai-marx.net\/wp-content\/uploads\/2020\/05\/SeminarioKosik_.06_5_2020.mp3?_=8\" \/><a href=\"https:\/\/espai-marx.net\/wp-content\/uploads\/2020\/05\/SeminarioKosik_.06_5_2020.mp3\">https:\/\/espai-marx.net\/wp-content\/uploads\/2020\/05\/SeminarioKosik_.06_5_2020.mp3<\/a><\/audio>\n<p>&nbsp;<\/p>\n<ul>\n<li><strong>9\u00aa sesi\u00f3n (20-5-2020). P\u00e1gina 237 en adelante<\/strong><\/li>\n<\/ul>\n<audio class=\"wp-audio-shortcode\" id=\"audio-4439-9\" preload=\"none\" style=\"width: 100%;\" controls=\"controls\"><source type=\"audio\/mpeg\" src=\"https:\/\/espai-marx.net\/wp-content\/uploads\/2020\/05\/seminario_Kosik_20_5_2020.mp3?_=9\" \/><a href=\"https:\/\/espai-marx.net\/wp-content\/uploads\/2020\/05\/seminario_Kosik_20_5_2020.mp3\">https:\/\/espai-marx.net\/wp-content\/uploads\/2020\/05\/seminario_Kosik_20_5_2020.mp3<\/a><\/audio>\n<p>&nbsp;<\/p>\n<ul>\n<li><strong>10\u00aa sesi\u00f3n (3-6-2020).<\/strong><\/li>\n<\/ul>\n<audio class=\"wp-audio-shortcode\" id=\"audio-4439-10\" preload=\"none\" style=\"width: 100%;\" controls=\"controls\"><source type=\"audio\/mpeg\" src=\"https:\/\/espai-marx.net\/wp-content\/uploads\/2020\/06\/seminario_Kosik_03_6_2020.mp3?_=10\" \/><a href=\"https:\/\/espai-marx.net\/wp-content\/uploads\/2020\/06\/seminario_Kosik_03_6_2020.mp3\">https:\/\/espai-marx.net\/wp-content\/uploads\/2020\/06\/seminario_Kosik_03_6_2020.mp3<\/a><\/audio>\n<p>&nbsp;<\/p>\n<ul>\n<li><strong>11\u00aa sesi\u00f3n (17-6-2020).<\/strong><\/li>\n<\/ul>\n<audio class=\"wp-audio-shortcode\" id=\"audio-4439-11\" preload=\"none\" style=\"width: 100%;\" controls=\"controls\"><source type=\"audio\/mpeg\" src=\"https:\/\/espai-marx.net\/wp-content\/uploads\/2020\/06\/seminario_Kosik_17_6_2020.mp3?_=11\" \/><a href=\"https:\/\/espai-marx.net\/wp-content\/uploads\/2020\/06\/seminario_Kosik_17_6_2020.mp3\">https:\/\/espai-marx.net\/wp-content\/uploads\/2020\/06\/seminario_Kosik_17_6_2020.mp3<\/a><\/audio>\n<p>&nbsp;<\/p>\n","protected":false},"excerpt":{"rendered":"<p><i>Dial\u00e9ctica de lo concreto<\/i>, la obra cumbre del fil\u00f3sofo marxista Karel Kos\u00edk (1926-2003), fue publicada en 1963 en Praga. En ese momento, se desarrollaba en su pa\u00eds un proceso de efervescencia cultural que se opon\u00eda a la rigidez del \u00absocialismo real\u00bb al amparo sovi\u00e9tico, vivido cada vez m\u00e1s como una imposici\u00f3n exterior, y, al mismo tiempo, se negaba a reconocer en el mundo capitalista una raz\u00f3n de ser satisfactoria. Al contrario, Checoslovaquia se abr\u00eda en interrogantes -\u00bfqu\u00e9 es el hombre? \u00bfqu\u00e9 es el mundo?- y buscaba un camino emancipatorio propio, que culminar\u00eda un lustro despu\u00e9s en la Primavera de Praga.<\/p>\n","protected":false},"author":9,"featured_media":7114,"comment_status":"open","ping_status":"open","sticky":false,"template":"","format":"standard","meta":{"footnotes":""},"categories":[1477,8,856],"tags":[932,1476],"class_list":["post-4439","post","type-post","status-publish","format-standard","has-post-thumbnail","hentry","category-seminario-sobre-dialectica-de-lo-concreto-2019-20","category-filosofia","category-podcast","tag-dialectica-de-lo-concreto","tag-karel-kosik"],"aioseo_notices":[],"_links":{"self":[{"href":"https:\/\/espai-marx.net\/index.php?rest_route=\/wp\/v2\/posts\/4439","targetHints":{"allow":["GET"]}}],"collection":[{"href":"https:\/\/espai-marx.net\/index.php?rest_route=\/wp\/v2\/posts"}],"about":[{"href":"https:\/\/espai-marx.net\/index.php?rest_route=\/wp\/v2\/types\/post"}],"author":[{"embeddable":true,"href":"https:\/\/espai-marx.net\/index.php?rest_route=\/wp\/v2\/users\/9"}],"replies":[{"embeddable":true,"href":"https:\/\/espai-marx.net\/index.php?rest_route=%2Fwp%2Fv2%2Fcomments&post=4439"}],"version-history":[{"count":0,"href":"https:\/\/espai-marx.net\/index.php?rest_route=\/wp\/v2\/posts\/4439\/revisions"}],"wp:featuredmedia":[{"embeddable":true,"href":"https:\/\/espai-marx.net\/index.php?rest_route=\/wp\/v2\/media\/7114"}],"wp:attachment":[{"href":"https:\/\/espai-marx.net\/index.php?rest_route=%2Fwp%2Fv2%2Fmedia&parent=4439"}],"wp:term":[{"taxonomy":"category","embeddable":true,"href":"https:\/\/espai-marx.net\/index.php?rest_route=%2Fwp%2Fv2%2Fcategories&post=4439"},{"taxonomy":"post_tag","embeddable":true,"href":"https:\/\/espai-marx.net\/index.php?rest_route=%2Fwp%2Fv2%2Ftags&post=4439"}],"curies":[{"name":"wp","href":"https:\/\/api.w.org\/{rel}","templated":true}]}}