{"id":531,"date":"2006-11-17T00:00:00","date_gmt":"2006-11-17T00:00:00","guid":{"rendered":"https:\/\/espai-marx.net\/?p=531"},"modified":"2020-02-28T09:33:50","modified_gmt":"2020-02-28T08:33:50","slug":"las-nacionalizaciones-en-america-latina-reabren-la-perspectiva-del-socialismo-del-siglo-xxi","status":"publish","type":"post","link":"https:\/\/espai-marx.net\/?p=531","title":{"rendered":"\u00bfLas nacionalizaciones en Am\u00e9rica Latina reabren la perspectiva del socialismo del siglo XXI?"},"content":{"rendered":"<p>Ha finalizado con general satisfacci\u00f3n y \u00e9xito de p\u00fablico el II Foro Internacional \u00abCuba y Am\u00e9rica latina, la alternativa posible\u00bb. En los d\u00edas 14 y 15 de octubre, en la sala de la Arci Nacional de Roma, hemos podido escuchar importantes relaciones atadas a los acontecimientos en curso en Am\u00e9rica latina, con particular atenci\u00f3n a las nacionalizaciones de los recursos y a la resistencia al imperialismo y al neocolonialismo. Samir Amin, James Petras, Hosea Jaffe, James Cockcroft, Fran\u00e7ois Houtart son solamente algunos de los prestigiosos intelectuales internacionales que se han a\u00f1adido a las voces procedentes del continente rebelde como Efrain Echevarria, Esther Aguilera y Maria Helena Fernandez desde Cuba, Mauricio De Souza Sabadini desde Brasil, Alejandro Valle desde M\u00e9xico, Francisco Dominguez chileno que vive y trabaja en Londres, Manuel Mera responsable del sindicado gallego Fesga y los italianos Alessandra Riccio, Luca Baiada y Fabio Marcelli. La relaci\u00f3n introductora ha sido leida por Luciano Vasapollo, presidente del Comit\u00e9 28 de junio. A los trabajos han aportado su saludo el diputado de la izquierda Ds Luciano Pettinari, la senadora del grupo de los Verdes Loredana De Petris, el secretario del Partido Comunista Marxista de la India P.K Murthy, el embajador de Cuba en Italia Rodney Lopez y el diputado de la Asamblea Nacional de Cuba Omar Gonzalez.<\/p>\n<p><b>RESOLUCI\u00d3N FINAL DEL II FORO INTERNACIONAL<\/b><b><\/b><\/p>\n<p>El segundo Foro Internacional \u00abCuba y Am\u00e9rica latina: la alternativa posible\u00bb se desarrolla en un contexto internacional todav\u00eda caracterizado por la escalada de la guerra preventiva azuzada por la administraci\u00f3n Bush.<\/p>\n<p>Sobre la ladera internacional no se registran novedades positivas acerca de los frentes de guerra abiertos en Irak y Afganist\u00e1n. Adem\u00e1s, la agresi\u00f3n a L\u00edbano y las crisis nucleares pretendidamente abiertas con Ir\u00e1n y la Corea del Norte, se\u00f1alan un peligroso salto de calidad en las amenazas de una extensi\u00f3n de una guerra que incluye el recurso a las armas nucleares.<\/p>\n<p>El Comit\u00e9 28 de junio nota que el nuevo gobierno italiano, sobre el que algunas expectativas fueron expresadas en el Foro del a\u00f1o pasado, no parece ocupado en una contratendencia significativa. La refinanciaci\u00f3n de la misi\u00f3n militar de la OTAN en Afganist\u00e1n y el env\u00edo de militares italianos en L\u00edbano para una misi\u00f3n de la ONU cuyos contornos aparecen pesadamente ambiguos y funcionales al expansionismo de Israel en el \u00e1rea, revelan la voluntad de la actual mayor\u00eda de confirmar la actitud de aquiescencia y no de rotura hacia las pol\u00edticas de Washington.<\/p>\n<p>El debate durante el Foro, por lo que ata\u00f1e la situaci\u00f3n italiana, ha puesto pesados interrogantes sobre la actitud que los partidos de la izquierda presentes en el gobierno han asumido respecto a una base neoliberal &#8211; edulcorada por medidas sociales marginales &#8211; que inspira las l\u00edneas de pol\u00edtica econ\u00f3mica del nuevo ejecutivo.<\/p>\n<p>Las experiencias pol\u00edticas y sociales que han arrancado en Am\u00e9rica latina nos indican caminos y posibilidades diferentes: desde las nacionalizaciones de los recursos a la puesta en discusi\u00f3n de los tratados internacionales, (de car\u00e1cter comercial y pol\u00edtico) que perjudican las exigencias sociales y democr\u00e1ticas de la poblaci\u00f3n, desde la reversibilidad de las privatizaciones a la defensa intransigente de los bienes comunes.<\/p>\n<p>Se evidencia a nivel internacional y nacional la necesidad de reexaminar en conjunto las pol\u00edticas de privatizaci\u00f3n llevadas a cabo en los \u00faltimos a\u00f1os a ventaja del nacimiento y del crecimiento de fuertes monopolios y a oligopolios transnacionales. Pero sobre este punto tenemos siempre mayores dificultades en encontrar en la izquierda europea interlocutores disponibles a discutir concretamente. Sin embargo los procesos de nacionalizaci\u00f3n que se est\u00e1n llevando a cabo en Am\u00e9rica latina deber\u00edan obligar todos a hacer un an\u00e1lisis m\u00e1s particular del fen\u00f3meno y no a las preocupaciones por una hipot\u00e9tica bajada de los mercados que la nacionalizaci\u00f3n de los recursos en Venezuela y en Bolivia, por ejemplo, est\u00e1 produciendo.<\/p>\n<p>El verdadero desaf\u00edo del siglo XXI ser\u00e1 la calidad del desarrollo y no la cantidad del crecimiento. Es tiempo que las categor\u00edas del liberalismo sean derrotadas con elecciones concretas en econom\u00eda y con una batalla frontal por la hegemon\u00eda cultural.<\/p>\n<p>La nacionalizaci\u00f3n de algunos recursos claves para la vida es un camino imprescindible para la autodeterminaci\u00f3n de los pueblos y el afrancamiento del neocolonialismo, en un territorio que la dominaci\u00f3n colonial, antes de Europa y luego de los Estados Unidos, priv\u00f3 de su identidad, de su memoria colectiva y de la pr\u00e1ctica constante de la democracia.<\/p>\n<p>No es un caso en efecto que los fen\u00f3menos de los que hablamos conciernan el petr\u00f3leo, el gas, el agua y las tierras, riquezas vitales desde siempre en los apetitos de los colonialistas que la l\u00f3gica del imperialismo querr\u00eda a exclusiva ventaja de la oligarqu\u00eda que gobierna el mundo.<\/p>\n<p>Es esta Resistencia popular, ind\u00edgena, democr\u00e1tica, militante, conceptualmente af\u00edn a las resistencias de los pueblos palestino, afgano, liban\u00e9s e iraqu\u00ed a la ocupaci\u00f3n de su territorio, que implica masas de ciudadanos en el pasado excluidas y proyecta directamente el pueblo al gobierno real del pa\u00eds en el camino de la experiencia cubana y venezolana. Cuba y Venezuela resisten a cada tipo de ataque y representan un ejemplo por aquellos gobiernos progresistas o revolucionarios que est\u00e1n conduciendo la Am\u00e9rica latina y los pa\u00edses en desarrollo hacia el rescate. Por esta raz\u00f3n apoyamos la Resistencia global de los pueblos contra las agresiones imperialistas.<\/p>\n<p>En los a\u00f1os \u201870 frente a la voluntad de rescate de la Am\u00e9rica latina, el imperialismo reaccion\u00f3 favoreciendo la ascensi\u00f3n al poder de sangrientas dictaduras; hoy las armas pueden ser m\u00e1s sutiles pero igualmente terribles. A pol\u00edticas de mercado restrictivo se a\u00f1aden cada vez m\u00e1s dram\u00e1ticamente amenazas de opci\u00f3n militar disfrazadas por \u201clucha al terrorismo\u201d o, en el mejor de las hip\u00f3tesis, por t\u00e9cnicas de \u00abexportaci\u00f3n de la democracia.\u00bb Democracia que sobre la boca del imperialismo asume un sentido diametralmente opuesto a la ambici\u00f3n de liberaci\u00f3n, progreso y justicia social de parte de la humanidad.<\/p>\n<p>Es justo sobre la cuesti\u00f3n de la lucha al terrorismo que el imperialismo tropieza en sus mentiras y ense\u00f1a su verdadera cara. Hoy el mundo conoce las torturas consumidas en Abu Ghraib y Guantanamo, los secuestros de persona perpetrados por la CIA en media Europa con Italia en papel clave, la manipulaci\u00f3n de la justicia interior como en el caso de los cinco cubanos injustamente encarcelados, la hospitalidad otorgada al criminal internacional Posada Carriles. Hoy cuotas crecientes de la opini\u00f3n p\u00fablica empiezan a conocer, denunciar y tambi\u00e9n temer el terrorismo de estado; es por este motivo que, adem\u00e1s, pensamos que el campo de concentraci\u00f3n de estado de Guantanamo hay que cerrarlo enseguida.<\/p>\n<p>Nos hemos reunido en Roma en el II\u00b0 Foro \u201cCuba y Am\u00e9rica latina\u201d para discutir y debatir experiencias diferentes de lucha con l\u00edneas fuertes de pensamiento pol\u00edtico-cultural y para pedir la inmediata aplicaci\u00f3n de algunas nuestras com\u00fanes recomendaciones.<\/p>\n<p>Los Estados Unidos tienen que dejar cada forma de injerencia y amenaza econ\u00f3mica, militar y pol\u00edtica contra la evoluci\u00f3n y las elecciones de los pa\u00edses latinoamericanos y\u00a0 del resto del mundo que apuntan a modelos de desarrollo y relaciones internacionales independientes desde el \u201cWashington Consensus\u201d. M\u00e9xico, Venezuela y Nicaragua estan en v\u00edspera de verificaciones electorales importantes. El II\u00b0 Foro internacional pretende que estas sean realizadas en el respeto de la soberan\u00eda popular y nacional de estos pa\u00edses. Las tentativas de desestabilizaci\u00f3n \u00abdemocr\u00e1ticas\u00bb hechas por la administraci\u00f3n USA, como ha ocurrido en otros pa\u00edses de Europa y del Oriente Medio, y de algunos gobiernos europeos, son inaceptables.<\/p>\n<p>Los Estados Unidos siguen reforzando el bloque econ\u00f3mico contra Cuba. Han constituido una adecuada fuerza operativa compuesta por todos los ministerios competentes en la realizaci\u00f3n del bloque. Los EE.UU. siguen ignorando que el 99% de los pa\u00edses miembros de las Naciones Unidos desde hace trece a\u00f1os piden la eliminaci\u00f3n del bloque econ\u00f3mico y comercial contra Cuba. Estas ofensas a la asamblea Plenaria de las Naciones Unidas y al derecho internacional no pueden seguir siendo tolerados. \u00a1Pedimos el inmediato cese del bloqueo estadounidense contra Cuba y remachamos el pleno apoyo a la Revoluci\u00f3n socialista cubana: CON CUBA, CON FIDEL Y CON EL GOBIERNO CUBANO, SIN DUDAS!<\/p>\n<p>Cinco j\u00f3venes patriotas cubanos empe\u00f1ados en desactivar atentados contra civiles, atentados que en los \u00faltimos cuarenta a\u00f1os han causado la muerte de m\u00e1s de 3.000 personas, han sido condenados a penas tumbales. Pedimos la inmediata excarcelaci\u00f3n de los 5 y su restituci\u00f3n a su patria y a sus afectos y por este el Comit\u00e9 28 de junio seguir\u00e1 desarrollando iniciativas de lucha, culturales y de apoyo.<\/p>\n<p>Posada Carriles, criminal culpable-confeso, autor de delitos como el derribo de un avi\u00f3n nacional de l\u00ednea de la Cubana de Aviaci\u00f3n y de los atentados seriales que conducieron a la muerte del joven italiano Fabio Di Celmo, sigue gozando la protecci\u00f3n del gobierno Norte-americano. Pedimos justicia por Fabio Di Celmo y para todas las v\u00edctimas cubanas y latinoamericanas del terrorismo de Estado y la inmediata extradici\u00f3n de Posada Carriles en Venezuela, pa\u00eds competente a someterlo a juicio por las m\u00e1s de 70 v\u00edctimas causadas por el procurado desastre a\u00e9reo.<\/p>\n<p>El Comit\u00e9 28 de junio, organizador del II Foro Internacional \u00abCuba y Am\u00e9rica latina, la alternativa posible\u00bb realizado en Roma en los d\u00edas 14 y 15 de octubre de 2006, pide por fin a la izquierda italiana y europea una valoraci\u00f3n pol\u00edtica m\u00e1s incisiva sobre el mensaje que las luchas de Am\u00e9rica latina mandan al mundo y de poner en la agenda de su reflexi\u00f3n proyectual lo que sintetizan las siguientes palabras de Gabriel Garc\u00eda M\u00e1rquez: \u00abAm\u00e9rica latina no quiere ni tiene motivo de ser un alf\u00e9rez sin voluntad y no hay nada ut\u00f3pico en el hecho que la aspiraci\u00f3n a su independencia y a su originalidad tambi\u00e9n se convierta en una aspiraci\u00f3n occidental.\u00bb<\/p>\n<p>Luciano Vasapollo<\/p>\n<p>Roma, 15 de octubre 2006<\/p>\n<p>COMITE 28 de JUNIO \u00abDefendamos Cuba\u00bb<\/p>\n<p><a href=\"http:\/\/correo14.telefonica.net\/cp\/ps\/Mail\/IMsgDetailsShort?d=telefonica.net&amp;u=nandozc&amp;t=d1121##\">info@cuba28giugno.<\/a><\/p>\n","protected":false},"excerpt":{"rendered":"<p>\u00bfLas nacionalizaciones en Am\u00e9rica latina reabren la perspectiva del Socialismo en el Siglo XXI? <\/p>\n<p>Ha finalizado con general satisfacci\u00f3n y \u00e9xito de p\u00fablico el II Foro Internacional &quot;Cuba y Am\u00e9rica latina, la alternativa posible&quot;. En los d\u00edas 14 y 15 de octubre, en la sala de la Arci Nacional de Roma, hemos podido escuchar importantes relaciones atadas a los acontecimientos en curso en Am\u00e9rica latina, con particular atenci\u00f3n a las nacionalizaciones de los recursos y a la resistencia al imperialismo y al neocolonialismo. Samir Amin, James Petras, Hosea Jaffe, James Cockcroft, Fran\u00e7ois Houtart son solamente algunos de los prestigiosos intelectuales internacionales que se han a\u00f1adido a las voces procedentes del continente rebelde como Efrain Echevarria, Esther Aguilera y Maria Helena Fernandez desde Cuba, Mauricio De Souza Sabadini desde Brasil, Alejandro Valle desde M\u00e9xico, Francisco Dominguez chileno que vive y trabaja en Londres, Manuel Mera responsable del sindicado gallego Fesga y los italianos Alessandra Riccio, Luca Baiada y Fabio Marcelli. La relaci\u00f3n introductora ha sido leida por Luciano Vasapollo, presidente del Comit\u00e9 28 de junio. A los trabajos han aportado su saludo el diputado de la izquierda Ds Luciano Pettinari, la senadora del grupo de los Verdes Loredana De Petris, el secretario del Partido Comunista Marxista de la India P.K Murthy, el embajador de Cuba en Italia Rodney Lopez y el diputado de la Asamblea Nacional de Cuba Omar Gonzalez. <\/p>\n<p>RESOLUCI\u00d3N FINAL DEL II FORO INTERNACIONAL<\/p>\n","protected":false},"author":9,"featured_media":0,"comment_status":"open","ping_status":"open","sticky":false,"template":"","format":"standard","meta":{"footnotes":""},"categories":[44],"tags":[],"class_list":["post-531","post","type-post","status-publish","format-standard","hentry","category-economia"],"aioseo_notices":[],"_links":{"self":[{"href":"https:\/\/espai-marx.net\/index.php?rest_route=\/wp\/v2\/posts\/531","targetHints":{"allow":["GET"]}}],"collection":[{"href":"https:\/\/espai-marx.net\/index.php?rest_route=\/wp\/v2\/posts"}],"about":[{"href":"https:\/\/espai-marx.net\/index.php?rest_route=\/wp\/v2\/types\/post"}],"author":[{"embeddable":true,"href":"https:\/\/espai-marx.net\/index.php?rest_route=\/wp\/v2\/users\/9"}],"replies":[{"embeddable":true,"href":"https:\/\/espai-marx.net\/index.php?rest_route=%2Fwp%2Fv2%2Fcomments&post=531"}],"version-history":[{"count":0,"href":"https:\/\/espai-marx.net\/index.php?rest_route=\/wp\/v2\/posts\/531\/revisions"}],"wp:attachment":[{"href":"https:\/\/espai-marx.net\/index.php?rest_route=%2Fwp%2Fv2%2Fmedia&parent=531"}],"wp:term":[{"taxonomy":"category","embeddable":true,"href":"https:\/\/espai-marx.net\/index.php?rest_route=%2Fwp%2Fv2%2Fcategories&post=531"},{"taxonomy":"post_tag","embeddable":true,"href":"https:\/\/espai-marx.net\/index.php?rest_route=%2Fwp%2Fv2%2Ftags&post=531"}],"curies":[{"name":"wp","href":"https:\/\/api.w.org\/{rel}","templated":true}]}}