{"id":536,"date":"2006-11-21T00:00:00","date_gmt":"2006-11-21T00:00:00","guid":{"rendered":"https:\/\/espai-marx.net\/?p=536"},"modified":"2020-02-28T09:16:40","modified_gmt":"2020-02-28T08:16:40","slug":"un-guion-conocido-en-las-reacciones-a-la-manifestaciones-por-palestina","status":"publish","type":"post","link":"https:\/\/espai-marx.net\/?p=536","title":{"rendered":"Un Gui\u00f3n conocido en las reacciones a la manifestaciones por Palestina"},"content":{"rendered":"<p><b>Un gui\u00f3n conocido en las reacciones ante la manifestaci\u00f3n por Palestina, celebrada en Roma el 19 de noviembre de 2006.<\/b><\/p>\n<p><b>\u00a0<\/b><\/p>\n<p><b>Cinco preguntas para una carta abierta a la \u201cpol\u00edtica\u201d, a la informaci\u00f3n y a los inservibles.<\/b><\/p>\n<p>Leyendo los diarios de hoy domingo 19 de noviembre, me parece leer los diarios de hace nueve meses, exactamente del 19 de febrero. Una manifestaci\u00f3n de solidaridad con el pueblo palestino que ha sido un \u00e9xito, con contenidos claros que han ilustrado los inaceptables acuerdos militares ( en gran parte secretos para el Parlamento) entre Italia y Israel y la verg\u00fcenza del embargo aplicado a las v\u00edctimas ( los palestinos) en lugar de a los ocupantes que bombardean cada d\u00eda ( Israel), hubiera sido silenciada o reducida a cr\u00f3nicas en peque\u00f1os recortes de peri\u00f3dico. Y en lugar de esto, las primeras p\u00e1ginas y las cr\u00f3nicas dedican amplia atenci\u00f3n a esta manifestaci\u00f3n pero s\u00f3lo para dar una imagen<\/p>\n<p>completamente distorsionada construida a base de mu\u00f1ecos quemados y slogans equivocados.<\/p>\n<p>Es un gui\u00f3n que se repite sistem\u00e1ticamente en cada manifestaci\u00f3n por Palestina. Hemos conservado los peri\u00f3dicos y las declaraciones de los pol\u00edticos de marzo de 2002 y podreis encontrar u n campeonato de falsedades, medias verdades, anatemas y distorsiones. En sustancia, Palestina debe desaparecer de la agenda pol\u00edtica per que siendo una situaci\u00f3n \u201cen blanco y negro\u201d, con ocupantes y ocupados, con agresores y agredidos, no consiente zonas grises y ambiguedad m\u00e1s all\u00e1 de sentido y de la cosciencia comunes.<\/p>\n<p>Las reacciones ante algunos episodios totalmente marginales y extra\u00f1os a la manifestaci\u00f3n del s\u00e1bado 18 de noviembre, iguales a la del 18 de febrero de a\u00f1o dan la impresi\u00f3n de querer esconder la basura bajo la alfombra, tras los tonos indignados y las instrumentalizaciones politicas con objetivos internos.<\/p>\n<p><b>1.<\/b> Queremos preguntar al Presidente de la Camara Bertinotti: \u00bfCuando, adem\u00e1s de comentar los \u201cslogans impronunciables\u201d, querr\u00e1 decir alguna tambi\u00e9n contra el acuerdo militar Italia-Israel que gobierno actual a\u00fan no se decide a revocar? Los \u201cidiotas\u201d queman mu\u00f1ecos en la plaza, pero las nuovas armas israelianas en Gaza o en el L\u00edbano desgarran personas de carne y hueso como ha sido ampliamente documentado incluso en nuestro pa\u00eds.<\/p>\n<p><b>2.<\/b> Queremos preguntar a los ministros y viceministros de la izquierda de gobierno: \u00bfcomo es posible que Italia mantenga bloqueados los fondos y el dineros destinados a los servicios sociales, a las mujeres, a los hospitales palestinos\u00a0 que ya estaban en emergencia humanitaria a\u00fan antes prima del embargo aprobado por la Uni\u00f3n Europea?<\/p>\n<p><b>3.<\/b> Queremos preguntar al gobierno en su conjunto: \u00bfcomo pod\u00e9is mantener una pol\u00edtica de equidistancia sobre Oriente Medio y sobre Palestina diferente de la pol\u00edtica servil y unilateral del gobierno Berlusconi, pero continuar considerando prioritarios los intereses estrat\u00e9gicos israel\u00edes en el plano militar, econ\u00f3mico, diplom\u00e1tico?<\/p>\n<p><b>4.<\/b> Queremos tambi\u00e9n preguntar a las redacciones de los peri\u00f3dicos y de las televisiones: c\u00f3mo pod\u00e9is efectuar decenas de entrevistas, tener horas de material filmado, escuchar las razones de una manifestaci\u00f3n, poner las preguntas m\u00e1s insidiosas a sus organizadores pero despu\u00e9s represent\u00e1is solo un episodio contradictorio con el esp\u00edritu y el sentido mayoritario de una manifestaci\u00f3n con millares de personas? Los cameraman y los cronistas a qui\u00e9n lo hemos preguntado en la plaza nos han respondido encogi\u00e9ndose de hombros. Ya es hora que los periodistas hagan huelga no solo contra la arrogancia de los editores si no tambi\u00e9n en defensa de la dignidad y de la libertad de informaci\u00f3n.<\/p>\n<p><b>5.<\/b> Finalmente, queremos preguntar a quienes en la manifestaci\u00f3n del s\u00e1bado ha quemado mu\u00f1ecos y a lanzado slogans insulsos e inservibles (lo mismo pas\u00f3 en febrero). Si sab\u00edais (y lo sab\u00edais) que estaba preparada la trampa medi\u00e1tica que ha servido para manipular y ocultar una manifestaci\u00f3n sobre Palestina, por qu\u00e9 os hab\u00e9is prestado consciente y puntualmente a la trampa? O sois est\u00fapidos o est\u00e1is malaconsejados. En el primer caso repensadlo en el segundo alejad a los malos consejeros. La pr\u00f3xima vez ser\u00e1 toda la manifestaci\u00f3n la que no permitir\u00e1 que os prest\u00e9is de nuevo a la trampa.<\/p>\n<p>La \u00faltima pregunta es para nosotros mismos. Hace ya cinco a\u00f1os que buscan con cualquier modo y con cualquier medio de callar o demonizar nuestras iniciativas de solidaridad con Palestina. Non lo han conseguido por que es la realidad presente la que determina la situaci\u00f3n. El matadero palestino en Gaza, la represi\u00f3n militar y colonial en Cisjordania, la creciente tensi\u00f3n en el Libano, la invasi\u00f3n y la resistencia en Iraq, no permiten esconder la basura bajo la alfombra ni mantener la ambig\u00fcedad. Se las contradicciones act\u00faan concretamente en la lucha, es suficiente desplegar un m\u00ednimo de capacidad organizativa y de claridad en los contenidos para incidir pol\u00edticamente y orientar a la gente. Esta ha sido y sigue siendo la funci\u00f3n del Forum Palestina y sobre esta base continuaremos actuando pol\u00edticamente.<\/p>\n<p>Roma, 19 novembre 2006<\/p>\n<p>(Traducci\u00f3n Joan Tafalla)<\/p>\n","protected":false},"excerpt":{"rendered":"<p>Un gui\u00f3n conocido en las reacciones ante la manifestaci\u00f3n por Palestina, celebrada en Roma el 19 de noviembre de 2006.<\/p>\n<p>Cinco preguntas para una carta abierta a la \u201cpol\u00edtica\u201d, a la informaci\u00f3n y a los inservibles.<\/p>\n<p>Leyendo los diarios de hoy domingo 19 de noviembre, me parece leer los diarios de hace nueve meses, exactamente del 19 de febrero. Una manifestaci\u00f3n de solidaridad con el pueblo palestino que ha sido un \u00e9xito, con contenidos claros que han ilustrado los inaceptables acuerdos militares ( en gran parte secretos para el Parlamento) entre Italia y Israel y la verg\u00fcenza del embargo aplicado a las v\u00edctimas ( los palestinos) en lugar de a los ocupantes que bombardean cada d\u00eda ( Israel), hubiera sido silenciada o reducida a cr\u00f3nicas en peque\u00f1os recortes de peri\u00f3dico. Y en lugar de esto, las primeras p\u00e1ginas y las cr\u00f3nicas dedican amplia atenci\u00f3n a esta manifestaci\u00f3n pero s\u00f3lo para dar una imagen<\/p>\n","protected":false},"author":9,"featured_media":0,"comment_status":"open","ping_status":"open","sticky":false,"template":"","format":"standard","meta":{"footnotes":""},"categories":[42],"tags":[],"class_list":["post-536","post","type-post","status-publish","format-standard","hentry","category-europa-europa"],"aioseo_notices":[],"_links":{"self":[{"href":"https:\/\/espai-marx.net\/index.php?rest_route=\/wp\/v2\/posts\/536","targetHints":{"allow":["GET"]}}],"collection":[{"href":"https:\/\/espai-marx.net\/index.php?rest_route=\/wp\/v2\/posts"}],"about":[{"href":"https:\/\/espai-marx.net\/index.php?rest_route=\/wp\/v2\/types\/post"}],"author":[{"embeddable":true,"href":"https:\/\/espai-marx.net\/index.php?rest_route=\/wp\/v2\/users\/9"}],"replies":[{"embeddable":true,"href":"https:\/\/espai-marx.net\/index.php?rest_route=%2Fwp%2Fv2%2Fcomments&post=536"}],"version-history":[{"count":0,"href":"https:\/\/espai-marx.net\/index.php?rest_route=\/wp\/v2\/posts\/536\/revisions"}],"wp:attachment":[{"href":"https:\/\/espai-marx.net\/index.php?rest_route=%2Fwp%2Fv2%2Fmedia&parent=536"}],"wp:term":[{"taxonomy":"category","embeddable":true,"href":"https:\/\/espai-marx.net\/index.php?rest_route=%2Fwp%2Fv2%2Fcategories&post=536"},{"taxonomy":"post_tag","embeddable":true,"href":"https:\/\/espai-marx.net\/index.php?rest_route=%2Fwp%2Fv2%2Ftags&post=536"}],"curies":[{"name":"wp","href":"https:\/\/api.w.org\/{rel}","templated":true}]}}