{"id":552,"date":"2016-03-02T00:00:00","date_gmt":"2016-03-02T00:00:00","guid":{"rendered":"https:\/\/espai-marx.net\/?p=552"},"modified":"2020-02-15T12:07:58","modified_gmt":"2020-02-15T11:07:58","slug":"tots-contra-la-guerra","status":"publish","type":"post","link":"https:\/\/espai-marx.net\/?p=552","title":{"rendered":"Tots contra la guerra"},"content":{"rendered":"<p>18-02-2016<\/p>\n<p>De tant repetir-se al llarg de la hist\u00f2ria, els conflictes b\u00e8l\u00b7lics semblen consubstancials als \u00e9sser humans. \u00c9s aix\u00ed? S\u00f3n els humans, en general,\u00a0 els qu\u00e8 generem i volem la guerra? Potser \u00e9s la gent senzilla la que est\u00e0 al darrera, o m\u00e9s aviat la que la pateix? Hom diria m\u00e9s b\u00e9 que aquesta viol\u00e8ncia obeeix a interessos concrets, a interessos que s\u2019intenten amagar per\u00f2 que no sempre s\u2019aconsegueix, malgrat que vivim en una \u00e8poca de globalitzaci\u00f3 en qu\u00e8 la refer\u00e8ncia a qualsevol acte b\u00e8l\u00b7lic est\u00e0 sotmesa a una manipulaci\u00f3 informativa controlada i dirigida p\u00e8ls poderosos. Els mateixos que s\u00f3n incitadors o agents directes de l\u2019agressi\u00f3 b\u00e8l\u00b7lica, i el motiu sempre \u00e9s l\u2019inter\u00e8s per mantenir el seu poder hegem\u00f2nic. Per\u00f2 al temps sempre existeix la informaci\u00f3 lliure, valenta, que intenta escodrinyar els problemes i apropar-se a la realitat.<\/p>\n<p>Si repassem els conflictes b\u00e8l\u00b7lics dels darrers 25 anys: l&#8217;Iraq, gener de 1991 i mar\u00e7 de 2003; Afganistan, octubre de 2001 fins avui; L\u00edbia febrer de 2011, Ucra\u00efna 2014, el Iemen, mar\u00e7 de 2015, S\u00edria des de 2011 &#8230;, les guerres africanes, etc., tots ells s&#8217;encobreixen davant l&#8217;opini\u00f3 mundial sota declaracions que proclamen que la guerra es fa en nom de la llibertat. Per\u00f2 no poden amagar que, en general, s\u00f3n conseq\u00fc\u00e8ncia dels interessos imperialistes.<br \/>\nEn aquest moment s&#8217;est\u00e0 donant un escenari altament preocupant a S\u00edria. Fa cinc anys que perdura aquest conflicte b\u00e8l\u00b7lic i en el seus inicis ja van sorgir an\u00e0lisis que apuntaven la seva import\u00e0ncia global pels pa\u00efsos involucrats, directament o indirectament, al costat dels interessos oposats i aliances divergents, en no haver-hi acord entre els que posseeixen l&#8217;hegemonia de veto a l&#8217;ONU, (EUA-Regne Unit-Fran\u00e7a, per una banda i, R\u00fassia-Xina, de l&#8217;altra), cosa que no havia passat des del final de la guerra freda. La realitat d&#8217;avui \u00e9s que, els EUA, Regne Unit, Fran\u00e7a, R\u00fassia, Turquia, Iran, Ar\u00e0bia Saudita, Emirats \u00c0rabs &#8230; amb l&#8217;\u00faltima incorporaci\u00f3 de l&#8217;OTAN (de la qual forma part l&#8217;Estat espanyol d&#8217;un total de 28 pa\u00efsos) , estan involucrades. Aix\u00f2 representa m\u00e9s del 80% de la inversi\u00f3 armamentista del planeta. No \u00e9s aix\u00f2 una guerra mundial?<\/p>\n<p>Si intentem analitzar el complex front b\u00e8l\u00b7lic del territori siri\u00e0, veiem d&#8217;una banda el seu ex\u00e8rcit, al qual se li enfronta l&#8217;Estat Isl\u00e0mic (compost inicialment per exmilitars iraquians) i altres grups formats per sirians i membres d&#8217;altres pa\u00efsos de l&#8217;\u00e0rea que els mitjans occidentals diuen &#8216;moderats&#8217;, tots dos s\u00f3n recolzats mitjan\u00e7ant armament i log\u00edstica per Ar\u00e0bia Saudita i aliats, les armes els compren a aquests (EUA, Fran\u00e7a &#8230;). D&#8217;altra banda hi ha els kurds, que defensen el seu territori hist\u00f2ric, i Turquia que controla la seva extensa frontera amb S\u00edria i interv\u00e9 en la contesa segons els seus interessos; controlar i atacar els moviments militars del poble kurd, i utilitzar als ciutadans sirians, que fugen del terror b\u00e8l\u00b7lic, com a mitj\u00e0 de pressi\u00f3 sobre la Comunitat Europea (refugiats). En l&#8217;\u00fanic que coincideixen tots, nom\u00e9s des de fa uns mesos, \u00e9s a anar contra l&#8217;Estat Isl\u00e0mic, per\u00f2 \u00e9s una expressi\u00f3 nom\u00e9s verbal, en la pr\u00e0ctica, aquests, segueixen controlant zones de territori siri\u00e0 i aix\u00f2 no nom\u00e9s \u00e9s cinisme i demag\u00f2gia, s\u00f3n interessos, ja que l&#8217;Estat Isl\u00e0mic \u00e9s producte i creaci\u00f3 de l&#8217;\u00e0rea Saudita i els seus aliats, com ha quedat clar i p\u00fablic el &#8216;negoci&#8217; de Turquia i l\u2019Estat Isl\u00e0mic amb el petroli siri\u00e0 per finan\u00e7ar les seves atrocitats.<br \/>\nDavant d&#8217;aquest conflicte intentar trobar &#8216;els bons&#8217; \u00e9s perdre temps, perqu\u00e8 senzillament no existeixen, tot i la manipulaci\u00f3 di\u00e0ria dels mitjans de les pot\u00e8ncies que estan implicades i que tracten d&#8217;amagar els seus interessos. Parlem clar: nom\u00e9s hi ha una realitat: v\u00edctimes; pobles que intenten defensar-se per conservar la seva integritat f\u00edsica, cultural i territorial; fam\u00edlies, grups que havent de deixar trossos irrecuperables de la seva vida, fugen de la barb\u00e0rie sense saber que l&#8217;enemic \u00e9s a tot arreu, a la primera frontera, a la segona &#8230;; morts, milers de morts humanes, de fam\u00edlies destrossades f\u00edsica i culturalment. El cinisme anti hum\u00e0 dels poderosos que estabilitzen el caos li diran &#8216;danys col\u00b7laterals&#8217;.<\/p>\n<p>Quins motius o interessos de fons?, quins objectius t\u00e9 la guerra, totes les guerres? S\u00f3n diversos: domini sobre les mat\u00e8ries primeres -petroli, minerals-; reorganitzaci\u00f3 geopol\u00edtica, -domini de vies de comunicaci\u00f3, control de zones- aix\u00ed com els vinculats directament al negoci de la venda d&#8217;armes, etc\u00e8tera. No \u00e9s possible en aquesta breu exposici\u00f3 respondre a aquests interrogants i donar compte de l&#8217;entramat de conveni\u00e8ncies que es mouen despr\u00e9s d&#8217;aquesta llarga guerra continuada. Els interessos dels poderosos amb la guerra aconsegueixen el seu objectiu, i la preservaci\u00f3 dels seus beneficis econ\u00f2mics. La conseq\u00fc\u00e8ncia per als pobles s\u00f3n els morts, la mis\u00e8ria, el sofriment hum\u00e0.<br \/>\nLa guerra no t\u00e9 justificaci\u00f3. Es pot entendre que un poble, per decisi\u00f3 conjunta i directa, es defensi per mitjans b\u00e8l\u00b7lics per conservar la seva integritat. Per\u00f2 en absolut \u00e9s acceptable la intervenci\u00f3 exterior, que sempre deixa despr\u00e9s d&#8217;ella caos i desolaci\u00f3. \u00c9s ingenu pensar que en l&#8217;actual situaci\u00f3 de mundialitzaci\u00f3 capitalista en qu\u00e8 vivim, en la qual el poder mundial est\u00e0 concentrat en molt pocs centres de decisi\u00f3, nosaltres no estiguem afectats ni concernits per la guerra, i no tinguem res a veure amb ella. Tant amb les guerres anteriors esdevingudes durant els \u00faltims 25 anys, com amb les presents i les del futur. Ho estem i ho estarem, si no ho evitem entre tots. Som part\u00edcips en les agressions, mitjan\u00e7ant la participaci\u00f3 militar, pol\u00edtica i econ\u00f2mica (de l&#8217;Estat espanyol), aix\u00ed com en les aliances militars -OTAN- que promouen la intervenci\u00f3. Tamb\u00e9, novament, mitjan\u00e7ant les bases militars estrangeres instal\u00b7lades a la pen\u00ednsula ib\u00e8rica. Som responsables, per acci\u00f3 o omissi\u00f3, d&#8217;aquesta barb\u00e0rie que est\u00e0 destruint cultures, fam\u00edlies i cossos. Patim tamb\u00e9 les seves conseq\u00fc\u00e8ncies materials i ecol\u00f2giques, que ens afecten, les veiem o no. \u00bfCom podem ser indiferents davant d&#8217;aquesta realitat tan brutal? Hem de reaccionar, hem de recuperar el no tan lluny\u00e0 crit de NO A LA GUERRA, NO en el nostre nom, NO a les organitzacions que ens afecten directament i nom\u00e9s s\u00f3n aparells de guerra com l&#8217;OTAN. Utilitzem la nostra intel\u00b7lig\u00e8ncia i solidaritat amb els pobles per evitar-la. Parlem alt i clar i no dubtem en emprar Totes les plataformes per a denunciar i expressar el nostre rebuig valent i sincer. \u00c9s tracta de posar fre a la guerra i per aix\u00f2 totes les veus i tots els esfor\u00e7os de la gent com\u00fa s\u00f3n necessaris. Els nostres governs liberals no ho faran, no tenen voluntat, s\u00f3n part del problema. Nom\u00e9s els pobles mobilitzats ho podem aconseguir. Alcem la nostra veu perqu\u00e8 els governs que diuen representar-nos no donin suport ni participin en la Guerra.<\/p>\n<p>Frases laterals:<\/p>\n<p>Hom diria m\u00e9s b\u00e9 que aquesta viol\u00e8ncia obeeix a interessos concrets, a interessos que s\u2019intenten amagar per\u00f2 que no sempre s\u2019aconsegueix, malgrat que vivim en una \u00e8poca de globalitzaci\u00f3 en qu\u00e8 la refer\u00e8ncia a qualsevol acte b\u00e8l\u00b7lic est\u00e0 sotmesa a una manipulaci\u00f3 informativa controlada i dirigida p\u00e8ls poderosos.<\/p>\n<p>Parlem clar: nom\u00e9s hi ha una realitat: v\u00edctimes; pobles que intenten defensar-se per conservar la seva integritat f\u00edsica, cultural i territorial; fam\u00edlies, grups que havent de deixar trossos irrecuperables de la seva vida, fugen de la barb\u00e0rie sense saber que l&#8217;enemic \u00e9s a tot arreu, a la primera frontera, a la segona &#8230;; morts, milers de morts humanes, de fam\u00edlies destrossades f\u00edsica i culturalment.<\/p>\n<p>Els interessos dels poderosos amb la guerra aconsegueixen el seu objectiu, i la preservaci\u00f3 dels seus interessos econ\u00f2mics. La conseq\u00fc\u00e8ncia per als pobles s\u00f3n els morts, la mis\u00e8ria, el sofriment hum\u00e0.<\/p>\n<p>Hem de reaccionar, hem de recuperar el no tan lluny\u00e0 crit de NO A LA GUERRA, NO en el nostre nom, NO a les organitzacions que ens afecten directament i nom\u00e9s s\u00f3n aparells de guerra com l&#8217;OTAN.<\/p>\n<p>Alcem la nostra veu perqu\u00e8 els governs que diuen representar-nos no donin suport ni participin en la Guerra.<\/p>\n<p><br style=\"mso-special-character: line-break;\" \/><br style=\"mso-special-character: line-break;\" \/><\/p>\n","protected":false},"excerpt":{"rendered":"<p style='margin: 1.4pt 0cm 0.0001pt; text-align: justify; line-height: 21px;'>Hem de reaccionar, hem de recuperar el no tan lluny\u00e0 crit de NO A LA GUERRA, NO en el nostre nom, NO a les organitzacions que ens afecten directament i nom\u00e9s s\u00f3n aparells de guerra com l&#8217;OTAN.<\/p>\n<p style='margin: 1.4pt 0cm 0.0001pt; text-align: justify; line-height: 21px;'>Alcem la nostra veu perqu\u00e8 els governs que diuen representar-nos no donin suport ni participin en la Guerra.<\/p>\n","protected":false},"author":9,"featured_media":553,"comment_status":"open","ping_status":"open","sticky":false,"template":"","format":"standard","meta":{"footnotes":""},"categories":[16],"tags":[],"class_list":["post-552","post","type-post","status-publish","format-standard","has-post-thumbnail","hentry","category-imperio-imperialismo"],"aioseo_notices":[],"_links":{"self":[{"href":"https:\/\/espai-marx.net\/index.php?rest_route=\/wp\/v2\/posts\/552","targetHints":{"allow":["GET"]}}],"collection":[{"href":"https:\/\/espai-marx.net\/index.php?rest_route=\/wp\/v2\/posts"}],"about":[{"href":"https:\/\/espai-marx.net\/index.php?rest_route=\/wp\/v2\/types\/post"}],"author":[{"embeddable":true,"href":"https:\/\/espai-marx.net\/index.php?rest_route=\/wp\/v2\/users\/9"}],"replies":[{"embeddable":true,"href":"https:\/\/espai-marx.net\/index.php?rest_route=%2Fwp%2Fv2%2Fcomments&post=552"}],"version-history":[{"count":0,"href":"https:\/\/espai-marx.net\/index.php?rest_route=\/wp\/v2\/posts\/552\/revisions"}],"wp:featuredmedia":[{"embeddable":true,"href":"https:\/\/espai-marx.net\/index.php?rest_route=\/wp\/v2\/media\/553"}],"wp:attachment":[{"href":"https:\/\/espai-marx.net\/index.php?rest_route=%2Fwp%2Fv2%2Fmedia&parent=552"}],"wp:term":[{"taxonomy":"category","embeddable":true,"href":"https:\/\/espai-marx.net\/index.php?rest_route=%2Fwp%2Fv2%2Fcategories&post=552"},{"taxonomy":"post_tag","embeddable":true,"href":"https:\/\/espai-marx.net\/index.php?rest_route=%2Fwp%2Fv2%2Ftags&post=552"}],"curies":[{"name":"wp","href":"https:\/\/api.w.org\/{rel}","templated":true}]}}