{"id":583,"date":"2007-01-01T00:00:00","date_gmt":"2007-01-01T00:00:00","guid":{"rendered":"https:\/\/espai-marx.net\/?p=583"},"modified":"2020-02-28T03:23:34","modified_gmt":"2020-02-28T02:23:34","slug":"existio-el-milagro-economico-chileno","status":"publish","type":"post","link":"https:\/\/espai-marx.net\/?p=583","title":{"rendered":"\u00bf Existi\u00f3 el milagro econ\u00f3mico chileno?"},"content":{"rendered":"<p>LOS EMBUSTES DE PINOCHET<\/p>\n<p>Altercom<\/p>\n<p>15 de diciembre de 2006<\/p>\n<p>Tras la muerte de Pinochet la derecha cavernaria se ha lanzado a su reivindicaci\u00f3n. Lamentan con l\u00e1grimas de cocodrilo su salvaje represi\u00f3n (es imposible negarla), pero dicen: <i>\u201cal menos dej\u00f3 un pa\u00eds con la primera econom\u00eda de Am\u00e9rica Latina\u201d<\/i>. Es una falacia que repiten una y otra vez para hacer creer en el llamado <i>\u201cmilagro econ\u00f3mico chileno\u201d<\/i>.<\/p>\n<p><img decoding=\"async\" src=\"docs\/d840cc5d906c3e9c84374c8919d2074e_files\/image004.jpg\" \/><\/p>\n<p>Gran parte de la propaganda del neoliberalismo se ha basado en proclamar ese s\u00fabito bienestar que se habr\u00eda logrado bajo los \u00ab<i>Chicago boys<\/i>\u00bb y Milton Friedman, reci\u00e9n fallecido, y ello habr\u00eda elevado a Chile hacia una prosperidad ilimitada.<\/p>\n<p>El otro embuste es que Pinochet impidi\u00f3 que el marxismo leninismo se apoderara de Chile.<\/p>\n<p>Tambi\u00e9n afirman que extrajo al pa\u00eds austral del desorden p\u00fablico, el caos institucional y el desconcierto pol\u00edtico.<\/p>\n<p>Aunque Salvador Allende conoc\u00eda, desde luego, como todo hombre culto, los escritos de Marx, nunca proclam\u00f3 que pretend\u00eda socializar a Chile. Trat\u00f3 de mantenerse dentro de los par\u00e1metros de la democracia burguesa sin saltar etapas, solamente pretend\u00eda elevar el nivel de vida de las clases despose\u00eddas. \u00c9l llamo a su programa de gobierno \u00ab<i>la v\u00eda chilena hacia el socialismo<\/i>\u00bb.<\/p>\n<p>Los des\u00f3rdenes ocurridos durante la Unidad Popular fueron instigados por la derecha, por peri\u00f3dicos pro fascistas como <i>El Mercurio<\/i>, por <i>Radio Presidente Balmaceda<\/i>, de los empresarios <i>Braun Men\u00e9ndez<\/i>, ex propietarios de las inmensas haciendas ganaderas de Magallanes expropiadas por Allende, por la <i>revista Ercilla<\/i>, por organizaciones subversivas como <i>Patria y Libertad<\/i>, financiadas por la <i>CIA<\/i>, por la <i>Sociedad de Fomento Fabril<\/i>, por la <i>Confederaci\u00f3n del Comercio<\/i>, o sea, la insurrecci\u00f3n de la burgues\u00eda.<\/p>\n<p>La Unidad Popular dividi\u00f3 algunas empresas que ser\u00edan propiedad del Estado y otras, mixtas, donde intervendr\u00eda el inversionista privado conjuntamente con la participaci\u00f3n gubernamental. Para ello era indispensable nacionalizar algunos recursos naturales.<\/p>\n<p>Se realiz\u00f3 la reforma agraria en un pa\u00eds donde tres mil familias pose\u00edan el ochenta por ciento de la tierra y el veinticinco por ciento de la poblaci\u00f3n era campesina.<\/p>\n<p>Las compa\u00f1\u00edas Kennecot y Anaconda se beneficiaban con las minas de cobre, de las cuales extra\u00edan doscientos millones de d\u00f3lares de utilidad cada a\u00f1o. Braden y Guggenheim eran due\u00f1os de los yacimientos de El Teniente y entregaban a la naci\u00f3n chilena, en impuestos, la rid\u00edcula suma del 0.8 % de sus ganancias.<\/p>\n<p>Tras el golpe de estado Pinochet devolvi\u00f3 las minas a los monopolios norteamericanos, con su privatizaci\u00f3n del cobre, y restituy\u00f3 las tierras a los latifundistas. Entreg\u00f3 el pa\u00eds a grupos financieros y en consecuencia se produjo la pauperizaci\u00f3n creciente de las clases trabajadoras que fueron privadas de su derecho a la organizaci\u00f3n sindical y los contratos de trabajo.<\/p>\n<p>Pinochet se benefici\u00f3 con el aumento de los precios del cobre que ascendieron seis veces el valor que tuvieron en tiempo de Allende. No se produjo un desarrollo end\u00f3geno porque bajo su dictadura existi\u00f3 un diez por ciento de desempleo end\u00e9mico, un veintisiete por ciento de pobreza urbana y un siete por ciento de indigencia. La econom\u00eda chilena se bas\u00f3 en una alta tasa de desempleo con bajos salarios. La clase obrera no tuvo derecho a la huelga.<\/p>\n<p>La clase media disfrut\u00f3 de una artificial bienandanza basada en el cr\u00e9dito de consumo que la sumi\u00f3 en un elevado endeudamiento. La abundante oferta de dinero del sector financiero-comercial cre\u00f3 esa abundancia artificial. Chile se lig\u00f3 a la burbuja ficticia de la econom\u00eda estadounidense con su modelo dependiente y exportador. Contentos y con una flor en el ojal pero con los bolsillos rotos.<\/p>\n<p>Chile aparece como la sexta econom\u00eda de Am\u00e9rica Latina, seg\u00fan el <i>Fondo Monetario Internacional<\/i> (FMI), mientras la <i>Comisi\u00f3n Econ\u00f3mica para Am\u00e9rica Latina y el Caribe<\/i> (Cepal) lo presenta como el \u00fanico pa\u00eds regional donde el ingreso per c\u00e1pita creci\u00f3 3% entre 1980 y 2002, una gran propaganda para el modelo econ\u00f3mico neoconservador que impera desde la dictadura militar.<\/p>\n<p>Los indicadores macroecon\u00f3micos ocultan que el crecimiento camin\u00f3 de la mano de una econom\u00eda vendedora de recursos naturales sin valor agregado que no gener\u00f3 nuevas fuentes de trabajo, ni tampoco un bienestar notorio para toda la sociedad.<\/p>\n<p>Los negocios de los medianos empresarios mejoraron en la c\u00fapula de la clase exportadora con la apertura comercial del <i>Tratado de Libre Comercio<\/i> (TLC) con Estados Unidos, atados al destino econ\u00f3mico del pa\u00eds del norte. Pero eso no quiere decir que haya ocurrido un desarrollo homog\u00e9neo. Las lujosas boutiques de Providencia y Vitacura no significan que exista un extendido bienestar popular. Las villa-miseria proliferan por todo el pa\u00eds.<\/p>\n<p>En la <i>Plaza de Armas<\/i>, en la <i>Alameda<\/i> y en la <i>Plaza de Italia<\/i> el pueblo chileno desbordado festej\u00f3 la desaparici\u00f3n del d\u00e9spota que lo oprimi\u00f3. Se descorcharon botellas de champ\u00e1n y el regocijo se advirti\u00f3 en cada rostro.<\/p>\n<p>C\u00e1nticos, pancartas y banderas se\u00f1alaron el j\u00fabilo nacional. Esa alegr\u00eda compartida nos dio una idea del intenso dolor que infundi\u00f3 en su pueblo este miserable aut\u00f3crata que acaba de morir.<\/p>\n<p>Un peque\u00f1o grupo de ni\u00f1as fresa y damas de post\u00edn lloraron ante el hospital donde falleci\u00f3.<\/p>\n<p>Muchos lamentaban que haya dejado este mundo sin ser condenado por sus numerosos cr\u00edmenes, al menos una censura moral debi\u00f3 haber se\u00f1alado su expediente.<\/p>\n<p>El nieto de Pinochet realiz\u00f3 una apolog\u00eda de su sanguinario abuelo ante su sarc\u00f3fago, pero el nieto del asesinado General Prats expres\u00f3 mejor el sentir del pueblo chileno cuando escupi\u00f3 en el f\u00e9retro del aborrecido tirano.<\/p>\n<p>Altercom<br \/>\nAgencia de Prensa de Ecuador. Comunicaci\u00f3n para la Libertad.<br \/>\nLisandro Otero<br \/>\nNovelista, diplom\u00e1tico y periodista cubano. Ha publicado novelas y ensayos, traducidos a catorce idiomas. Miembro correspondiente de la Real Academia Espa\u00f1ola y de la Academia Norteamericana de la Lengua Espa\u00f1ola. Es Presidente de la Academia Cubana de la Lengua y Premio Nacional de Literatura. Miembro de n\u00famero de la Academia Cubana. Actualmente es editorialista de la Organizaci\u00f3n Editorial Mexicana, cadena de peri\u00f3dicos al cual pertenece El Sol de M\u00e9xico. Realiz\u00f3 estudios de literatura en la Universidad de La Sorbona, en Par\u00eds, y de filosof\u00eda en la Universidad de La Habana. Se gradu\u00f3 de periodista profesional en la Escuela Manuel M\u00e1rquez Sterling.<\/p>\n","protected":false},"excerpt":{"rendered":"<p>\u00bfExisti\u00f3 el milagro econ\u00f3mico chileno?                                                    LOS EMBUSTES DE PINOCHET     Altercom*  Lisandro Otero* <\/p>\n<p>15 de diciembre de 2006 <\/p>\n<p>Tras la muerte de Pinochet la derecha cavernaria se ha lanzado a su reivindicaci\u00f3n. Lamentan con l\u00e1grimas de cocodrilo su salvaje represi\u00f3n (es imposible negarla), pero dicen: \u201cal menos dej\u00f3 un pa\u00eds con la primera econom\u00eda de Am\u00e9rica Latina\u201d. Es una falacia que repiten una y otra vez para hacer creer en el llamado \u201cmilagro econ\u00f3mico chileno\u201d.<\/p>\n<\/p>\n<p>Gran parte de la propaganda del neoliberalismo se ha basado en proclamar ese s\u00fabito bienestar que se habr\u00eda logrado bajo los \u00abChicago boys\u00bb y Milton Friedman, reci\u00e9n fallecido, y ello habr\u00eda elevado a Chile hacia una prosperidad ilimitada.<\/p>\n<p>El otro embuste es que Pinochet impidi\u00f3 que el marxismo leninismo se apoderara de Chile.<\/p>\n","protected":false},"author":9,"featured_media":0,"comment_status":"open","ping_status":"open","sticky":false,"template":"","format":"standard","meta":{"footnotes":""},"categories":[32],"tags":[],"class_list":["post-583","post","type-post","status-publish","format-standard","hentry","category-america-latina"],"aioseo_notices":[],"_links":{"self":[{"href":"https:\/\/espai-marx.net\/index.php?rest_route=\/wp\/v2\/posts\/583","targetHints":{"allow":["GET"]}}],"collection":[{"href":"https:\/\/espai-marx.net\/index.php?rest_route=\/wp\/v2\/posts"}],"about":[{"href":"https:\/\/espai-marx.net\/index.php?rest_route=\/wp\/v2\/types\/post"}],"author":[{"embeddable":true,"href":"https:\/\/espai-marx.net\/index.php?rest_route=\/wp\/v2\/users\/9"}],"replies":[{"embeddable":true,"href":"https:\/\/espai-marx.net\/index.php?rest_route=%2Fwp%2Fv2%2Fcomments&post=583"}],"version-history":[{"count":0,"href":"https:\/\/espai-marx.net\/index.php?rest_route=\/wp\/v2\/posts\/583\/revisions"}],"wp:attachment":[{"href":"https:\/\/espai-marx.net\/index.php?rest_route=%2Fwp%2Fv2%2Fmedia&parent=583"}],"wp:term":[{"taxonomy":"category","embeddable":true,"href":"https:\/\/espai-marx.net\/index.php?rest_route=%2Fwp%2Fv2%2Fcategories&post=583"},{"taxonomy":"post_tag","embeddable":true,"href":"https:\/\/espai-marx.net\/index.php?rest_route=%2Fwp%2Fv2%2Ftags&post=583"}],"curies":[{"name":"wp","href":"https:\/\/api.w.org\/{rel}","templated":true}]}}