{"id":6178,"date":"2020-02-26T05:00:04","date_gmt":"2020-02-26T04:00:04","guid":{"rendered":"https:\/\/espai-marx.net\/?p=6178"},"modified":"2020-02-27T10:14:12","modified_gmt":"2020-02-27T09:14:12","slug":"ilienkov-pelicula-documental-de-aleksandr-rozhkov-sobre-el-filosofo-sovietico","status":"publish","type":"post","link":"https:\/\/espai-marx.net\/?p=6178","title":{"rendered":"\u00abIli\u00e9nkov\u00bb : pel\u00edcula documental de Aleksandr Rozhkov sobre el fil\u00f3sofo sovi\u00e9tico"},"content":{"rendered":"<p>El documental \u00abIli\u00e9nkov\u00bb [\u0418\u043b\u044c\u0435\u043d\u043a\u043e\u0432], dirigido por Aleksandr Rozhkov [\u0410\u043b\u0435\u043a\u0441\u0430\u043d\u0434\u0440\u0430 \u0420\u043e\u0436\u043a\u043e\u0432] est\u00e1 dedicado a la biograf\u00eda y el legado te\u00f3rico de <a href=\"https:\/\/es.wikipedia.org\/wiki\/%C3%89vald_Ili%C3%A9nkov\">Evald Ili\u00e9nkov<\/a> (a menudo tambi\u00e9n transliterado como Ilyenkov) [\u042d\u0432\u0430\u043b\u044c\u0434 \u0412\u0430\u0441\u0438\u043b\u044c\u0435\u0432\u0438\u0447 \u0418\u043b\u044c\u0435\u043d\u043a\u043e\u0432], una figura sin la cual es imposible imaginar la historia de la filosof\u00eda sovi\u00e9tica de la segunda mitad del siglo XX y el destino de los intelectuales sovi\u00e9ticos de este per\u00edodo. Como te\u00f3rico, Ili\u00e9nkov tuvo una influencia significativa en la escuela nacional de rehabilitaci\u00f3n y capacitaci\u00f3n de personas con discapacidades visuales y auditivas combinadas, y en la pr\u00e1ctica, se convirti\u00f3 en uno de los participantes m\u00e1s importantes en el llamado \u00abExperimento Zagorsk\u00bb, cuyo objetivo era demostrar la plena capacidad de aprendizaje de las personas con p\u00e9rdida de audici\u00f3n y visi\u00f3n, as\u00ed como la posibilidad de que completen un programa de educaci\u00f3n superior en igualdad de condiciones con los que escuchan.<\/p>\n<p>Como resultado de este proyecto \u00fanico, cuatro alumnos del orfanato de Zagorsk para ni\u00f1os sordos se prepararon para ingresar en la Universidad Estatal de Mosc\u00fa (MGU) y terminaron sus estudios con \u00e9xito. Uno de ellos es Alexander Suvorov, quien se convirti\u00f3 en estudiante y amigo del fil\u00f3sofo, recibiendo posteriormente un doctorado en Ciencias Psicol\u00f3gicas. En la segunda mitad de 80, inici\u00f3 las visitas de los alumnos del orfanato al taller y Museo de <a href=\"https:\/\/en.wikipedia.org\/wiki\/Vadim_Sidur\">Vadim Sidur<\/a> para familiarizarse con el trabajo del escultor. Este evento fue uno de los primeros precedentes del encuentro de personas sordas con el, as\u00ed denominado, arte sovi\u00e9tico \u00abno oficial\u00bb.<\/p>\n<p>Pel\u00edcula en ruso con subt\u00edtulos en ingl\u00e9s.<\/p>\n<p>https:\/\/www.youtube.com\/watch?v=9Raei69reCw<\/p>\n","protected":false},"excerpt":{"rendered":"<p>El documental \u00abIli\u00e9nkov\u00bb [\u0418\u043b\u044c\u0435\u043d\u043a\u043e\u0432], dirigido por Aleksandr Rozhkov [\u0410\u043b\u0435\u043a\u0441\u0430\u043d\u0434\u0440\u0430 \u0420\u043e\u0436\u043a\u043e\u0432] est\u00e1 dedicado a la biograf\u00eda y el legado te\u00f3rico de Evald Ili\u00e9nkov [\u042d\u0432\u0430\u043b\u044c\u0434 \u0412\u0430\u0441\u0438\u043b\u044c\u0435\u0432\u0438\u0447 \u0418\u043b\u044c\u0435\u043d\u043a\u043e\u0432], una figura sin la cual es imposible imaginar la historia de la filosof\u00eda sovi\u00e9tica de la segunda mitad del siglo XX y el destino de los intelectuales sovi\u00e9ticos de este per\u00edodo. Como te\u00f3rico, Ili\u00e9nkov tuvo una influencia significativa en la escuela nacional de rehabilitaci\u00f3n y capacitaci\u00f3n de personas con discapacidades visuales y auditivas combinadas, y en la pr\u00e1ctica, se convirti\u00f3 en uno de los participantes m\u00e1s importantes en el llamado \u00abExperimento Zagorsk\u00bb, cuyo objetivo era demostrar la plena capacidad de aprendizaje de las personas con p\u00e9rdida de audici\u00f3n y visi\u00f3n, as\u00ed como la posibilidad de que completen un programa de educaci\u00f3n superior en igualdad de condiciones con los que escuchan.<\/p>\n","protected":false},"author":9,"featured_media":6564,"comment_status":"open","ping_status":"open","sticky":false,"template":"","format":"standard","meta":{"footnotes":""},"categories":[9,8,833],"tags":[1291],"class_list":["post-6178","post","type-post","status-publish","format-standard","has-post-thumbnail","hentry","category-ciencia","category-filosofia","category-videos","tag-evald-ilienkov"],"aioseo_notices":[],"_links":{"self":[{"href":"https:\/\/espai-marx.net\/index.php?rest_route=\/wp\/v2\/posts\/6178","targetHints":{"allow":["GET"]}}],"collection":[{"href":"https:\/\/espai-marx.net\/index.php?rest_route=\/wp\/v2\/posts"}],"about":[{"href":"https:\/\/espai-marx.net\/index.php?rest_route=\/wp\/v2\/types\/post"}],"author":[{"embeddable":true,"href":"https:\/\/espai-marx.net\/index.php?rest_route=\/wp\/v2\/users\/9"}],"replies":[{"embeddable":true,"href":"https:\/\/espai-marx.net\/index.php?rest_route=%2Fwp%2Fv2%2Fcomments&post=6178"}],"version-history":[{"count":0,"href":"https:\/\/espai-marx.net\/index.php?rest_route=\/wp\/v2\/posts\/6178\/revisions"}],"wp:featuredmedia":[{"embeddable":true,"href":"https:\/\/espai-marx.net\/index.php?rest_route=\/wp\/v2\/media\/6564"}],"wp:attachment":[{"href":"https:\/\/espai-marx.net\/index.php?rest_route=%2Fwp%2Fv2%2Fmedia&parent=6178"}],"wp:term":[{"taxonomy":"category","embeddable":true,"href":"https:\/\/espai-marx.net\/index.php?rest_route=%2Fwp%2Fv2%2Fcategories&post=6178"},{"taxonomy":"post_tag","embeddable":true,"href":"https:\/\/espai-marx.net\/index.php?rest_route=%2Fwp%2Fv2%2Ftags&post=6178"}],"curies":[{"name":"wp","href":"https:\/\/api.w.org\/{rel}","templated":true}]}}