{"id":620,"date":"2007-02-02T00:00:00","date_gmt":"2007-02-02T00:00:00","guid":{"rendered":"https:\/\/espai-marx.net\/?p=620"},"modified":"2020-02-27T18:10:43","modified_gmt":"2020-02-27T17:10:43","slug":"manifest-en-contra-del-projecte-de-llei-de-la-memoria-del-govern-espanyol","status":"publish","type":"post","link":"https:\/\/espai-marx.net\/?p=620","title":{"rendered":"Manifest en contra del \u00abProjecte de Llei de la  Mem\u00f2ria\u00bb del Govern espanyol"},"content":{"rendered":"<p>Les entitats sotasignants, totes elles vinculades directament a la recuperaci\u00f3 de la mem\u00f2ria hist\u00f2rica i democr\u00e0tica, amb seu social en diferents localitats de l&#8217;Estat espanyol, un cop analitzat el contingut de l\u2019anomenat \u00abPROJECTE DE LLEI PER LA QUAL ES RECONEIXEN I AMPLIEN DRETS I S&#8217;ESTABLEIXEN MESURES EN FAVOR DELS QUI VAN PATIR PERSECUCI\u00d3 O VIOL\u00c8NCIA DURANT LA GUERRA CIVIL I LA DICTADURA\u00bb, que el govern espanyol ha fet arribar recentment al Congr\u00e9s dels Diputats, manifestem:<\/p>\n<p>&#8211; Que reclamem un projecte de llei en qu\u00e8 es declari de manera expressa la il\u00b7legalitat de la dictadura de Franco originada per un cop d&#8217;estat contra un govern leg\u00edtim, democr\u00e0ticament constitu\u00eft.<\/p>\n<p>&#8211; Que, en conseq\u00fc\u00e8ncia, han de deixar-se sense validesa legal les decisions repressives derivades de l&#8217;entramat jur\u00eddic del franquisme. Reclamem l&#8217;anul\u00b7laci\u00f3 dels judicis sumar\u00edssims.<\/p>\n<p>&#8211; Que \u00e9s necessari un reconeixement legal de totes les v\u00edctimes que van patir l&#8217;acci\u00f3 repressiva del r\u00e8gim de forma directa a l&#8217;interior, o que van haver de quedar-se for\u00e7osament en l&#8217;exili.<\/p>\n<p>&#8211; Que saludem i donem suport a les iniciatives que fins ara s&#8217;han pronunciat en aquesta l\u00ednia i que es concreten en les seg\u00fcents:<\/p>\n<p>&#8211;\u00a0\u00a0\u00a0\u00a0\u00a0\u00a0\u00a0\u00a0 Esmena a la totalitat amb text alternatiu d&#8217;IU-ICV-EUiA.<\/p>\n<p>&#8211;\u00a0\u00a0\u00a0\u00a0\u00a0\u00a0\u00a0\u00a0 Esmena a la totalitat amb text alternatiu d\u2019ERC.<\/p>\n<p>&#8211;\u00a0\u00a0\u00a0\u00a0\u00a0\u00a0\u00a0\u00a0 Informe NIZKOR: \u00abEntre la covardia moral i la il\u00b7legalitat\u00bb.<\/p>\n<p>&#8211;\u00a0\u00a0\u00a0\u00a0\u00a0\u00a0\u00a0\u00a0 \u00abDeclaraci\u00f3 de 13 Punts M\u00ednims per al debat de la Llei de la Mem\u00f2ria\u00bb.<\/p>\n<p>&#8211;\u00a0\u00a0\u00a0\u00a0\u00a0\u00a0\u00a0\u00a0 Informe d&#8217;Amnistia Internacional sobre el deute pendent amb les v\u00edctimes de la Guerra Civil i el franquisme.<\/p>\n<p>&#8211; Que donem suport a altres propostes de car\u00e0cter unitari que puguin sorgir en la l\u00ednia d&#8217;aquest Manifest.<\/p>\n<p>&#8211; Per tot aix\u00f2, <b>vam rebutjar el contingut d&#8217;aquest projecte de llei<\/b> i <b>vam sol\u00b7licitar que es reelabori de manera participativa<\/b>, tenint en compte les propostes consensuades pel conjunt d&#8217;entitats que ens dediquem a la recuperaci\u00f3 de la mem\u00f2ria hist\u00f2rica i democr\u00e0tica a tot l&#8217;Estat.<\/p>\n<p>De la mateixa manera, fem una crida a totes les entitats i organitzacions a donar suport a aquest Manifest i instar a les coordinadores territorials a realitzar una trobada de car\u00e0cter estatal per a unificar propostes i plantejar les actuacions unit\u00e0ries que es considerin necess\u00e0ries.<\/p>\n<p>Barcelona, 18 de novembre de 2006<\/p>\n<p><u>\u00a0<\/u><\/p>\n<p><u><b>Entidades adheridas hasta el momento:<\/b><\/u><\/p>\n<p>Amical de Catalunya dels Antics Guerrillers Espanyols a Fran\u00e7a<\/p>\n<p>Amical Mauthausen y otros campos nazis\u00a0 y de todas las v\u00edctimas del nazismo de Espa\u00f1a<\/p>\n<p>Amical Ravensbr\u00fcck<\/p>\n<p>Amics de Josep Sunyol<\/p>\n<p>Artixoc<\/p>\n<p>ARMH de Arag\u00f3n<\/p>\n<p>ARMH de Palencia<\/p>\n<p>Arxiu de la Mem\u00f2ria Popular de la Roca del Vall\u00e8s<\/p>\n<p>Asociaci\u00f3n de Amigos de las Brigadas Internacionales<\/p>\n<p>Asociaci\u00f3n de Juristas Dem\u00f3cratas<\/p>\n<p>Asociaci\u00f3n de Desaparecidos de la Guerra Civil y el Exilio Republicano<\/p>\n<p>Asociaci\u00f3n de Familiares y amigos de la Fosa Com\u00fan de Oviedo<\/p>\n<p>Asociacion\u00a0 de Ciudadanos\u00a0 de Amposta\u00a0por\u00a0 la\u00a0 III\u00a0 Rep\u00fablica(Tarragona)<\/p>\n<p>Asociaci\u00f3n \u00a0\u00abEl Canto del B\u00faho\u00bb<\/p>\n<p>Asociaci\u00f3n de Expresos y Represaliados Pol\u00edticos Antifranquistas<\/p>\n<p>Asociaci\u00f3n La Gavilla Verde<\/p>\n<p>Asociaci\u00f3n \u201cLos ni\u00f1os de la guerra\u201d-B\u00e9lgica<\/p>\n<p>Asociaci\u00f3n Manuel Aza\u00f1a<\/p>\n<p>Asociaci\u00f3n Memoria Hist\u00f3rica y Justicia de Andaluc\u00eda<\/p>\n<p>Asociaci\u00f3n Memorial Campo de Concentraci\u00f3n de Castuera<\/p>\n<p>Asociaci\u00f3n Monumento de la Colladiella de Asturias<\/p>\n<p>Asociaci\u00f3n para la Recuperaci\u00f3n de la Memoria Hist\u00f3rica de Arucas(Canarias)<\/p>\n<p>Asociaci\u00f3n para la Recuperaci\u00f3n de la Memoria Hist\u00f3rica de Palencia<\/p>\n<p>Asociaci\u00f3n para la Recuperaci\u00f3n de la Memoria Hist\u00f3rica del Exilio Republicano<\/p>\n<p>Asociaci\u00f3n por la Familia y los Derechos Humanos<\/p>\n<p>Associaci\u00f3 Catalana d\u2019Expresos Pol\u00edtics Antifranquistes<\/p>\n<p>Associaci\u00f3 Catalana d\u00b4Investigacions Marxistes<\/p>\n<p>Associaci\u00f3 Catal\u00f2nia Acord<\/p>\n<p>Associaci\u00f3 d\u2019Amics de les Brigades Internacionals<\/p>\n<p>Associaci\u00f3 per la Cultura i la Mem\u00f2ria de Catalunya<\/p>\n<p>Associaci\u00f3 \u00abPa, Treball i Llibertat\u00bb<\/p>\n<p>Associaci\u00f3 d&#8217;Exinternats del Franquisme a Catalunya<\/p>\n<p>Associaci\u00f3 de Familiars de Represaliats pel Franquisme(CMHD)<\/p>\n<p>Associaci\u00f3 Mem\u00f2ria contra la Tortura<\/p>\n<p>Associaci\u00f3 de Perjudicats per la Incautaci\u00f3 del Govern Franquista<\/p>\n<p>Asociaci\u00f3n para la Recuperaci\u00f3n de la Memoria Social y Democr\u00e1tica-AMESDE<\/p>\n<p>Associaci\u00f3 per a la Recuperaci\u00f3 de la Mem\u00f2ria Hist\u00f2rica de Mallorca<\/p>\n<p>Associaci\u00f3 Sabadell per la Rep\u00fablica<\/p>\n<p>Associaci\u00f3 de Terrassa per la Tercera Rep\u00fablica<\/p>\n<p>Associaci\u00f3 Joan Peset i Aleixandre<\/p>\n<p>Associaci\u00f3 Les Dones del 36(CMHD)<\/p>\n<p>Associaci\u00f3 Llu\u00eds Companys Batzordea<\/p>\n<p>Associaci\u00f3 per a la Mem\u00f2ria Hist\u00f2rica i Democr\u00e0tica del Baix Llobregat(CMHD)<\/p>\n<p>Associaci\u00f3 per al Memorial Democr\u00e0tic dels Treballadors de la SEAT(CMHD)<\/p>\n<p>Associaci\u00f3 Recuperaci\u00f3 Mem\u00f2ria Hist\u00f2rica de Catalunya<\/p>\n<p>Associaci\u00f3 del Pont de la Llibertat de l\u2019Hospitalet Antifranquista(CMHD)<\/p>\n<p>Associaci\u00f3 pro-Fundaci\u00f3 Enrique Lister(CMHD)<\/p>\n<p>Associaci\u00f3 Pro-Mem\u00f2ria als Immolats<\/p>\n<p>Ateneo Republicano de Le\u00f3n<\/p>\n<p>Ateneu Enciclopedic Popular\/Centre de Documentaci\u00f3 Hist\u00f2ric Social de Barcelona<\/p>\n<p>Centre de Recerques i Estudis Mogoda<\/p>\n<p>Centro Espa\u00f1ol de los Pirineos Orientales-Secci\u00f3n Memoria y Exilio<\/p>\n<p>Club de Amigos de la Unesco de Madrid<\/p>\n<p>Colectivo\u00a0 imagenescontraelolvido.com<\/p>\n<p>Colectivo Republicano de Euskal Herria-Euskal Herriko Talde Errepublikanoa<\/p>\n<p>Col\u00b7lectiu d\u2019Hist\u00f2ria-CJC-Joventut Comunista(CMHD)<\/p>\n<p>Comisi\u00f3n de Memoria Libertaria-CGT<\/p>\n<p>Comisi\u00f3n para la Recuperaci\u00f3n de la Memoria Hist\u00f3rica-Orihuela<\/p>\n<p>Comissi\u00f3 de la Dignitat<\/p>\n<p>Comissi\u00f3 de Treball per al Museu de l\u2019Exili Mundial<\/p>\n<p>Coordinadora de Treballadors del Pais Valencia<\/p>\n<p>Coordinadora per a la Mem\u00f2ria Hist\u00f2rica i Democr\u00e0tica de Catalunya (CMHD)<\/p>\n<p>Familiars d\u00b4Afusellats al Cementiri de Tarragona<\/p>\n<p>Fent Hist\u00f2ria. Associaci\u00f3 Catalana d&#8217;Estudis Hist\u00f2rics<\/p>\n<p>Fils et Filles de R\u00e9publicains Espagnols et Enfants de l\u2019Exode-FREEE(CMHD)<\/p>\n<p>Foro Ciudadano por la Republica de Asturies<\/p>\n<p>Foro para la Defensa de la Tercera Edad-MH(CMHD)<\/p>\n<p>Foro por la Recuperaci\u00f3n de la Memoria de El Puerto de Santa Mar\u00eda<\/p>\n<p>Foro por la Memoria<\/p>\n<p>F\u00f2rum per la Mem\u00f2ria de Catalunya<\/p>\n<p>Fundaci\u00f3 Andreu Nin<\/p>\n<p>Fundaci\u00f3 Cipriano Garc\u00eda &#8211; Arxiu Hist\u00f2ric de CCOO de Catalunya<\/p>\n<p>Fundaci\u00f3 Congr\u00e9s Catal\u00e0 de Salut Mental<\/p>\n<p>Fundaci\u00f3 Ferrer i Gu\u00e0rdia(CMHD)<\/p>\n<p>Fundaci\u00f3 Josep Irla<\/p>\n<p>Fundaci\u00f3 l\u2019Alternativa(CMHD)<\/p>\n<p>Fundaci\u00f3 Nou Horitzons<\/p>\n<p>Fundaci\u00f3 Pere Ardiaca (CMHD)<\/p>\n<p>Fundaci\u00f3n Rey Del Corral de Investigaciones Marxistas<\/p>\n<p>Fundaci\u00f3n Domingo Malag\u00f3n<\/p>\n<p>Fundaci\u00f3n Europa de los Ciudadanos<\/p>\n<p>Fundaci\u00f3n de Investigaciones Marxistas<\/p>\n<p>Fundaci\u00f3n Luis Bello<\/p>\n<p>Fundaci\u00f3n Santiago Casares Quiroga<\/p>\n<p>Fundaci\u00f3n Andreu Nin<\/p>\n<p>Grup de Recerca de l\u2019\u00c8poca Franquista de Sant Feliu de Gu\u00edxols (Baix Empord\u00e0)<\/p>\n<p>Grup per la Recerca de la Memoria Hist\u00f2rica de Castell\u00f3<\/p>\n<p>Grup de Recerca de la Memoria Historica de Matar\u00f3<\/p>\n<p>H2O, col\u00b7lectiu gai, lesbi\u00e0, bisexual i transsexual del Camp de Tarragona(CMHD)<\/p>\n<p>Historaula(CMHD)<\/p>\n<p>Institut de Drets Humans de Catalunya<\/p>\n<p>Institut per a la Mem\u00f2ria Hist\u00f2rica<\/p>\n<p>M\u00e9moire de l\u2019Espagne R\u00e9publicaine<\/p>\n<p>Memorial Democr\u00e0tic de la Universitat Polit\u00e8cnica de Catalunya<\/p>\n<p>Moviment Laic i Progressista<\/p>\n<p>Plataforma de Ciudadanos por la Rep\u00fablica<\/p>\n<p>Plataforma Ciudadanos por la Rep\u00fablica del Campo de Gibraltar<\/p>\n<p>Plataforma Ciudadans per la Rep\u00fablica del Pa\u00eds Valenci\u00e0<\/p>\n<p>Sociedad Cultural Gijonesa<\/p>\n<p>SOS Racisme<\/p>\n<p>Triangle Blau<\/p>\n<p>Unidad C\u00edvica por la Rep\u00fablica<\/p>\n<p>Vocalia de Dones de l&#8217;AAVV Vila de Gr\u00e0cia<\/p>\n<p>&nbsp;<\/p>\n","protected":false},"excerpt":{"rendered":"<p><P>Manifest en contra del &quot;Projecte de Llei de la  Mem&ograve;ria&quot;  <\/P><P>del Govern espanyol<\/P><P> <\/P><P>Les entitats sotasignants, totes elles vinculades directament a la recuperaci&oacute; de la mem&ograve;ria hist&ograve;rica i democr&agrave;tica, amb seu social en diferents localitats de l&#8217;Estat espanyol, un cop analitzat el contingut de l&rsquo;anomenat &quot;PROJECTE DE LLEI PER LA QUAL ES RECONEIXEN I AMPLIEN DRETS I S&#8217;ESTABLEIXEN MESURES EN FAVOR DELS QUI VAN PATIR PERSECUCI&Oacute; O VIOL&Egrave;NCIA DURANT LA GUERRA CIVIL I LA DICTADURA&quot;, que el govern espanyol ha fet arribar recentment al Congr&eacute;s dels Diputats, manifestem:  <\/P><P>&#8211; Que reclamem un projecte de llei en qu&egrave; es declari de manera expressa la il&middot;legalitat de la dictadura de Franco originada per un cop d&#8217;estat contra un govern leg&iacute;tim, democr&agrave;ticament constitu&iuml;t.  <\/P><P>&#8211; Que, en conseq&uuml;&egrave;ncia, han de deixar-se sense validesa legal les decisions repressives derivades de l&#8217;entramat jur&iacute;dic del franquisme. Reclamem l&#8217;anul&middot;laci&oacute; dels judicis sumar&iacute;ssims.  <\/P><\/p>\n","protected":false},"author":9,"featured_media":0,"comment_status":"open","ping_status":"open","sticky":false,"template":"","format":"standard","meta":{"footnotes":""},"categories":[21],"tags":[],"class_list":["post-620","post","type-post","status-publish","format-standard","hentry","category-historia-general"],"aioseo_notices":[],"_links":{"self":[{"href":"https:\/\/espai-marx.net\/index.php?rest_route=\/wp\/v2\/posts\/620","targetHints":{"allow":["GET"]}}],"collection":[{"href":"https:\/\/espai-marx.net\/index.php?rest_route=\/wp\/v2\/posts"}],"about":[{"href":"https:\/\/espai-marx.net\/index.php?rest_route=\/wp\/v2\/types\/post"}],"author":[{"embeddable":true,"href":"https:\/\/espai-marx.net\/index.php?rest_route=\/wp\/v2\/users\/9"}],"replies":[{"embeddable":true,"href":"https:\/\/espai-marx.net\/index.php?rest_route=%2Fwp%2Fv2%2Fcomments&post=620"}],"version-history":[{"count":0,"href":"https:\/\/espai-marx.net\/index.php?rest_route=\/wp\/v2\/posts\/620\/revisions"}],"wp:attachment":[{"href":"https:\/\/espai-marx.net\/index.php?rest_route=%2Fwp%2Fv2%2Fmedia&parent=620"}],"wp:term":[{"taxonomy":"category","embeddable":true,"href":"https:\/\/espai-marx.net\/index.php?rest_route=%2Fwp%2Fv2%2Fcategories&post=620"},{"taxonomy":"post_tag","embeddable":true,"href":"https:\/\/espai-marx.net\/index.php?rest_route=%2Fwp%2Fv2%2Ftags&post=620"}],"curies":[{"name":"wp","href":"https:\/\/api.w.org\/{rel}","templated":true}]}}