{"id":6214,"date":"2020-02-24T17:28:08","date_gmt":"2020-02-24T16:28:08","guid":{"rendered":"https:\/\/espai-marx.net\/?p=6214"},"modified":"2020-02-25T03:53:26","modified_gmt":"2020-02-25T02:53:26","slug":"podcast-nuevos-comentarios-a-la-fenomenologia-del-espiritu-de-hegel","status":"publish","type":"post","link":"https:\/\/espai-marx.net\/?p=6214","title":{"rendered":"Podcast: nuevos comentarios a la \u00abFenomenolog\u00eda del esp\u00edritu\u00bb de Hegel (19\/02\/2020)"},"content":{"rendered":"<p><a href=\"https:\/\/espai-marx.net\/wp-content\/uploads\/2020\/01\/espaipodcast-1-e1580123189317.jpeg\"><img loading=\"lazy\" decoding=\"async\" class=\"alignnone size-medium wp-image-3957\" src=\"https:\/\/espai-marx.net\/wp-content\/uploads\/2020\/01\/espaipodcast-1-300x122.jpeg\" alt=\"\" width=\"300\" height=\"122\" \/><\/a><\/p>\n<p>Nueva sesi\u00f3n del seminario sobre la Fenomenolog\u00eda del esp\u00edritu de Hegel, dentro del seminario de EspaiMarx, en Barcelona el 19 de Febrero del 2020. Prosigue la discusi\u00f3n sobre el cap\u00edtulo quinto.<\/p>\n<div class=\"powerpress_player\" id=\"powerpress_player_3360\"><audio class=\"wp-audio-shortcode\" id=\"audio-6214-1\" preload=\"none\" style=\"width: 100%;\" controls=\"controls\"><source type=\"audio\/mpeg\" src=\"https:\/\/espai-marx.net\/wp-content\/uploads\/2020\/02\/2020-02-19-Seminario-Hegel-1.mp3?_=1\" \/><a href=\"https:\/\/espai-marx.net\/wp-content\/uploads\/2020\/02\/2020-02-19-Seminario-Hegel-1.mp3\">https:\/\/espai-marx.net\/wp-content\/uploads\/2020\/02\/2020-02-19-Seminario-Hegel-1.mp3<\/a><\/audio><\/div><p class=\"powerpress_links powerpress_links_mp3\" style=\"margin-bottom: 1px !important;\">Podcast: <a href=\"https:\/\/espai-marx.net\/wp-content\/uploads\/2020\/02\/2020-02-19-Seminario-Hegel-1.mp3\" class=\"powerpress_link_pinw\" target=\"_blank\" title=\"Reproducir en una nueva ventana\" onclick=\"return powerpress_pinw('https:\/\/espai-marx.net\/?powerpress_pinw=6214-podcast');\" rel=\"nofollow\">Reproducir en una nueva ventana<\/a> | <a href=\"https:\/\/espai-marx.net\/wp-content\/uploads\/2020\/02\/2020-02-19-Seminario-Hegel-1.mp3\" class=\"powerpress_link_d\" title=\"Descargar\" rel=\"nofollow\" download=\"2020-02-19-Seminario-Hegel-1.mp3\">Descargar<\/a> | <a href=\"#\" class=\"powerpress_link_e\" title=\"Incrustar\" onclick=\"return powerpress_show_embed('6214-podcast');\" rel=\"nofollow\">Incrustar<\/a><\/p><p class=\"powerpress_embed_box\" id=\"powerpress_embed_6214-podcast\" style=\"display: none;\"><input id=\"powerpress_embed_6214-podcast_t\" type=\"text\" value=\"&lt;iframe width=&quot;320&quot; height=&quot;30&quot; src=&quot;https:\/\/espai-marx.net\/?powerpress_embed=6214-podcast&amp;amp;powerpress_player=mediaelement-audio&quot; title=&quot;Blubrry Podcast Player&quot; frameborder=&quot;0&quot; scrolling=&quot;no&quot;&gt;&lt;\/iframe&gt;\" onclick=\"javascript: this.select();\" onfocus=\"javascript: this.select();\" style=\"width: 70%;\" readOnly><\/p><p class=\"powerpress_links powerpress_subscribe_links\">Suscr\u00edbete: <a href=\"https:\/\/www.youtube.com\/@PodcastdeEspaiMarx-ht2uc\" class=\"powerpress_link_subscribe powerpress_link_subscribe_youtube\" target=\"_blank\" title=\"Suscr\u00edbete a YouTube Music\" rel=\"nofollow\">YouTube Music<\/a> | <a href=\"https:\/\/espai-marx.net\/?feed=podcast\" class=\"powerpress_link_subscribe powerpress_link_subscribe_rss\" target=\"_blank\" title=\"Suscr\u00edbete v\u00eda RSS\" rel=\"nofollow\">RSS<\/a><\/p>","protected":false},"excerpt":{"rendered":"<p>Nueva sesi\u00f3n del seminario sobre la Fenomenolog\u00eda del esp\u00edritu de Hegel, dentro del seminario de EspaiMarx, en Barcelona el 19 de Febrero del 2020. Prosigue la discusi\u00f3n sobre el cap\u00edtulo quinto.<\/p>\n","protected":false},"author":9,"featured_media":0,"comment_status":"open","ping_status":"open","sticky":false,"template":"","format":"audio","meta":{"footnotes":""},"categories":[883,8,856,869],"tags":[867,829],"class_list":["post-6214","post","type-post","status-publish","format-audio","hentry","category-filosofia-del-espiritu-de-g-w-f-hegel","category-filosofia","category-podcast","category-seminarios","tag-g-w-f-hegel","tag-joaquin-miras-albarran","post_format-post-format-audio"],"aioseo_notices":[],"_links":{"self":[{"href":"https:\/\/espai-marx.net\/index.php?rest_route=\/wp\/v2\/posts\/6214","targetHints":{"allow":["GET"]}}],"collection":[{"href":"https:\/\/espai-marx.net\/index.php?rest_route=\/wp\/v2\/posts"}],"about":[{"href":"https:\/\/espai-marx.net\/index.php?rest_route=\/wp\/v2\/types\/post"}],"author":[{"embeddable":true,"href":"https:\/\/espai-marx.net\/index.php?rest_route=\/wp\/v2\/users\/9"}],"replies":[{"embeddable":true,"href":"https:\/\/espai-marx.net\/index.php?rest_route=%2Fwp%2Fv2%2Fcomments&post=6214"}],"version-history":[{"count":0,"href":"https:\/\/espai-marx.net\/index.php?rest_route=\/wp\/v2\/posts\/6214\/revisions"}],"wp:attachment":[{"href":"https:\/\/espai-marx.net\/index.php?rest_route=%2Fwp%2Fv2%2Fmedia&parent=6214"}],"wp:term":[{"taxonomy":"category","embeddable":true,"href":"https:\/\/espai-marx.net\/index.php?rest_route=%2Fwp%2Fv2%2Fcategories&post=6214"},{"taxonomy":"post_tag","embeddable":true,"href":"https:\/\/espai-marx.net\/index.php?rest_route=%2Fwp%2Fv2%2Ftags&post=6214"}],"curies":[{"name":"wp","href":"https:\/\/api.w.org\/{rel}","templated":true}]}}