{"id":6376,"date":"2020-02-26T03:28:32","date_gmt":"2020-02-26T02:28:32","guid":{"rendered":"https:\/\/espai-marx.net\/?p=6376"},"modified":"2020-02-27T12:41:07","modified_gmt":"2020-02-27T11:41:07","slug":"convocatoria-a-la-charla-la-filosofia-del-marx-contra-el-marxismo-kantiano","status":"publish","type":"post","link":"https:\/\/espai-marx.net\/?p=6376","title":{"rendered":"La filosof\u00eda del Marx : contra el marxismo kantiano &#8211; Convocatoria"},"content":{"rendered":"<p>Intervenci\u00f3n de Joaqu\u00edn Miras en una sesi\u00f3n del Seminario de El Capital organizado por el Departamento de Econom\u00eda Aplicada I de la Facultad de Econom\u00eda y Empresa Sarriko UPV\/EHU.<\/p>\n<p>Bilbao 5 de marzo de 2020<\/p>\n<div style=\"width: 800px;\" class=\"wp-video\"><video class=\"wp-video-shortcode\" id=\"video-6376-1\" width=\"800\" height=\"450\" preload=\"metadata\" controls=\"controls\"><source type=\"video\/mp4\" src=\"https:\/\/espai-marx.net\/wp-content\/uploads\/2020\/02\/Charla-Miras.-5-3-2020-P.mp4?_=1\" \/><a href=\"https:\/\/espai-marx.net\/wp-content\/uploads\/2020\/02\/Charla-Miras.-5-3-2020-P.mp4\">https:\/\/espai-marx.net\/wp-content\/uploads\/2020\/02\/Charla-Miras.-5-3-2020-P.mp4<\/a><\/video><\/div>\n","protected":false},"excerpt":{"rendered":"<p>Intervenci\u00f3n de Joaqu\u00edn Miras en una sesi\u00f3n del Seminario de El Capital organizado por el Departamento de Econom\u00eda Aplicada I de la Facultad de Econom\u00eda y Empresa Sarriko UPV\/EHU.<\/p>\n<p>Bilbao 5 de marzo de 2020<\/p>\n","protected":false},"author":9,"featured_media":6600,"comment_status":"open","ping_status":"open","sticky":false,"template":"","format":"standard","meta":{"footnotes":""},"categories":[8,1328,833],"tags":[],"class_list":["post-6376","post","type-post","status-publish","format-standard","has-post-thumbnail","hentry","category-filosofia","category-seminario-sobre-el-capital-2020","category-videos"],"aioseo_notices":[],"_links":{"self":[{"href":"https:\/\/espai-marx.net\/index.php?rest_route=\/wp\/v2\/posts\/6376","targetHints":{"allow":["GET"]}}],"collection":[{"href":"https:\/\/espai-marx.net\/index.php?rest_route=\/wp\/v2\/posts"}],"about":[{"href":"https:\/\/espai-marx.net\/index.php?rest_route=\/wp\/v2\/types\/post"}],"author":[{"embeddable":true,"href":"https:\/\/espai-marx.net\/index.php?rest_route=\/wp\/v2\/users\/9"}],"replies":[{"embeddable":true,"href":"https:\/\/espai-marx.net\/index.php?rest_route=%2Fwp%2Fv2%2Fcomments&post=6376"}],"version-history":[{"count":0,"href":"https:\/\/espai-marx.net\/index.php?rest_route=\/wp\/v2\/posts\/6376\/revisions"}],"wp:featuredmedia":[{"embeddable":true,"href":"https:\/\/espai-marx.net\/index.php?rest_route=\/wp\/v2\/media\/6600"}],"wp:attachment":[{"href":"https:\/\/espai-marx.net\/index.php?rest_route=%2Fwp%2Fv2%2Fmedia&parent=6376"}],"wp:term":[{"taxonomy":"category","embeddable":true,"href":"https:\/\/espai-marx.net\/index.php?rest_route=%2Fwp%2Fv2%2Fcategories&post=6376"},{"taxonomy":"post_tag","embeddable":true,"href":"https:\/\/espai-marx.net\/index.php?rest_route=%2Fwp%2Fv2%2Ftags&post=6376"}],"curies":[{"name":"wp","href":"https:\/\/api.w.org\/{rel}","templated":true}]}}