{"id":639,"date":"2007-03-03T00:00:00","date_gmt":"2007-03-03T00:00:00","guid":{"rendered":"https:\/\/espai-marx.net\/?p=639"},"modified":"2020-02-27T17:40:52","modified_gmt":"2020-02-27T16:40:52","slug":"un-libro-de-referencia","status":"publish","type":"post","link":"https:\/\/espai-marx.net\/?p=639","title":{"rendered":"Un libro de referencia"},"content":{"rendered":"<p>Enric Prat, <i>Movi\u00e9ndose por la Paz. De Pax Christi a las movilizaciones contra la guerra<\/i>. Editorial Hacer, Barcelona, 2006. Pr\u00f3logo de Francisco Fern\u00e1ndez Buey, 329 p\u00e1ginas.<\/p>\n<p>&nbsp;<\/p>\n<p>\u201cEste libro es sin duda la aproximaci\u00f3n m\u00e1s completa a la historia del movimiento por la paz que se ha editado hasta ahora en Espa\u00f1a\u201d. Con estas ajustadas y merecidas palabras inicia Francisco Fern\u00e1ndez Buey el pr\u00f3logo que ha escrito para este excelente ensayo de Enric Prat cuyo tema central es la reciente historia de los movimiento por la paz en Catalunya desde los a\u00f1os cincuenta del siglo pasado hasta pr\u00e1cticamente la actualidad. Y, como es sabido, en todo este per\u00edodo ha habido de todo en el \u00e1mbito nacional e internacional: acuerdos sobre bases americanas (y temas anexos), guerra fr\u00eda entre bloques, accidentes nucleares militares, incorporaci\u00f3n a la OTAN, masivos movimientos ciudadanos antiot\u00e1nicos, disoluci\u00f3n por liquidaci\u00f3n del Pacto de Varsovia, movimientos anti-mili, guerras en Europa, destrucci\u00f3n de federaciones, guerras en Mesopotamia, eliminaci\u00f3n de la conscripci\u00f3n obligatoria en nuestro pa\u00eds, guerrillas revolucionarias. Largo etc\u00e9tera.<\/p>\n<p>No era tarea f\u00e1cil el trabajo de Enric Prat, historiador, activista prudente, de y con principios y miembro asesor de la revistas <i>Viento Sur<\/i> y <i>Sin Permiso<\/i>. Entre otros factores que podr\u00edan enumerarse, la enorme, diversa y casi inabarcable informaci\u00f3n en algunos temas, junto con la escasez de datos sobre algunos per\u00edodos y actuaciones; la casi inexistencia de estudios previos de tipo general; la fuerte vinculaci\u00f3n del autor con parte de los movimientos analizados durante un largo per\u00edodo de su admirable actividad militante, hac\u00edan que el estudio, la investigaci\u00f3n de Prat pudiera adentrarse por direcciones enmara\u00f1adas. No ha sido el caso. Estamos ante un excelente libro hist\u00f3rico (y de historia reciente que en ocasiones es la m\u00e1s complicada), con investigaciones sociol\u00f3gicas anexas, que sin duda merece ser (y ser\u00e1) un libro de referencia en los estudios sobre los movimientos por la paz en Catalunya y tambi\u00e9n en Espa\u00f1a.<\/p>\n<p>Sabemos la importancia hist\u00f3rica, pol\u00edtica y cultural del tema. En lo que respecta a Catalunya, por concretar y no cometer errores, aunque afirmaciones similares podr\u00edan realizarse respecto a otros territorios espa\u00f1oles, las recientes manifestaciones por la paz han sido hasta el momento las movilizaciones ciudadanas m\u00e1s masivas conocidas, las intervenciones sociales que m\u00e1s han recordado la importante resistencia popular contra la permanencia en la OTAN y la inadmisible y estudiada manipulaci\u00f3n gubernamental anexa. Y no s\u00f3lo aqu\u00ed. No exagera un neutrino Enric Prat cuando afirma que \u201cel movimiento contra la guerra de Irak del a\u00f1o 2003 ser\u00e1 recordado como uno de los m\u00e1s extensos e internacionales que han existido en la historia de la humanidad\u201d (p. 1). Fueron a\u00f1os, adem\u00e1s, en que el movimiento espa\u00f1ol por la paz consegu\u00eda se\u00f1alar por el dedo de la acusaci\u00f3n razonada e informada las caracter\u00edsticas autoritarias (por decirlo suavemente, muy suavemente) del Ej\u00e9rcito espa\u00f1ol y denunciaba lo que supon\u00eda para muchos j\u00f3venes servir (en el sentido literal del t\u00e9rmino) durante a\u00f1os en una instituci\u00f3n como aqu\u00e9lla.<\/p>\n<p><i>Movi\u00e9ndose por la Paz. De Pax Christi a las movilizaciones contra la guerra <\/i>est\u00e1 dividido en 11 apretados cap\u00edtulos. Los temas tratados son las cuestiones esenciales del per\u00edodo movimientos antimilitaristas durante la transici\u00f3n, oposici\u00f3n a la entrada y permanencia de Espa\u00f1a en la OTAN, feminismo antimilitarista (uno de los cap\u00edtulos, en mi opini\u00f3n, m\u00e1s destacables y novedosos del ensayo), las movilizaciones contra las guerras del golfo,.. El lector puede encontrar un resumen de los temas estudiados en las p\u00e1ginas 15-18 de la Introducci\u00f3n. Pero el autor transita tambi\u00e9n con detalle por temas y derivadas menos conocidos: por los movimientos no violentos que existieron durante el franquismo, por las campa\u00f1as internacionales contra el uso de armas ligeras, por lo factores que conllevaron un reflujo del movimiento en algunos momentos, por las campa\u00f1as contra los presupuestos militares reales (que en Espa\u00f1a ascendieron realmente en 2004 a 15.185 millones de euros, m\u00e1s del 10% del Presupuestos generales del Estado), etc.<\/p>\n<p>El autor se\u00f1ala tres motivos centrales en la realizaci\u00f3n de su estudio: disponer de una \u201cpanor\u00e1mica completa de uno de los movimientos sociales m\u00e1s importantes de la historia contempor\u00e1nea en Catalunya\u201d (p. 6); conseguir que las aportaciones te\u00f3ricas y organizativas generadas por el movimiento \u201csean recuperadas e incorporadas a la memoria colectiva y en las obras de s\u00edntesis de historia contempor\u00e1nea de Catalunya\u201d (p. 7) y, en tercer lugar, que la investigaci\u00f3n \u201caporte informaciones y an\u00e1lisis que sean \u00fatiles para la reflexi\u00f3n te\u00f3rica sobre los movimientos sociales\u201d (p. 7). El primero y el tercero est\u00e1n conseguidos; el segundo es de justicia.<\/p>\n<p>Prat ha tenido el cuidado de no tergiversar nunca por exageraci\u00f3n el n\u00famero de los participantes en tal o cual movimiento o manifestaci\u00f3n, ha evitado cualquier revisi\u00f3n hist\u00f3rica en funci\u00f3n de perspectivas o puntos actualmente, s\u00f3lo actualmente, indiscutidos, y ha escrito pensando siempre en el lector o lectora joven, o no muy puesto en el tema, sin suponer conocimientos o informaci\u00f3n que acaso no tuviera hasta ese momento. Ese cuidado ha sido seguramente la raz\u00f3n por la que Prat ha preferido situar al final del volumen (p\u00e1ginas 297-329), con acierto editorial desde mi punto de vista, las documentadas e imprescindibles 480 notas de su ensayo, algunas de ellas con autonom\u00eda propia, casi breves art\u00edculos consideradas en s\u00ed mismas.<\/p>\n<p>Prat ha conseguido adem\u00e1s lo que s\u00f3lo alcanzan algunas destacadas investigaciones sociales y pol\u00edticas: que personas vinculadas a los movimientos estudiados, que ciudadanos\/as que han vivido intensamente la \u00e9poca analizada, no s\u00f3lo se reconozcan en el estudio sino que aprendan, ampl\u00eden sus elementos de an\u00e1lisis, el grado de comprensi\u00f3n de los temas estudiados, y que vuelvan a pensar con sosiego temas o tesis asentadas. Es mi caso, por ejemplo.<\/p>\n<p>Adem\u00e1s del encomiable e inusual trabajo sociol\u00f3gico que Prat ha realizado entre destacados participantes del movimiento (la izquierda, en ocasiones, tiende a ser poco emp\u00edrica, no se sabe si porque emp\u00edrico suena a empirista, que debe ser tan malo como ser neopositivista, o porque los dichosos datos suelen ser muy molestos para la defensa de determinadas conjeturas), y del que, seg\u00fan ha anunciado, dar\u00e1 cuenta detallada en pr\u00f3ximas publicaciones, hay una virtud intelectual que Prat ha mostrado en las p\u00e1ginas de su estudio. Mejor dicho, dos. Una, esencial, la modestia, el esfuerzo por aprender, por estudiar, aun cuando, como era su caso, sab\u00eda mucho por experiencia pol\u00edtica directa, y la segunda, la ausencia de cualquier s\u00edntoma de sectarismo pol\u00edtico, cultural, ideol\u00f3gico. No hay ning\u00fan franja del movimiento, contrario a la guerra, por minoritario que \u00e9ste fuera, activo en Catalunya, que quede olvidado en alg\u00fan archivo inalcanzable. Todos aquellos (y todas desde luego) que se esforzaron activamente por combatir la militarizaci\u00f3n de nuestras sociedades, las guerras y sus nefastas secuelas de muerte y destrucci\u00f3n, desde \u00f3pticas muy diversas, tienen su presencia en este estudio. Y, desde luego, sin una valoraci\u00f3n pol\u00edtica que mal dirija la lectura. Prat, por ejemplo, describe ajustadamente, con respeto y reconocimiento, los inicios del movimiento por la paz en Catalunya, movimientos iniciales que estuvieron protagonizados en muchas ocasiones por ciudadanos y grupos de orientaci\u00f3n cristiana, y defiende con excelentes razones la denominaci\u00f3n de movimiento por la paz para hablar de los movimientos estudiados, frente a otras denominaciones como \u201cmovimiento pacifista o \u201cmovimientos antimilitaristas\u201d, porque con ella \u201cse abarcan multitud de organizaciones, acciones y campa\u00f1as\u201d (p. 10) y \u201cporque aunque muchas personas se definan como pacifistas o antimilitaristas, bastante grupos y activistas no se han sentido identificados con estas identidades \u201c (p. 10).<\/p>\n<p>Como se\u00f1al\u00f3 el autor el d\u00eda de la exitosa presentaci\u00f3n de su ensayo en el Museo de Historia de Catalunya, el t\u00edtulo sugerido por otro historiador y fil\u00f3sofo, por Jordi Mir Garcia, apunta en la direcci\u00f3n correcta: <i>movi\u00e9ndose, movi\u00e9ndonos<\/i>, en presente y con inclusi\u00f3n, por algo tan esencial para la vida de las comunidades como es la paz, la ausencia de guerras de exterminio, aqu\u00ed, cerca o lejos de aqu\u00ed, donde sea.<\/p>\n<p>Estamos, pues, no s\u00f3lo ante un libro de referencia sino ante un libro necesario que parece finalizar de forma algo abrupta: \u201cEn el movimiento por paz de los a\u00f1os ochenta se produjo una transferencia de activistas hacia otros movimientos sociales, que no s\u00f3lo implic\u00f3 una transferencia num\u00e9rica de efectivos, sin tambi\u00e9n de sus conocimientos, experiencia y capacidades de organizaci\u00f3n, acci\u00f3n, comunicaci\u00f3n y elaboraci\u00f3n, contribuyendo de esta manera al desarrollo de ONG y grupos ecologistas\u201d (p. 278). Es un agradable y conocido, truco de escritor. Se se\u00f1alan aqu\u00ed nuevos \u00e1mbitos de estudio en los que muy probablemente, con certeza sin se me permite, Enric Prat sea una de las personas que est\u00e1 en mejores condiciones para regalarlos otra magn\u00edfica investigaci\u00f3n con no menos excelentes resultados.<\/p>\n<p>&nbsp;<\/p>\n<p>Salvador L\u00f3pez Arnal<\/p>\n","protected":false},"excerpt":{"rendered":"<p><P> Enric Prat, Movi&eacute;ndose por la Paz. De Pax Christi a las movilizaciones contra la guerra. Editorial Hacer, Barcelona, 2006. Pr&oacute;logo de Francisco Fern&aacute;ndez Buey, 329 p&aacute;ginas.<\/P><P>  <\/P><P> \t&ldquo;Este libro es sin duda la aproximaci&oacute;n m&aacute;s completa a la historia del movimiento por la paz que se ha editado hasta ahora en Espa&ntilde;a&rdquo;. Con estas ajustadas y merecidas palabras inicia Francisco Fern&aacute;ndez Buey el pr&oacute;logo que ha escrito para este excelente ensayo de Enric Prat cuyo tema central es la reciente historia de los movimiento por la paz en Catalunya desde los a&ntilde;os cincuenta del siglo pasado hasta pr&aacute;cticamente la actualidad. Y, como es sabido, en todo este per&iacute;odo ha habido de todo en el &aacute;mbito nacional e internacional: acuerdos sobre bases americanas (y temas anexos), guerra fr&iacute;a entre bloques, accidentes nucleares militares, incorporaci&oacute;n a la OTAN, masivos movimientos ciudadanos antiot&aacute;nicos, disoluci&oacute;n por liquidaci&oacute;n del Pacto de Varsovia, movimientos anti-mili, guerras en Europa, destrucci&oacute;n de federaciones, guerras en Mesopotamia, eliminaci&oacute;n de la conscripci&oacute;n obligatoria en nuestro pa&iacute;s, guerrillas revolucionarias. Largo etc&eacute;tera.<\/P><P> No era  tarea f&aacute;cil el trabajo de Enric Prat, historiador, activista prudente, de y con principios y miembro asesor de la revistas Viento Sur y Sin Permiso. Entre otros factores que podr&iacute;an enumerarse, la enorme, diversa y casi inabarcable informaci&oacute;n en algunos temas, junto con la escasez de datos sobre algunos per&iacute;odos y actuaciones; la casi inexistencia de estudios previos de tipo general; la fuerte vinculaci&oacute;n del autor con parte de los movimientos analizados durante un largo per&iacute;odo de su admirable actividad militante, hac&iacute;an que el estudio, la investigaci&oacute;n de Prat pudiera adentrarse por direcciones enmara&ntilde;adas. No ha sido el caso. Estamos ante un excelente libro hist&oacute;rico (y de historia reciente que en ocasiones es la m&aacute;s complicada), con investigaciones sociol&oacute;gicas anexas, que sin duda merece ser (y  ser&aacute;) un libro de referencia en los estudios sobre los movimientos por la paz en Catalunya y tambi&eacute;n en Espa&ntilde;a.<\/P><P> \tSabemos la importancia hist&oacute;rica, pol&iacute;tica y cultural del tema. En lo que respecta a Catalunya, por concretar y no cometer errores, aunque afirmaciones similares podr&iacute;an realizarse respecto a otros territorios espa&ntilde;oles, las recientes manifestaciones por la paz han sido hasta el momento las movilizaciones ciudadanas m&aacute;s masivas conocidas, las intervenciones sociales que m&aacute;s han recordado la importante resistencia popular contra la permanencia en la OTAN y la inadmisible y estudiada manipulaci&oacute;n gubernamental anexa. Y no s&oacute;lo aqu&iacute;. No exagera un neutrino Enric Prat cuando afirma que &ldquo;el movimiento contra la guerra de Irak del a&ntilde;o 2003 ser&aacute; recordado como uno de los m&aacute;s extensos e internacionales que han existido en la historia de la humanidad&rdquo; (p. 1). Fueron a&ntilde;os, adem&aacute;s, en que el movimiento espa&ntilde;ol por la paz consegu&iacute;a se&ntilde;alar por el dedo de la acusaci&oacute;n razonada e informada las caracter&iacute;sticas autoritarias (por decirlo suavemente, muy suavemente) del Ej&eacute;rcito espa&ntilde;ol y denunciaba lo que supon&iacute;a para muchos j&oacute;venes servir (en el sentido literal del t&eacute;rmino) durante a&ntilde;os en una instituci&oacute;n como aqu&eacute;lla.<\/P><P> \tMovi&eacute;ndose por la Paz. De Pax Christi a las movilizaciones contra la guerra est&aacute; dividido en 11 apretados cap&iacute;tulos. Los temas tratados son las cuestiones esenciales del per&iacute;odo movimientos antimilitaristas durante la transici&oacute;n, oposici&oacute;n a la entrada y permanencia de Espa&ntilde;a en la OTAN,  feminismo antimilitarista (uno de los cap&iacute;tulos, en mi opini&oacute;n, m&aacute;s destacables y novedosos del ensayo), las movilizaciones contra las guerras del golfo,.. El lector puede encontrar un resumen de los temas estudiados en las p&aacute;ginas 15-18 de la Introducci&oacute;n. Pero el autor transita tambi&eacute;n con detalle por temas y derivadas menos conocidos: por los movimientos no violentos que existieron durante el franquismo, por las campa&ntilde;as internacionales contra el uso de armas ligeras, por lo factores que conllevaron un reflujo del movimiento en algunos momentos, por las campa&ntilde;as contra los presupuestos militares reales (que en Espa&ntilde;a ascendieron realmente en 2004 a 15.185 millones de euros, m&aacute;s del 10% del Presupuestos generales del Estado), etc.<\/P><\/p>\n","protected":false},"author":9,"featured_media":0,"comment_status":"open","ping_status":"open","sticky":false,"template":"","format":"standard","meta":{"footnotes":""},"categories":[13],"tags":[1403,1404,917],"class_list":["post-639","post","type-post","status-publish","format-standard","hentry","category-la-izquierda-a-debate","tag-enric-prat","tag-moviendose-por-la-paz-de-pax-christi-a-las-movilizaciones-contra-la-guerra","tag-resenas"],"aioseo_notices":[],"_links":{"self":[{"href":"https:\/\/espai-marx.net\/index.php?rest_route=\/wp\/v2\/posts\/639","targetHints":{"allow":["GET"]}}],"collection":[{"href":"https:\/\/espai-marx.net\/index.php?rest_route=\/wp\/v2\/posts"}],"about":[{"href":"https:\/\/espai-marx.net\/index.php?rest_route=\/wp\/v2\/types\/post"}],"author":[{"embeddable":true,"href":"https:\/\/espai-marx.net\/index.php?rest_route=\/wp\/v2\/users\/9"}],"replies":[{"embeddable":true,"href":"https:\/\/espai-marx.net\/index.php?rest_route=%2Fwp%2Fv2%2Fcomments&post=639"}],"version-history":[{"count":0,"href":"https:\/\/espai-marx.net\/index.php?rest_route=\/wp\/v2\/posts\/639\/revisions"}],"wp:attachment":[{"href":"https:\/\/espai-marx.net\/index.php?rest_route=%2Fwp%2Fv2%2Fmedia&parent=639"}],"wp:term":[{"taxonomy":"category","embeddable":true,"href":"https:\/\/espai-marx.net\/index.php?rest_route=%2Fwp%2Fv2%2Fcategories&post=639"},{"taxonomy":"post_tag","embeddable":true,"href":"https:\/\/espai-marx.net\/index.php?rest_route=%2Fwp%2Fv2%2Ftags&post=639"}],"curies":[{"name":"wp","href":"https:\/\/api.w.org\/{rel}","templated":true}]}}