{"id":66,"date":"2006-03-29T00:00:00","date_gmt":"2006-03-29T00:00:00","guid":{"rendered":"https:\/\/espai-marx.net\/?p=66"},"modified":"2020-02-29T03:51:37","modified_gmt":"2020-02-29T02:51:37","slug":"dossier-antonio-negri-l-operaisme-italia-dels-seixanta-i-dels-setanta","status":"publish","type":"post","link":"https:\/\/espai-marx.net\/?p=66","title":{"rendered":"Dossier Antonio Negri L\u2019 \u201coperaisme\u201d itali\u00e0 dels seixanta i dels setanta"},"content":{"rendered":"<p><strong>Dos art\u00edcles que presenten l\u2019obrerisme itali\u00e0 dels anys seixanta\/setanta.<\/strong><\/p>\n<p><strong>Dos art\u00edculos que presentan el obrerismo italiano de lo a\u00f1os sesenta\/setenta.<\/strong><\/p>\n<p>\u00b7 <strong>Lenin y Leopardi en Manhattan. El itinerario de Autonomia operaia.<\/strong> Aldo Musci. Democrazia e diritto, Roma, gennaio-aprile 1991.<\/p>\n<p>\u00b7 <strong>Obrerismo.\/Opera\u00efsme.<\/strong> Voz en el Dictionnaire critique du marxisme. Bensussan-Labica. Paris, 1999.<\/p>\n<p>Textos de Negri<\/p>\n<p><strong>&#8216;La selecci\u00f3 de textos que presentem \u00e9s prec\u00e0ria i subjectiva. Potser serveixi m\u00e9s per a detectar el biaix de la lectura de Negri que em fet desde Espai Marx, que per a fer-se una idea completa de l&#8217;obra del nostre autor. Per exemple, els escrits de la \u00e9poca de l&#8217;obrerisme no hi s\u00f3n presents. Un buit que intentarem omplir. Naturalment, la nostra selecci\u00f3 no pot substituir l&#8217; esfor\u00e7 de lectura que qualsevol lector de Negri hauria de fer per a con\u00e8ixer la seva obra. Confiem en la col.laboraci\u00f3 per a suggerir-nos altres textos. La procedencia del textos \u00e9s diversa, des de traduccions nostres, fins a troballes a la xarxa&#8217;.<\/strong><\/p>\n<p><strong>&#8216;La presente selecci\u00f3n es una selecci\u00f3n precaria i subjetiva. Quiz\u00e1s sirve m\u00e1s para detectar el sesgo de la lectura de Negri que hemos hecho la gente que hacemos Espai Marx que para darse una idea completa de la obra de nuestro autor. Por ejemplo, lo escritos de la \u00e9poca del obrerismo no est\u00e1n preentes. Confiamos no en la colaboraci\u00f3n de lo lectores, para sugerirnos otros textos. La procedencia de los textos es diversa; desde traducciones por nuestra parte, hasta hallazgos en la red&#8217;.<\/strong><\/p>\n<p>\u00b7 <strong>Crisis del Estado-crisis<\/strong>. Prisi\u00f3n especial de Trani, noviembre de 1980<\/p>\n<p>\u00b7 <strong>Ocho tesis preliminares para una teor\u00eda del poder constituyente<\/strong> . &#8216;CONTRARIOS&#8217;. Abril 1989<\/p>\n<p>\u00b7 <strong>De la transici\u00f3n al poder constituyente.<\/strong> Futur Anterieur, n\u00ba2 Paris 1990<\/p>\n<p>\u00b7 <strong>Entrevista con Herramienta<\/strong> Roma, agosto de 2000.<\/p>\n<p>\u00b7 <strong>La primera crisis del posfordismo.<\/strong> Grado Cero, 20 de diciembre del 2000<\/p>\n<p>\u00b7 <strong>Retour ur l\u2019Italie des an\u00e9es 70.<\/strong> Le Monde Diplomatique.<\/p>\n<p>\u00b7 <strong>No es casualidad que las luchas se desarrollen contra el G-8 o el FMI, el centro del imperio. <\/strong>Entevista en La Jornada ( M\u00e9xico). 12 de julio 2001<\/p>\n<p>\u00b7 <strong>G8: deux mod\u00e8les pour le gouvernement mondial. <\/strong>Liberation ( Paris )\u00a0 Le mercredi 18 juillet 2001<\/p>\n<p>\u00b7 <strong>Qu\u00e9 quieren quienes protestan en G\u00e9nova. <\/strong>New York Times, 20 de julio de 2001<\/p>\n<p>Imperio<\/p>\n<p><strong>Extractes i un article de Negri per a fer-se una idea del llibre \u00ab\u00a0Imperi\u00a0\u00bb.<\/strong><\/p>\n<p><strong>Extractos y un art\u00edculo de Negri, para hacerse una idea del libro \u201cImperio\u201d<\/strong><\/p>\n<p>\u00b7 <strong>El &#8216;imperio&#8217;, supremo estadio del imperialismo. <\/strong>Toni Negri<\/p>\n<p>\u00b7 <strong>Prefacio a Imperio. <\/strong>Michael Hardt- Antonio Negri<\/p>\n<p>\u00b7 <strong>La multitud contra el Imperio.<\/strong> Secci\u00f3n 3 del cap\u00edtulo 4 de \u201cImperio\u201d. Michael Hardt- Antonio Negri<\/p>\n<p>\u00b7 <strong>Soberan\u00eda del Estado-naci\u00f3n.<\/strong> Apartado 2 del cap\u00edtulo 2, \u201cPasajes de Soberan\u00eda\u201d del libro Imperio. Michael Hardt- Antonio Negri<\/p>\n<p>Debat sobre Imperi e Imperialisme<\/p>\n<p><strong>\u201cImperi\u201dha causat un enorme debat entre el marxistes i m\u00e9s enll\u00e0. Conceptes com imperialisme, sobirania, etat&#8230;, entren en crisi i adquireixen nous significats. Aqu\u00ed va una petita mostra d\u2019aquest enrenou. M\u00e9s enll\u00e0 de l\u2019acord o el desacord amb Negri, benvinguda sigui aquesta tormenta d\u2019idees. Despr\u00e9s de la tormenta, est\u00e0 el futur.<\/strong><\/p>\n<p><strong>\u201cImperio\u201d ha causado un enorme debate entre los marxistas y m\u00e1s all\u00e1. Conceptos como imperialimo, soberania, estado&#8230;, entran en crisis i adquieren nuevos significados. Aqu\u00ed va una peque\u00f1a muestra de este revuelo. M\u00e1s all\u00e1 del acuerdo o desacuerdo con Negri, bienvenida sea esta tormenta de ideas. Tras ella, el futuro.<\/strong><\/p>\n<p>\u00b7 <strong>El Imperio \u00bfestadio terminal?<\/strong> Daniel Bensa\u00efd<\/p>\n<p>\u00b7 <strong>Antonio Negri et le pouvoir constituant. <\/strong>Daniel Bensa\u00efd<\/p>\n<p>\u00b7 <strong>La centralidad del estado en el mundo contempor\u00e1neo.<\/strong> James Petras<\/p>\n<p>\u00b7 <strong>El proyecto imperialista neoliberal de la hegemon\u00eda de Estados Unidos.<\/strong> Samir Amin<\/p>\n<p>\u00b7 <strong>Lo &#8216;Stato competitivo&#8217;.<\/strong> Sergio Cararo<\/p>\n<p>\u00b7 <strong>\u00bfImperio o imperialismo?<\/strong>Juan Chingo y Gustavo Dunga<\/p>\n<p><strong>Michael Hardt, coautor de Negri\u00a0de &#8216;Imperi&#8217; no \u00e9s gaire conegut entre nosaltres. Els dos articles que publiquem potser ajudin a un acostament a la seva obra.<\/strong><\/p>\n<p><strong>Michael Hardt, coautor\u00a0&#8216;Imperio&#8217; no es muy conocido entre nosotros. Los dos art\u00edculos que publicamos quiz\u00e1s ayuden a un acercamiento a su obra.<\/strong><\/p>\n<p>\u00b7 <strong>El deterioro de la sociedad civil<\/strong><\/p>\n<p>\u00b7 <strong>Trabajo afectivo<\/strong><\/p>\n<p>Negri en el cyberespai<\/p>\n<p><strong>Autonom\u00eda social (AUTSOC)<\/strong><\/p>\n<p><strong>Inmillorable plana en castell\u00e0 sobre Toni Negri: materials, biografia, articles, bibliografia, enlla\u00e7os&#8230;animada per Pete Bauman. Aquest n\u00famero d\u2019 Espai Marx no hauria estat possible sense aquesta plana.<\/strong><\/p>\n<p><strong>Inmejorable p\u00e1gina en castellano sobre Toni Negri: materiales, biograf\u00eda, art\u00edculos, bibliografia, enlaces&#8230; animada por Pete Bauman. Este n\u00famero de Espai Marx no habr\u00eda sido posible sin esta p\u00e1gina.<\/strong><\/p>\n<p><a href=\"http:\/\/usuarios.tripod.es\/pete_baumann\/autonomial.html\">http:\/\/usuarios.tripod.es\/pete_baumann\/autonomial.html<\/a><\/p>\n<p><strong>Grupo de discusi\u00f3n sobre Toni Negri<\/strong><\/p>\n<p><strong>Merc\u00e8s a aquest grup \u00e9s possible estar absolutamente al corrent de totes les novetats sobre Toni Negri: noves edicions de la seva obra en qualsevol idioma, art\u00edcles de premsa, pol\u00e8miques<\/strong><\/p>\n<p><strong>Gracias a este grupo se puede estar absolutamente al corriente de todas las novedades sobre Toni Negri: nuevas ediciones en cualquier idioma de su obra, art\u00edculos en la prensa, pol\u00e8micas&#8230;<\/strong><\/p>\n<p>http:\/\/groups.yahoo.com\/group\/toninegri<\/p>\n<p><strong>Libertad para Toni Negri, YA!!<\/strong><\/p>\n<p><strong>Plana amb informaci\u00f3 sobre la solidaritat amb Toni Negri i amb materials, art\u00edcles, etc. D\u2019aquest autor<\/strong><\/p>\n<p><strong>P\u00e1gina con informaci\u00f3n sobre la soldaridad con Toni Negri. Adem\u00e1s, materiales, art\u00edculos, etc., de este autor.<\/strong><\/p>\n<p><a href=\"http:\/\/www.civila.com\/hispania\/autonomia\/negri.htm\">http:\/\/www.civila.com\/hispania\/autonomia\/negri.htm<\/a><\/p>\n<p><strong>P\u00e1gina personal de Pete Bauman<\/strong><\/p>\n<p><strong>M\u00e9s informaci\u00f3 sobre Negri<\/strong><\/p>\n<p><strong>M\u00e1s informaci\u00f3n sobre Negri<\/strong><\/p>\n<p><a href=\"http:\/\/members.es.tripod.de\/pete_baumann\/index-28.html\">http:\/\/members.es.tripod.de\/pete_baumann\/index-28.html<\/a><\/p>\n<p><strong>P\u00e1gina personal de Michael Hardt<\/strong><\/p>\n<p><strong>Informaci\u00f3 sobre el coautor de Imperio y sobre la seva obra.<\/strong><\/p>\n<p><strong>Informaci\u00f3n sobre el coautor de Imperio y sobre su obra.<\/strong><\/p>\n<p><a href=\"http:\/\/www.duke.edu\/literature\/Hardt.html\">http:\/\/www.duke.edu\/literature\/Hardt.html<\/a><\/p>\n<p><strong>Estudia espinoziana<\/strong><\/p>\n<p><strong>El fil\u00f2sof del segle XVII que tant ha influit en l\u2019obra de Negri: biografia, cronologia, enlla\u00e7os&#8230;<\/strong><\/p>\n<p><strong>El fi\u00f3sofo del iglo XVII que tanto ha influido en Negri: biografia, obra, cronologia, enlaces&#8230;<\/strong><\/p>\n<p><a href=\"http:\/\/www.mtsu.edu\/~rbombard\/RB\/spinoza.new.html\">http:\/\/www.mtsu.edu\/~rbombard\/RB\/spinoza.new.html<\/a><\/p>\n<p><strong>Texas Archives of Autonomist Marxism<\/strong><\/p>\n<p><strong>Informacions i dades sobre l\u2019obrerisme itali\u00e0<\/strong><\/p>\n<p><strong>Informaciones y datos sobre el obrerismo italiano<\/strong><\/p>\n<p><a href=\"http:\/\/www.eco.utexas.edu\/Homepages\/Faculty\/Cleaver\/txarchintro.html\">http:\/\/www.eco.utexas.edu\/Homepages\/Faculty\/Cleaver\/txarchintro.html<\/a><\/p>\n<p><strong>Para coneguir \u00ab\u00a0Imperio\u00a0\u00bb<\/strong><\/p>\n<p><strong>Sencer , en word i tamb\u00e9 comprimit.<\/strong><\/p>\n<p><strong>Entero, en word i tambien comprimido.<\/strong><\/p>\n<p>http:\/\/www.griesca.org\/<\/p>\n<p>\u00a9EspaiMarx 2002<\/p>\n","protected":false},"excerpt":{"rendered":"<p>Dos art\u00edcles que presenten l\u2019obrerisme itali\u00e0 dels anys seixanta\/setanta.<\/p>\n<p>Dos art\u00edculos que presentan el obrerismo italiano de lo a\u00f1os sesenta\/setenta.<\/p>\n<p>\u00b7\u00a0\u00a0\u00a0\u00a0\u00a0\u00a0\u00a0\u00a0 Lenin y Leopardi en Manhattan. El itinerario de Autonomia operaia. Aldo Musci. Democrazia e diritto, Roma, gennaio-aprile 1991.<\/p>\n<p>\u00b7\u00a0\u00a0\u00a0\u00a0\u00a0\u00a0\u00a0\u00a0 Obrerismo.\/Opera\u00efsme. Voz en el Dictionnaire critique du marxisme. Bensussan-Labica. Paris, 1999.<\/p>\n<p>Textos de Negri<\/p>\n<p>&#8216;La selecci\u00f3 de textos que presentem \u00e9s prec\u00e0ria i subjectiva. Potser serveixi m\u00e9s per a detectar el biaix de la lectura de Negri que em fet desde Espai Marx, que per a fer-se una idea completa de l&#8217;obra del nostre autor. Per exemple, els escrits de la \u00e9poca de l&#8217;obrerisme no hi s\u00f3n presents. Un buit que intentarem omplir. Naturalment, la nostra selecci\u00f3 no pot substituir l&#8217; esfor\u00e7 de lectura que qualsevol lector de Negri hauria de fer per a con\u00e8ixer la seva obra. Confiem en la col.laboraci\u00f3 per a suggerir-nos altres textos. La procedencia del textos \u00e9s diversa, des de traduccions nostres, fins a troballes a la xarxa&#8217;.<\/p>\n","protected":false},"author":9,"featured_media":0,"comment_status":"open","ping_status":"open","sticky":false,"template":"","format":"standard","meta":{"footnotes":""},"categories":[13],"tags":[],"class_list":["post-66","post","type-post","status-publish","format-standard","hentry","category-la-izquierda-a-debate"],"aioseo_notices":[],"_links":{"self":[{"href":"https:\/\/espai-marx.net\/index.php?rest_route=\/wp\/v2\/posts\/66","targetHints":{"allow":["GET"]}}],"collection":[{"href":"https:\/\/espai-marx.net\/index.php?rest_route=\/wp\/v2\/posts"}],"about":[{"href":"https:\/\/espai-marx.net\/index.php?rest_route=\/wp\/v2\/types\/post"}],"author":[{"embeddable":true,"href":"https:\/\/espai-marx.net\/index.php?rest_route=\/wp\/v2\/users\/9"}],"replies":[{"embeddable":true,"href":"https:\/\/espai-marx.net\/index.php?rest_route=%2Fwp%2Fv2%2Fcomments&post=66"}],"version-history":[{"count":0,"href":"https:\/\/espai-marx.net\/index.php?rest_route=\/wp\/v2\/posts\/66\/revisions"}],"wp:attachment":[{"href":"https:\/\/espai-marx.net\/index.php?rest_route=%2Fwp%2Fv2%2Fmedia&parent=66"}],"wp:term":[{"taxonomy":"category","embeddable":true,"href":"https:\/\/espai-marx.net\/index.php?rest_route=%2Fwp%2Fv2%2Fcategories&post=66"},{"taxonomy":"post_tag","embeddable":true,"href":"https:\/\/espai-marx.net\/index.php?rest_route=%2Fwp%2Fv2%2Ftags&post=66"}],"curies":[{"name":"wp","href":"https:\/\/api.w.org\/{rel}","templated":true}]}}