{"id":6955,"date":"2020-03-05T05:00:39","date_gmt":"2020-03-05T04:00:39","guid":{"rendered":"https:\/\/espai-marx.net\/?p=6955"},"modified":"2020-03-07T05:57:05","modified_gmt":"2020-03-07T04:57:05","slug":"comunidad-nacionalismos-y-capital-karl-marx-textos-ineditos-presentacion-de-alvaro-garcia-linera-y-nestor-kohan","status":"publish","type":"post","link":"https:\/\/espai-marx.net\/?p=6955","title":{"rendered":"<i>Comunidad, nacionalismos y capital : Karl Marx: textos in\u00e9ditos<\/i>. Presentaci\u00f3n de \u00c1lvaro Garc\u00eda Linera y N\u00e9stor Kohan"},"content":{"rendered":"<p>V\u00eddeo de la presentaci\u00f3n del volumen <em>Karl Marx 200 a\u00f1os. Textos in\u00e9ditos (comunidad, nacionalismos y capital)<\/em>. Con la intervenci\u00f3n de \u00c1lvaro Garc\u00eda Linera y N\u00e9stor Kohan.<br \/>\nBanco Central de Bolivia, La Paz, mayo de 2018.<\/p>\n<p><strong>\u00cdndice del volumen presentado<\/strong><br \/>\n&#8211; <strong>I. Karl Marx: Cuaderno Kovalevsky (1879):<\/strong><br \/>\n&#8211; Introducci\u00f3n de Alvaro Garc\u00eda Linera (Bolivia)<br \/>\n-Cuaderno Kovalevsky.<br \/>\n&#8211; <strong>II: Karl Marx: Cr\u00edtica a List (1845)<\/strong><br \/>\n&#8211; Introducci\u00f3n de Alvaro Garc\u00eda Linera (Bolivia)<br \/>\n&#8211; Karl Marx: Borrador de un art\u00edculo acerca del libro de Friedrich List.<br \/>\n&#8211;\u00a0<strong>III. Karl Marx: Manuscritos 1861-1863. Cuadernos I y II (segundo borrador de El Capital)<\/strong><br \/>\n&#8211; Introducci\u00f3n de Enrique Dussel (M\u00e9xico)<br \/>\n&#8211; Karl Marx: Cap\u00edtulo tercero: El capital en general.<\/p>\n<p>El v\u00eddeo forma parte del <em>Proyecto Memoria del futuro<\/em> de Brancaleone Films.<br \/>\n<a href=\"http:\/\/www.cipec.nuevaradio.org\">C\u00e1tedra \u201cDe la teor\u00eda social de Marx a la teor\u00eda cr\u00edtica latinoamericana\u201d<\/a> (Sociolog\u00eda, Universidad de Buenos Aires -UBA) y <a href=\"http:\/\/www.amauta.lahaine.org\">C\u00e1tedra Che Guevara<\/a>.<\/p>\n<p><iframe loading=\"lazy\" src=\"https:\/\/www.youtube.com\/embed\/PAFP5fSxuDg\" width=\"640\" height=\"480\" frameborder=\"0\" allowfullscreen=\"allowfullscreen\"><\/iframe><\/p>\n","protected":false},"excerpt":{"rendered":"<p>V\u00eddeo de la presentaci\u00f3n del volumen <i>Karl Marx 200 a\u00f1os. Textos in\u00e9ditos (comunidad, nacionalismos y capital)<\/i>. Con la intervenci\u00f3n de \u00c1lvaro Garc\u00eda Linera y N\u00e9stor Kohan.<br \/>\nBanco Central de Bolivia, La Paz, mayo de 2018.<\/p>\n","protected":false},"author":9,"featured_media":7015,"comment_status":"open","ping_status":"open","sticky":false,"template":"","format":"standard","meta":{"footnotes":""},"categories":[8],"tags":[1478,868,921],"class_list":["post-6955","post","type-post","status-publish","format-standard","has-post-thumbnail","hentry","category-filosofia","tag-comunidad-nacionalismos-y-capital","tag-karl-marx","tag-presentaciones"],"aioseo_notices":[],"_links":{"self":[{"href":"https:\/\/espai-marx.net\/index.php?rest_route=\/wp\/v2\/posts\/6955","targetHints":{"allow":["GET"]}}],"collection":[{"href":"https:\/\/espai-marx.net\/index.php?rest_route=\/wp\/v2\/posts"}],"about":[{"href":"https:\/\/espai-marx.net\/index.php?rest_route=\/wp\/v2\/types\/post"}],"author":[{"embeddable":true,"href":"https:\/\/espai-marx.net\/index.php?rest_route=\/wp\/v2\/users\/9"}],"replies":[{"embeddable":true,"href":"https:\/\/espai-marx.net\/index.php?rest_route=%2Fwp%2Fv2%2Fcomments&post=6955"}],"version-history":[{"count":0,"href":"https:\/\/espai-marx.net\/index.php?rest_route=\/wp\/v2\/posts\/6955\/revisions"}],"wp:featuredmedia":[{"embeddable":true,"href":"https:\/\/espai-marx.net\/index.php?rest_route=\/wp\/v2\/media\/7015"}],"wp:attachment":[{"href":"https:\/\/espai-marx.net\/index.php?rest_route=%2Fwp%2Fv2%2Fmedia&parent=6955"}],"wp:term":[{"taxonomy":"category","embeddable":true,"href":"https:\/\/espai-marx.net\/index.php?rest_route=%2Fwp%2Fv2%2Fcategories&post=6955"},{"taxonomy":"post_tag","embeddable":true,"href":"https:\/\/espai-marx.net\/index.php?rest_route=%2Fwp%2Fv2%2Ftags&post=6955"}],"curies":[{"name":"wp","href":"https:\/\/api.w.org\/{rel}","templated":true}]}}