{"id":7100,"date":"2020-03-21T05:00:45","date_gmt":"2020-03-21T04:00:45","guid":{"rendered":"https:\/\/espai-marx.net\/?p=7100"},"modified":"2020-03-11T04:21:36","modified_gmt":"2020-03-11T03:21:36","slug":"carlos-perez-soto-la-idea-de-clase-social-en-la-epoca-post-fordista","status":"publish","type":"post","link":"https:\/\/espai-marx.net\/?p=7100","title":{"rendered":"Carlos P\u00e9rez Soto &#8211; La idea de clase social en la \u00e9poca post fordista"},"content":{"rendered":"<div id=\"top-row\" class=\"style-scope ytd-video-secondary-info-renderer\">\n<div id=\"upload-info\" class=\"style-scope ytd-video-owner-renderer\">\n<div id=\"container\" class=\"style-scope ytd-channel-name\">\n<div id=\"text-container\" class=\"style-scope ytd-channel-name\"><a class=\"yt-simple-endpoint style-scope yt-formatted-string\" dir=\"auto\" spellcheck=\"false\" href=\"https:\/\/www.youtube.com\/channel\/UCcAFzGJh_KTNwel7-gCpDVQ\">CLACSO TV<\/a><\/div>\n<\/div>\n<\/div>\n<div id=\"analytics-button\" class=\"style-scope ytd-video-owner-renderer\"><\/div>\n<div id=\"subscribe-button\" class=\"style-scope ytd-video-secondary-info-renderer\"><strong>La idea de clase social en la \u00e9poca post fordista<\/strong><\/div>\n<div class=\"style-scope ytd-video-secondary-info-renderer\">Panel presentado en la segunda edici\u00f3n de la Escuela Paradigmas cr\u00edticos de la emancipaci\u00f3n en el Caribe y Am\u00e9rica Latina.<\/div>\n<div class=\"style-scope ytd-video-secondary-info-renderer\">La actividad se registr\u00f3 el 26 de junio de 2018 en La Habana, Cuba.<\/div>\n<div class=\"style-scope ytd-video-secondary-info-renderer\">+ Organizado por CLACSO, Casa de las Am\u00e9ricas, Instituto de Filosof\u00eda y Fundaci\u00f3n Rosa Luxemburgo<\/div>\n<div class=\"style-scope ytd-video-secondary-info-renderer\">+ Instituciones colaboradoras: C\u00e1tedra de pensamiento cr\u00edtico Franz Hinkelammert del Instituto de Filosof\u00eda (La Habana, Cuba), Fundaci\u00f3n Juan Bosch (Rep\u00fablica Dominicana), C\u00e1tedra UNESCO por el di\u00e1logo intercultural de Nuestra Am\u00e9rica, Casa de las Am\u00e9ricas (La Habana, Cuba).<\/div>\n<div><\/div>\n<\/div>\n<p><iframe loading=\"lazy\" title=\"Carlos Pe\u0301rez Soto - \u201cLa idea de clase social en la \u00e9poca post fordista\u201d\" width=\"800\" height=\"450\" src=\"https:\/\/www.youtube.com\/embed\/3wnucB1TyoQ?feature=oembed\" frameborder=\"0\" allow=\"accelerometer; autoplay; clipboard-write; encrypted-media; gyroscope; picture-in-picture; web-share\" referrerpolicy=\"strict-origin-when-cross-origin\" allowfullscreen><\/iframe><\/p>\n","protected":false},"excerpt":{"rendered":"<p><b>La idea de clase social en la \u00e9poca post fordista<\/b><br \/>\nPanel presentado en la segunda edici\u00f3n de la Escuela Paradigmas cr\u00edticos de la emancipaci\u00f3n en el Caribe y Am\u00e9rica Latina.<br \/>\nLa actividad se registr\u00f3 el 26 de junio de 2018 en La Habana, Cuba.<br \/>\n+ Organizado por CLACSO, Casa de las Am\u00e9ricas, Instituto de Filosof\u00eda y Fundaci\u00f3n Rosa Luxemburgo<br \/>\n+ Instituciones colaboradoras: C\u00e1tedra de pensamiento cr\u00edtico Franz Hinkelammert del Instituto de Filosof\u00eda (La Habana, Cuba), Fundaci\u00f3n Juan Bosch (Rep\u00fablica Dominicana), C\u00e1tedra UNESCO por el di\u00e1logo intercultural de Nuestra Am\u00e9rica, Casa de las Am\u00e9ricas (La Habana, Cuba).<\/p>\n","protected":false},"author":5,"featured_media":0,"comment_status":"open","ping_status":"open","sticky":false,"template":"","format":"standard","meta":{"footnotes":""},"categories":[3,13,45,833],"tags":[],"class_list":["post-7100","post","type-post","status-publish","format-standard","hentry","category-condiciones-de-vida","category-la-izquierda-a-debate","category-proletariado-demos-multidud","category-videos"],"aioseo_notices":[],"_links":{"self":[{"href":"https:\/\/espai-marx.net\/index.php?rest_route=\/wp\/v2\/posts\/7100","targetHints":{"allow":["GET"]}}],"collection":[{"href":"https:\/\/espai-marx.net\/index.php?rest_route=\/wp\/v2\/posts"}],"about":[{"href":"https:\/\/espai-marx.net\/index.php?rest_route=\/wp\/v2\/types\/post"}],"author":[{"embeddable":true,"href":"https:\/\/espai-marx.net\/index.php?rest_route=\/wp\/v2\/users\/5"}],"replies":[{"embeddable":true,"href":"https:\/\/espai-marx.net\/index.php?rest_route=%2Fwp%2Fv2%2Fcomments&post=7100"}],"version-history":[{"count":0,"href":"https:\/\/espai-marx.net\/index.php?rest_route=\/wp\/v2\/posts\/7100\/revisions"}],"wp:attachment":[{"href":"https:\/\/espai-marx.net\/index.php?rest_route=%2Fwp%2Fv2%2Fmedia&parent=7100"}],"wp:term":[{"taxonomy":"category","embeddable":true,"href":"https:\/\/espai-marx.net\/index.php?rest_route=%2Fwp%2Fv2%2Fcategories&post=7100"},{"taxonomy":"post_tag","embeddable":true,"href":"https:\/\/espai-marx.net\/index.php?rest_route=%2Fwp%2Fv2%2Ftags&post=7100"}],"curies":[{"name":"wp","href":"https:\/\/api.w.org\/{rel}","templated":true}]}}