{"id":7137,"date":"2020-03-14T05:00:30","date_gmt":"2020-03-14T04:00:30","guid":{"rendered":"https:\/\/espai-marx.net\/?p=7137"},"modified":"2020-03-11T04:23:45","modified_gmt":"2020-03-11T03:23:45","slug":"presentacion-del-libro-visconti-y-la-decadencia","status":"publish","type":"post","link":"https:\/\/espai-marx.net\/?p=7137","title":{"rendered":"Presentaci\u00f3n del libro <i> Visconti y la decadencia<\/i>"},"content":{"rendered":"<p>Andr\u00e9s de Francisco. <em>Visconti y la decadencia : una mirada a la modernidad<\/em>. El Viejo Topo, 2019.<\/p>\n<p>Presentaci\u00f3n en la sede de la Sociedad Cultural Gijonesa el 28 de febrero de 2020.<br \/>\nIntervenci\u00f3n del autor con la colaboraci\u00f3n de Germ\u00e1n Cano y Ana Useros.<\/p>\n<p><strong><em>Visconti y la decadencia. Otra mirada a la modernidad.<\/em><\/strong><\/p>\n<p>Lejos de modas y coyunturas, este libro nace de la fascinaci\u00f3n por el cine de Visconti y el universo cultural de sus grandes pel\u00edculas de madurez. Con la crisis de la modernidad como trasfondo y la decadencia como leitmotiv, el lector transitar\u00e1 de la literatura a la filosof\u00eda y la historia para adentrarse en un universo donde est\u00e9tica y pol\u00edtica se entremezclan. Donde el mal y el bien conviven en rara complementariedad. Donde la sofisticaci\u00f3n no logra enterrar a lo grotesco, y la muerte se convierte en anhelo.<\/p>\n<p>En este universo de luz crepuscular y sutil melancol\u00eda, con tanta elegancia como iron\u00eda, exponen sus pensamientos Plat\u00f3n, Schopenhauer y Nietzsche. All\u00ed escriben sus cuentos maravillosos Thomas Mann y Giuseppe di Lampedusa. All\u00ed viven y padecen reyes, pr\u00edncipes y artistas mientras suena la m\u00fasica de Verdi, Wagner o Mahler. Este Visconti y la decadencia es una invitaci\u00f3n a recuperar \u2013de la mano del mejor cine de Visconti\u2013 lo mejor de la gran cultura europea de finales del siglo XIX y principios del XX.<\/p>\n<p>Pero no solo eso. El libro de Andr\u00e9s de Francisco es una invitaci\u00f3n a reflexionar \u2013entre otras cosas\u2013 sobre el erotismo y la belleza, sobre la vida y su tragedia, o sobre la quiebra de la civilizaci\u00f3n burguesa y la barbarie fascista. Todo, mientras escuchamos el preludio del <em>Trist\u00e1n e Isolda<\/em>, nos acordamos de c\u00f3mo Sigfrido descubri\u00f3 el miedo o nos dejamos llevar por el adagietto de la Quinta de Mahler hasta fundirnos por unos instantes en la tentadora infinitud del ser, primigenio y ca\u00f3tico.<\/p>\n<p><strong>El autor<\/strong><\/p>\n<p>Andr\u00e9s de Francisco (1963) es doctor en filosof\u00eda y profesor titular en la Universidad Complutense de Madrid. Autor entre otros libros de \u2018<em>La mirada republicana\u2019<\/em> (Catarata, 2012) y editor de \u2018<em>Harrington, Stuart Mill y Marx<\/em>\u2019, ha desarrollado un creciente inter\u00e9s por la interpretaci\u00f3n filos\u00f3fica de obras y g\u00e9neros cinematogr\u00e1ficos, inter\u00e9s que empez\u00f3 con su \u2018<em>El western como cine pol\u00edtico y moral<\/em>\u2019 (La balsa de la Medusa, 2011) y ha concluido por ahora con el presente libro \u2018<em>Visconti y la decadencia<\/em>\u2019. (Informaci\u00f3n obtenida de la <a href=\"https:\/\/www.elviejotopo.com\/libro\/visconti-y-la-decadencia\/\">p\u00e1gina de El Viejo Topo<\/a>, editora del libro)<\/p>\n<p><iframe loading=\"lazy\" title=\"PRESENTACI\u00d3N DEL LIBRO &quot;VISCONTI Y LA DECADENCIA&quot; de ANDRES DE FRANCISCO\" width=\"800\" height=\"450\" src=\"https:\/\/www.youtube.com\/embed\/7AaOPK2Jj44?feature=oembed\" frameborder=\"0\" allow=\"accelerometer; autoplay; clipboard-write; encrypted-media; gyroscope; picture-in-picture; web-share\" referrerpolicy=\"strict-origin-when-cross-origin\" allowfullscreen><\/iframe><\/p>\n","protected":false},"excerpt":{"rendered":"<p>Andr\u00e9s de Francisco. Visconti y la decadencia : una mirada a la modernidad. El Viejo Topo, 2019. Presentaci\u00f3n en la<\/p>\n","protected":false},"author":5,"featured_media":7138,"comment_status":"open","ping_status":"open","sticky":false,"template":"","format":"standard","meta":{"footnotes":""},"categories":[6,19],"tags":[1177,1497,921,1498],"class_list":["post-7137","post","type-post","status-publish","format-standard","has-post-thumbnail","hentry","category-cine","category-cultura","tag-andres-de-francisco","tag-luchino-visconti","tag-presentaciones","tag-visconti-y-la-decadencia"],"aioseo_notices":[],"_links":{"self":[{"href":"https:\/\/espai-marx.net\/index.php?rest_route=\/wp\/v2\/posts\/7137","targetHints":{"allow":["GET"]}}],"collection":[{"href":"https:\/\/espai-marx.net\/index.php?rest_route=\/wp\/v2\/posts"}],"about":[{"href":"https:\/\/espai-marx.net\/index.php?rest_route=\/wp\/v2\/types\/post"}],"author":[{"embeddable":true,"href":"https:\/\/espai-marx.net\/index.php?rest_route=\/wp\/v2\/users\/5"}],"replies":[{"embeddable":true,"href":"https:\/\/espai-marx.net\/index.php?rest_route=%2Fwp%2Fv2%2Fcomments&post=7137"}],"version-history":[{"count":0,"href":"https:\/\/espai-marx.net\/index.php?rest_route=\/wp\/v2\/posts\/7137\/revisions"}],"wp:featuredmedia":[{"embeddable":true,"href":"https:\/\/espai-marx.net\/index.php?rest_route=\/wp\/v2\/media\/7138"}],"wp:attachment":[{"href":"https:\/\/espai-marx.net\/index.php?rest_route=%2Fwp%2Fv2%2Fmedia&parent=7137"}],"wp:term":[{"taxonomy":"category","embeddable":true,"href":"https:\/\/espai-marx.net\/index.php?rest_route=%2Fwp%2Fv2%2Fcategories&post=7137"},{"taxonomy":"post_tag","embeddable":true,"href":"https:\/\/espai-marx.net\/index.php?rest_route=%2Fwp%2Fv2%2Ftags&post=7137"}],"curies":[{"name":"wp","href":"https:\/\/api.w.org\/{rel}","templated":true}]}}