{"id":7184,"date":"2020-03-17T05:00:04","date_gmt":"2020-03-17T04:00:04","guid":{"rendered":"https:\/\/espai-marx.net\/?p=7184"},"modified":"2020-03-17T03:57:58","modified_gmt":"2020-03-17T02:57:58","slug":"nuevas-entradas-en-els-arbres-de-fahrenheit","status":"publish","type":"post","link":"https:\/\/espai-marx.net\/?p=7184","title":{"rendered":"Nuevas entradas en Els Arbres de Fahrenheit: mujeres y revoluci\u00f3n"},"content":{"rendered":"<p>Aunque con un poco de retraso, quer\u00edamos conmemorar el D\u00eda Internacional de la Mujer Trabajadora a\u00f1adiendo a nuestra biblioteca Els Arbres de Fahrenheit obras de mujeres implicadas en procesos emancipatorios y revolucionarios. 8 para el d\u00eda 8.<\/p>\n<p>En su mayor parte proceden de una biblioteca virtual a la que agradecemos su esfuerzo divulgativo: <a href=\"https:\/\/elsudamericano.wordpress.com\/\">El Sudamericano<\/a>.<\/p>\n<table style=\"border-collapse: collapse; width: 100%;\" border=\"1\">\n<tbody>\n<tr style=\"height: 372px;\">\n<td style=\"width: 33.3333%; text-align: center; height: 372px;\"><a href=\"https:\/\/espai-marx.net\/elsarbres\/?rcno_review=la-comuna-de-paris-louise-michel\"><img loading=\"lazy\" decoding=\"async\" class=\"size-medium wp-image-7189 aligncenter\" src=\"https:\/\/espai-marx.net\/wp-content\/uploads\/2020\/03\/la_comuna_michel-214x300.jpg\" alt=\"\" width=\"214\" height=\"300\" srcset=\"https:\/\/espai-marx.net\/wp-content\/uploads\/2020\/03\/la_comuna_michel-214x300.jpg 214w, https:\/\/espai-marx.net\/wp-content\/uploads\/2020\/03\/la_comuna_michel.jpg 229w\" sizes=\"auto, (max-width: 214px) 100vw, 214px\" \/><\/a><a href=\"https:\/\/espai-marx.net\/elsarbres\/?rcno_review=la-comuna-de-paris-louise-michel\"><strong>La Comuna de Par\u00eds<\/strong><\/a><strong><br \/>\n<\/strong><strong>Louise Michel<\/strong><\/td>\n<td style=\"width: 33.3333%; text-align: center; height: 372px;\"><a href=\"https:\/\/espai-marx.net\/elsarbres\/?rcno_review=la-bolchevique-enamorada-alexandra-kollontai\"><img loading=\"lazy\" decoding=\"async\" class=\"size-medium wp-image-7186 aligncenter\" src=\"https:\/\/espai-marx.net\/wp-content\/uploads\/2020\/03\/bolchevique_enamorada-kollontai-188x300.jpg\" alt=\"\" width=\"188\" height=\"300\" srcset=\"https:\/\/espai-marx.net\/wp-content\/uploads\/2020\/03\/bolchevique_enamorada-kollontai-188x300.jpg 188w, https:\/\/espai-marx.net\/wp-content\/uploads\/2020\/03\/bolchevique_enamorada-kollontai.jpg 313w\" sizes=\"auto, (max-width: 188px) 100vw, 188px\" \/><\/a><a href=\"https:\/\/espai-marx.net\/elsarbres\/?rcno_review=la-bolchevique-enamorada-alexandra-kollontai\"><strong>La bolchevique enamorada<br \/>\n<\/strong><\/a><strong>Alexandra Kollontai<\/strong><\/td>\n<td style=\"width: 33.3333%; text-align: center; height: 372px;\"><a href=\"https:\/\/espai-marx.net\/elsarbres\/?rcno_review=autobiografia-de-una-mujer-sexualmente-emancipada-alexandra-kollontai\"><img loading=\"lazy\" decoding=\"async\" class=\"size-medium wp-image-7188 aligncenter\" src=\"https:\/\/espai-marx.net\/wp-content\/uploads\/2020\/03\/autobiografia_kollontai-200x300.jpg\" alt=\"\" width=\"200\" height=\"300\" srcset=\"https:\/\/espai-marx.net\/wp-content\/uploads\/2020\/03\/autobiografia_kollontai-200x300.jpg 200w, https:\/\/espai-marx.net\/wp-content\/uploads\/2020\/03\/autobiografia_kollontai.jpg 317w\" sizes=\"auto, (max-width: 200px) 100vw, 200px\" \/><\/a><a href=\"https:\/\/espai-marx.net\/elsarbres\/?rcno_review=autobiografia-de-una-mujer-sexualmente-emancipada-alexandra-kollontai\"><strong>Autobiograf\u00eda de una mujer sexualmente emancipada<\/strong><\/a><br \/>\n<strong>Alexandra Kollontai<\/strong><\/td>\n<\/tr>\n<tr style=\"height: 372px;\">\n<td style=\"width: 33.3333%; text-align: center; height: 372px;\"><a href=\"https:\/\/espai-marx.net\/elsarbres\/?rcno_review=introduccion-a-la-economia-politica-rosa-luxemburg\"><img loading=\"lazy\" decoding=\"async\" class=\"size-medium wp-image-7190 aligncenter\" src=\"https:\/\/espai-marx.net\/wp-content\/uploads\/2020\/03\/introduccion_economia_luxemburgo-200x300.jpg\" alt=\"\" width=\"200\" height=\"300\" srcset=\"https:\/\/espai-marx.net\/wp-content\/uploads\/2020\/03\/introduccion_economia_luxemburgo-200x300.jpg 200w, https:\/\/espai-marx.net\/wp-content\/uploads\/2020\/03\/introduccion_economia_luxemburgo.jpg 267w\" sizes=\"auto, (max-width: 200px) 100vw, 200px\" \/><\/a><strong><a href=\"https:\/\/espai-marx.net\/elsarbres\/?rcno_review=introduccion-a-la-economia-politica-rosa-luxemburg\">Introducci\u00f3n a la econom\u00eda pol\u00edtica<\/a><br \/>\nRosa Luxemburgo<br \/>\n<\/strong><\/td>\n<td style=\"width: 33.3333%; text-align: center; height: 372px;\"><a href=\"https:\/\/espai-marx.net\/elsarbres\/?rcno_review=rosa-luxemburg-y-el-espontaneismo-revolucionario-seleccion-de-textos\"><img loading=\"lazy\" decoding=\"async\" class=\"size-medium wp-image-7191 aligncenter\" src=\"https:\/\/espai-marx.net\/wp-content\/uploads\/2020\/03\/102-rosa-luxemburgo-espontaneismo-212x300.jpg\" alt=\"\" width=\"212\" height=\"300\" srcset=\"https:\/\/espai-marx.net\/wp-content\/uploads\/2020\/03\/102-rosa-luxemburgo-espontaneismo-212x300.jpg 212w, https:\/\/espai-marx.net\/wp-content\/uploads\/2020\/03\/102-rosa-luxemburgo-espontaneismo.jpg 350w\" sizes=\"auto, (max-width: 212px) 100vw, 212px\" \/><\/a><a href=\"https:\/\/espai-marx.net\/elsarbres\/?rcno_review=rosa-luxemburg-y-el-espontaneismo-revolucionario-seleccion-de-textos\"><strong>Rosa Luxemburgo y el espontane\u00edsmo revolucionario<\/strong><\/a><\/td>\n<td style=\"width: 33.3333%; text-align: center; height: 372px;\"><a href=\"https:\/\/espai-marx.net\/elsarbres\/?rcno_review=huelga-de-masas-partido-y-sindicatos-rosa-luxemburg\"><img loading=\"lazy\" decoding=\"async\" class=\"size-medium wp-image-7192 aligncenter\" src=\"https:\/\/espai-marx.net\/wp-content\/uploads\/2020\/03\/huelga_masas-luxemburgo-189x300.jpg\" alt=\"\" width=\"189\" height=\"300\" srcset=\"https:\/\/espai-marx.net\/wp-content\/uploads\/2020\/03\/huelga_masas-luxemburgo-189x300.jpg 189w, https:\/\/espai-marx.net\/wp-content\/uploads\/2020\/03\/huelga_masas-luxemburgo.jpg 385w\" sizes=\"auto, (max-width: 189px) 100vw, 189px\" \/><\/a><a href=\"https:\/\/espai-marx.net\/elsarbres\/?rcno_review=huelga-de-masas-partido-y-sindicatos-rosa-luxemburg\"><strong>Huelga de masas, partido y sindicatos<\/strong><\/a><strong><br \/>\n<\/strong><strong>Rosa Luxemburgo<\/strong><\/td>\n<\/tr>\n<tr style=\"height: 24px;\">\n<td style=\"width: 33.3333%; height: 24px; text-align: center;\"><strong><a href=\"https:\/\/espai-marx.net\/elsarbres\/?rcno_review=mujeres-en-revolucion-clara-zetkin\"><img loading=\"lazy\" decoding=\"async\" class=\"size-medium wp-image-7200 aligncenter\" src=\"https:\/\/espai-marx.net\/wp-content\/uploads\/2020\/03\/mujeres_en_revolucion_zetkin-208x300.jpg\" alt=\"\" width=\"208\" height=\"300\" srcset=\"https:\/\/espai-marx.net\/wp-content\/uploads\/2020\/03\/mujeres_en_revolucion_zetkin-208x300.jpg 208w, https:\/\/espai-marx.net\/wp-content\/uploads\/2020\/03\/mujeres_en_revolucion_zetkin.jpg 580w\" sizes=\"auto, (max-width: 208px) 100vw, 208px\" \/><\/a><\/strong><strong><a href=\"https:\/\/espai-marx.net\/elsarbres\/?rcno_review=mujeres-en-revolucion-clara-zetkin\">Mujeres en revoluci\u00f3n<\/a><br \/>\nClara Zetkin<\/strong><\/td>\n<td style=\"width: 33.3333%; height: 24px; text-align: center;\"><a href=\"https:\/\/espai-marx.net\/elsarbres\/?rcno_review=la-commune-de-paris-y-la-revolucion-espanola-federica-montseny\"><img loading=\"lazy\" decoding=\"async\" class=\"size-full wp-image-7201 aligncenter\" src=\"https:\/\/espai-marx.net\/wp-content\/uploads\/2020\/03\/la_comuna_y_la_revolucion_espa\u00f1ola_montseny.jpg\" alt=\"\" width=\"189\" height=\"267\" \/><\/a><strong><a href=\"https:\/\/espai-marx.net\/elsarbres\/?rcno_review=la-commune-de-paris-y-la-revolucion-espanola-federica-montseny\">La Commune de Par\u00eds y la revoluci\u00f3n espa\u00f1ola<\/a><br \/>\nFederica Montseny<\/strong><\/td>\n<td style=\"width: 33.3333%; height: 24px;\"><\/td>\n<\/tr>\n<\/tbody>\n<\/table>\n<p>&nbsp;<\/p>\n<p>&nbsp;<\/p>\n<p>&nbsp;<\/p>\n","protected":false},"excerpt":{"rendered":"<p>Aunque con un poco de retraso, quer\u00edamos conmemorar el D\u00eda Internacional de la Mujer Trabajadora a\u00f1adiendo a nuestra biblioteca Els Arbres de Fahrenheit obras de mujeres implicadas en procesos emancipatorios y revolucionarios. En su mayor parte proceden de una biblioteca virtual a la que agradecemos su esfuerzo: El Sudamericano.<\/p>\n","protected":false},"author":5,"featured_media":7213,"comment_status":"open","ping_status":"open","sticky":false,"template":"","format":"standard","meta":{"footnotes":""},"categories":[825],"tags":[1490],"class_list":["post-7184","post","type-post","status-publish","format-standard","has-post-thumbnail","hentry","category-elsarbres","tag-mujeres"],"aioseo_notices":[],"_links":{"self":[{"href":"https:\/\/espai-marx.net\/index.php?rest_route=\/wp\/v2\/posts\/7184","targetHints":{"allow":["GET"]}}],"collection":[{"href":"https:\/\/espai-marx.net\/index.php?rest_route=\/wp\/v2\/posts"}],"about":[{"href":"https:\/\/espai-marx.net\/index.php?rest_route=\/wp\/v2\/types\/post"}],"author":[{"embeddable":true,"href":"https:\/\/espai-marx.net\/index.php?rest_route=\/wp\/v2\/users\/5"}],"replies":[{"embeddable":true,"href":"https:\/\/espai-marx.net\/index.php?rest_route=%2Fwp%2Fv2%2Fcomments&post=7184"}],"version-history":[{"count":0,"href":"https:\/\/espai-marx.net\/index.php?rest_route=\/wp\/v2\/posts\/7184\/revisions"}],"wp:featuredmedia":[{"embeddable":true,"href":"https:\/\/espai-marx.net\/index.php?rest_route=\/wp\/v2\/media\/7213"}],"wp:attachment":[{"href":"https:\/\/espai-marx.net\/index.php?rest_route=%2Fwp%2Fv2%2Fmedia&parent=7184"}],"wp:term":[{"taxonomy":"category","embeddable":true,"href":"https:\/\/espai-marx.net\/index.php?rest_route=%2Fwp%2Fv2%2Fcategories&post=7184"},{"taxonomy":"post_tag","embeddable":true,"href":"https:\/\/espai-marx.net\/index.php?rest_route=%2Fwp%2Fv2%2Ftags&post=7184"}],"curies":[{"name":"wp","href":"https:\/\/api.w.org\/{rel}","templated":true}]}}