{"id":7231,"date":"2020-03-28T05:00:24","date_gmt":"2020-03-28T04:00:24","guid":{"rendered":"https:\/\/espai-marx.net\/?p=7231"},"modified":"2020-03-27T13:27:47","modified_gmt":"2020-03-27T12:27:47","slug":"marx-inedito-colonialismo-cuaderno-de-londres-no-xiv-1851-nestor-kohan-y-marcelo-delgadillo","status":"publish","type":"post","link":"https:\/\/espai-marx.net\/?p=7231","title":{"rendered":"Presentaciones del libro <i>Colonialismo: Cuaderno N\u00ba XIV de Londres (in\u00e9dito)<\/i> de Karl Marx"},"content":{"rendered":"<p>El 6 de septiembre de 2019 se present\u00f3 el libro <em>Colonialismo: Cuaderno N\u00ba XIV de Londres (in\u00e9dito)<\/em> de Karl Marx publicado por la vicepresidencia del gobierno boliviano. En el acto de presentaci\u00f3n participaron el vicepresidente del Estado Plurinacional de Bolivia, \u00c1lvaro Garc\u00eda Linera, y el bi\u00f3grafo de Marx y editor del MEGA 2, Michael Heinrich. Solo hemos podido localizar la grabaci\u00f3n de la intervenci\u00f3n de Garc\u00eda Linera. Como material complementario a esta grabaci\u00f3n enlazamos por tanto con <a href=\"http:\/\/www.la-razon.com\/suplementos\/animal_politico\/Michael-Heinrich-generacion-Marx-animal-politico_0_3218078175.html\">una entrevista a Heinrich con motivo de su visita a Bolivia<\/a>\u00a0as\u00ed como una <a href=\"http:\/\/www.redglobe.org\/es\/nuestra-america\/bolivia\/53300-garcia-linera-afirmo-que-el-texto-colonialismo-cuaderno-de-londres-n-xiv-1851-muestra-el-laboratorio-de-las-ideas-de-karl-marx\">nota de prensa<\/a> en la que se resume tanto su intervenci\u00f3n como la del vicepresidente boliviano.<\/p>\n<p><iframe loading=\"lazy\" title=\"Presentaci\u00f3n del libro: COLONIALISMO\" width=\"800\" height=\"450\" src=\"https:\/\/www.youtube.com\/embed\/f5e66XpuIbw?feature=oembed\" frameborder=\"0\" allow=\"accelerometer; autoplay; clipboard-write; encrypted-media; gyroscope; picture-in-picture; web-share\" referrerpolicy=\"strict-origin-when-cross-origin\" allowfullscreen><\/iframe><\/p>\n<p>&nbsp;<\/p>\n<p>Un mes despu\u00e9s, el 7 de octubre de 2019 tuvo lugar una conversaci\u00f3n sobre el libro entre N\u00e9stor Kohan y Walter Delgadillo en un acto celebrado en La Paz y organizado tambi\u00e9n por la Vicepresidencia del Estado Plurinacional de Bolivia.<\/p>\n<p><iframe loading=\"lazy\" src=\"https:\/\/www.youtube.com\/embed\/m5snn-Rw08U\" width=\"770\" height=\"433\" frameborder=\"0\" allowfullscreen=\"allowfullscreen\"><span style=\"display: inline-block; width: 0px; overflow: hidden; line-height: 0;\" data-mce-type=\"bookmark\" class=\"mce_SELRES_start\">\ufeff<\/span><span style=\"display: inline-block; width: 0px; overflow: hidden; line-height: 0;\" data-mce-type=\"bookmark\" class=\"mce_SELRES_start\">\ufeff<\/span><\/iframe><\/p>\n","protected":false},"excerpt":{"rendered":"<p>A principios de septiembre de 2019 se present\u00f3 el libro Colonialismo: Cuaderno N\u00baXIV de Londres (in\u00e9dito) de Karl Marx publicado por la vicepresidencia del gobierno boliviano. En el acto de presentaci\u00f3n participaron el vicepresidente del Estado Plurinacional de Bolivia, \u00c1lvaro Garc\u00eda Linera, y el bi\u00f3grafo de Marx y editor del MEGA 2, Michael Heinrich. Solo hemos podido localizar la grabaci\u00f3n de la intervenci\u00f3n de Garc\u00eda Linera. Como material complementario a esta grabaci\u00f3n enlazamos por tanto con una entrevista a Heinrich con motivo de su visita a Bolivia.<br \/>\nUn mes despu\u00e9s, el 7 de octubre de 2019 tuvo lugar una conversaci\u00f3n sobre el libro entre N\u00e9stor Kohan y Walter Delgadillo en un acto celebrado en La Paz y organizado tambi\u00e9n por la Vicepresidencia del Estado Plurinacional de Bolivia. Ofrecemos tambi\u00e9n la grabaci\u00f3n de dicho acto.<\/p>\n","protected":false},"author":5,"featured_media":7268,"comment_status":"open","ping_status":"open","sticky":false,"template":"","format":"standard","meta":{"footnotes":""},"categories":[32,8,16,833],"tags":[1508,868],"class_list":["post-7231","post","type-post","status-publish","format-standard","has-post-thumbnail","hentry","category-america-latina","category-filosofia","category-imperio-imperialismo","category-videos","tag-colonialismo","tag-karl-marx"],"aioseo_notices":[],"_links":{"self":[{"href":"https:\/\/espai-marx.net\/index.php?rest_route=\/wp\/v2\/posts\/7231","targetHints":{"allow":["GET"]}}],"collection":[{"href":"https:\/\/espai-marx.net\/index.php?rest_route=\/wp\/v2\/posts"}],"about":[{"href":"https:\/\/espai-marx.net\/index.php?rest_route=\/wp\/v2\/types\/post"}],"author":[{"embeddable":true,"href":"https:\/\/espai-marx.net\/index.php?rest_route=\/wp\/v2\/users\/5"}],"replies":[{"embeddable":true,"href":"https:\/\/espai-marx.net\/index.php?rest_route=%2Fwp%2Fv2%2Fcomments&post=7231"}],"version-history":[{"count":0,"href":"https:\/\/espai-marx.net\/index.php?rest_route=\/wp\/v2\/posts\/7231\/revisions"}],"wp:featuredmedia":[{"embeddable":true,"href":"https:\/\/espai-marx.net\/index.php?rest_route=\/wp\/v2\/media\/7268"}],"wp:attachment":[{"href":"https:\/\/espai-marx.net\/index.php?rest_route=%2Fwp%2Fv2%2Fmedia&parent=7231"}],"wp:term":[{"taxonomy":"category","embeddable":true,"href":"https:\/\/espai-marx.net\/index.php?rest_route=%2Fwp%2Fv2%2Fcategories&post=7231"},{"taxonomy":"post_tag","embeddable":true,"href":"https:\/\/espai-marx.net\/index.php?rest_route=%2Fwp%2Fv2%2Ftags&post=7231"}],"curies":[{"name":"wp","href":"https:\/\/api.w.org\/{rel}","templated":true}]}}