{"id":7255,"date":"2020-03-26T05:00:09","date_gmt":"2020-03-26T04:00:09","guid":{"rendered":"https:\/\/espai-marx.net\/?p=7255"},"modified":"2020-10-11T03:22:37","modified_gmt":"2020-10-11T02:22:37","slug":"taller-de-lectura-de-la-lucha-por-la-desigualdad-de-gonzalo-ponton","status":"publish","type":"post","link":"https:\/\/espai-marx.net\/?p=7255","title":{"rendered":"Taller de lectura de <i>La lucha por la desigualdad<\/i> de Gonzalo Pont\u00f3n"},"content":{"rendered":"<p>Ya hemos presentado anteriormente algunos de los talleres de lectura de Bombers Indignats. Pero sol\u00edan ser presentaciones paralelas al propio taller: charlas, presentaciones, etc. Por primera vez podemos contar con la grabaci\u00f3n de las sesiones de su \u00faltimo taller, el basado en el libro de Gonzalo Pont\u00f3n <em>La lucha por la desigualdad. <\/em><\/p>\n<p>As\u00ed describe la obra su editorial: \u00ab<em>La lucha por la desigualdad<\/em> es un trabajo de primer orden hist\u00f3rico; un an\u00e1lisis cr\u00edtico y en profundidad que quiere descubrir al lector c\u00f3mo las desigualdades que hoy nos toca vivir proceden de la esencia misma del sistema econ\u00f3mico que se forj\u00f3 en el siglo XVIII. Ese per\u00edodo, lejos de ser una etapa revolucionaria y de ilustraci\u00f3n de las sociedades humanas, se convirti\u00f3 en el primer paso para crear un modelo de sociedad que conden\u00f3 definitivamente a las clases populares a la explotaci\u00f3n, la incultura y la desigualdad. Una visi\u00f3n que repasa y compara la realidad en el campo, las ciudades, la educaci\u00f3n, el pensamiento pol\u00edtico y econ\u00f3mico y la cultura en los distintos pa\u00edses de Europa y Am\u00e9rica.\u00bb<\/p>\n<p>Y esta era la opini\u00f3n de uno de los mejores historiadores espa\u00f1oles contempor\u00e1neos, Josep Fontana: \u00abPara enfrentarnos a un futuro amenazador y confuso, necesitamos una visi\u00f3n renovada del pasado del que se hayan eliminado los mitos que contribu\u00edan a hacernos creer que viv\u00edamos en el mejor de los mundos posibles y que bastaba con que nos dej\u00e1ramos llevar por la imparable corriente del progreso para seguir mejorando. En <em>La lucha por la desigualdad<\/em>, Gonzalo Pont\u00f3n ha construido una m\u00e1quina de guerra que desarrolla poderosamente para demoler pieza a pieza los mitos del \u00absiglo de las Luces\u00bb y para mostrarnos que la naturaleza de la desigualdad que hoy nos agobia se encuentra en los or\u00edgenes del capitalismo moderno. Libros como este son los que pueden ayudarnos a ver m\u00e1s claro.\u00bb<\/p>\n<p>Este es el texto de convocatoria a su primera sesi\u00f3n, celebrada en Can Batll\u00f3:<\/p>\n<p><a href=\"https:\/\/espai-marx.net\/wp-content\/uploads\/2020\/03\/logo_can_batllo.jpg\"><img loading=\"lazy\" decoding=\"async\" class=\"wp-image-7256 alignleft\" src=\"https:\/\/espai-marx.net\/wp-content\/uploads\/2020\/03\/logo_can_batllo-300x286.jpg\" alt=\"\" width=\"160\" height=\"153\" srcset=\"https:\/\/espai-marx.net\/wp-content\/uploads\/2020\/03\/logo_can_batllo-300x286.jpg 300w, https:\/\/espai-marx.net\/wp-content\/uploads\/2020\/03\/logo_can_batllo.jpg 629w\" sizes=\"auto, (max-width: 160px) 100vw, 160px\" \/><\/a><strong>Nou t\u00edtol al taller de lectura<\/strong><br \/>\nEs tracta de <em>La lucha por la desigualdad, una historia del mundo occidental en el siglo XVIII<\/em> de Gonzalo Pont\u00f3n.<\/p>\n<p>1\u00aa Trobada:<br \/>\nDivendres 17 de gener de 2020 a les 10.30h<br \/>\nCan Batll\u00f3<br \/>\n<a href=\"https:\/\/www.canbatllo.org\/\">https:\/\/www.canbatllo.org\/<\/a><\/p>\n<p>En formar-se el col.ectiu de Bombers Indignats es va decidir posar en marxa el taller de lectura i debat sobre el tema pol\u00edtic, al qual tots som sensibles.<\/p>\n<p>Es tracta de vincular l\u00b4idea d\u00b4estudiar, de formar-nos i de treure conclusions a nivell personal amb la nostra participaci\u00f3 als moviments socials, assemblees, ja siguin de bombers o qualsevol altre.<\/p>\n<p>La idea \u00e9s desenvolupar el pensament cr\u00edtic, entenent el que volen dir els autors sense jutjar i aix\u00ed donar peu a noves lectures.<\/p>\n<p>En sucesivas entradas iremos publicando todas las sesiones del taller. Ofrecemos a continuaci\u00f3n la primera grabaci\u00f3n, que en esta ocasi\u00f3n ya coincide con la primera sesi\u00f3n del taller.<\/p>\n<p><a href=\"https:\/\/espai-marx.net\/wp-content\/uploads\/2020\/01\/espaipodcast-1-e1580123189317.jpeg\"><img loading=\"lazy\" decoding=\"async\" class=\"alignnone size-medium wp-image-3957\" src=\"https:\/\/espai-marx.net\/wp-content\/uploads\/2020\/01\/espaipodcast-1-300x122.jpeg\" alt=\"\" width=\"300\" height=\"122\" \/><\/a><\/p>\n<ul>\n<li><strong>Primera sesi\u00f3n (6\/2\/2020)<\/strong><\/li>\n<\/ul>\n<audio class=\"wp-audio-shortcode\" id=\"audio-7255-2\" preload=\"none\" style=\"width: 100%;\" controls=\"controls\"><source type=\"audio\/mpeg\" src=\"https:\/\/espai-marx.net\/wp-content\/uploads\/2020\/03\/lucha-x-la-desigualdad-1.mp3?_=2\" \/><a href=\"https:\/\/espai-marx.net\/wp-content\/uploads\/2020\/03\/lucha-x-la-desigualdad-1.mp3\">https:\/\/espai-marx.net\/wp-content\/uploads\/2020\/03\/lucha-x-la-desigualdad-1.mp3<\/a><\/audio>\n<ul>\n<li><strong>Segunda sesi\u00f3n (26\/2\/2020)<\/strong><\/li>\n<\/ul>\n<audio class=\"wp-audio-shortcode\" id=\"audio-7255-3\" preload=\"none\" style=\"width: 100%;\" controls=\"controls\"><source type=\"audio\/mpeg\" src=\"https:\/\/espai-marx.net\/wp-content\/uploads\/2020\/03\/la_lucha_por_la_desigualdad_2.mp3?_=3\" \/><a href=\"https:\/\/espai-marx.net\/wp-content\/uploads\/2020\/03\/la_lucha_por_la_desigualdad_2.mp3\">https:\/\/espai-marx.net\/wp-content\/uploads\/2020\/03\/la_lucha_por_la_desigualdad_2.mp3<\/a><\/audio>\n<ul>\n<li><strong>Tercera sesi\u00f3n (5\/3\/2020)<\/strong><\/li>\n<\/ul>\n<audio class=\"wp-audio-shortcode\" id=\"audio-7255-4\" preload=\"none\" style=\"width: 100%;\" controls=\"controls\"><source type=\"audio\/mpeg\" src=\"https:\/\/espai-marx.net\/wp-content\/uploads\/2020\/04\/la_lucha_por_la_desigualdad_3.mp3?_=4\" \/><a href=\"https:\/\/espai-marx.net\/wp-content\/uploads\/2020\/04\/la_lucha_por_la_desigualdad_3.mp3\">https:\/\/espai-marx.net\/wp-content\/uploads\/2020\/04\/la_lucha_por_la_desigualdad_3.mp3<\/a><\/audio>\n<ul>\n<li><strong>Cuarta sesi\u00f3n (9\/10\/2020)<\/strong><\/li>\n<\/ul>\n<audio class=\"wp-audio-shortcode\" id=\"audio-7255-5\" preload=\"none\" style=\"width: 100%;\" controls=\"controls\"><source type=\"audio\/mpeg\" src=\"https:\/\/espai-marx.net\/wp-content\/uploads\/2020\/10\/AUD-20201009-WA0000.mp3?_=5\" \/><a href=\"https:\/\/espai-marx.net\/wp-content\/uploads\/2020\/10\/AUD-20201009-WA0000.mp3\">https:\/\/espai-marx.net\/wp-content\/uploads\/2020\/10\/AUD-20201009-WA0000.mp3<\/a><\/audio>\n<p>&nbsp;<\/p>\n<p>&nbsp;<\/p>\n<p>&nbsp;<\/p>\n<p>&nbsp;<\/p>\n<div class=\"powerpress_player\" id=\"powerpress_player_9893\"><audio class=\"wp-audio-shortcode\" id=\"audio-7255-1\" preload=\"none\" style=\"width: 100%;\" controls=\"controls\"><source type=\"audio\/mpeg\" src=\"https:\/\/espai-marx.net\/wp-content\/uploads\/2020\/03\/lucha-x-la-desigualdad-1.mp3?_=1\" \/><a href=\"https:\/\/espai-marx.net\/wp-content\/uploads\/2020\/03\/lucha-x-la-desigualdad-1.mp3\">https:\/\/espai-marx.net\/wp-content\/uploads\/2020\/03\/lucha-x-la-desigualdad-1.mp3<\/a><\/audio><\/div><p class=\"powerpress_links powerpress_links_mp3\" style=\"margin-bottom: 1px !important;\">Podcast: <a href=\"https:\/\/espai-marx.net\/wp-content\/uploads\/2020\/03\/lucha-x-la-desigualdad-1.mp3\" class=\"powerpress_link_pinw\" target=\"_blank\" title=\"Reproducir en una nueva ventana\" onclick=\"return powerpress_pinw('https:\/\/espai-marx.net\/?powerpress_pinw=7255-podcast');\" rel=\"nofollow\">Reproducir en una nueva ventana<\/a> | <a href=\"https:\/\/espai-marx.net\/wp-content\/uploads\/2020\/03\/lucha-x-la-desigualdad-1.mp3\" class=\"powerpress_link_d\" title=\"Descargar\" rel=\"nofollow\" download=\"lucha-x-la-desigualdad-1.mp3\">Descargar<\/a> | <a href=\"#\" class=\"powerpress_link_e\" title=\"Incrustar\" onclick=\"return powerpress_show_embed('7255-podcast');\" rel=\"nofollow\">Incrustar<\/a><\/p><p class=\"powerpress_embed_box\" id=\"powerpress_embed_7255-podcast\" style=\"display: none;\"><input id=\"powerpress_embed_7255-podcast_t\" type=\"text\" value=\"&lt;iframe width=&quot;320&quot; height=&quot;30&quot; src=&quot;https:\/\/espai-marx.net\/?powerpress_embed=7255-podcast&amp;amp;powerpress_player=mediaelement-audio&quot; title=&quot;Blubrry Podcast Player&quot; frameborder=&quot;0&quot; scrolling=&quot;no&quot;&gt;&lt;\/iframe&gt;\" onclick=\"javascript: this.select();\" onfocus=\"javascript: this.select();\" style=\"width: 70%;\" readOnly><\/p><p class=\"powerpress_links powerpress_subscribe_links\">Suscr\u00edbete: <a href=\"https:\/\/www.youtube.com\/@PodcastdeEspaiMarx-ht2uc\" class=\"powerpress_link_subscribe powerpress_link_subscribe_youtube\" target=\"_blank\" title=\"Suscr\u00edbete a YouTube Music\" rel=\"nofollow\">YouTube Music<\/a> | <a href=\"https:\/\/espai-marx.net\/?feed=podcast\" class=\"powerpress_link_subscribe powerpress_link_subscribe_rss\" target=\"_blank\" title=\"Suscr\u00edbete v\u00eda RSS\" rel=\"nofollow\">RSS<\/a><\/p>","protected":false},"excerpt":{"rendered":"<p>Ya hemos presentado anteriormente algunos de los talleres de lectura de Bombers Indignats. Pero sol\u00edan ser presentaciones paralelas al propio<\/p>\n","protected":false},"author":5,"featured_media":7264,"comment_status":"open","ping_status":"open","sticky":false,"template":"","format":"standard","meta":{"footnotes":""},"categories":[8,17,1506,856],"tags":[],"class_list":["post-7255","post","type-post","status-publish","format-standard","has-post-thumbnail","hentry","category-filosofia","category-historia","category-la-lucha-por-la-desigualdad-2020","category-podcast"],"aioseo_notices":[],"_links":{"self":[{"href":"https:\/\/espai-marx.net\/index.php?rest_route=\/wp\/v2\/posts\/7255","targetHints":{"allow":["GET"]}}],"collection":[{"href":"https:\/\/espai-marx.net\/index.php?rest_route=\/wp\/v2\/posts"}],"about":[{"href":"https:\/\/espai-marx.net\/index.php?rest_route=\/wp\/v2\/types\/post"}],"author":[{"embeddable":true,"href":"https:\/\/espai-marx.net\/index.php?rest_route=\/wp\/v2\/users\/5"}],"replies":[{"embeddable":true,"href":"https:\/\/espai-marx.net\/index.php?rest_route=%2Fwp%2Fv2%2Fcomments&post=7255"}],"version-history":[{"count":0,"href":"https:\/\/espai-marx.net\/index.php?rest_route=\/wp\/v2\/posts\/7255\/revisions"}],"wp:featuredmedia":[{"embeddable":true,"href":"https:\/\/espai-marx.net\/index.php?rest_route=\/wp\/v2\/media\/7264"}],"wp:attachment":[{"href":"https:\/\/espai-marx.net\/index.php?rest_route=%2Fwp%2Fv2%2Fmedia&parent=7255"}],"wp:term":[{"taxonomy":"category","embeddable":true,"href":"https:\/\/espai-marx.net\/index.php?rest_route=%2Fwp%2Fv2%2Fcategories&post=7255"},{"taxonomy":"post_tag","embeddable":true,"href":"https:\/\/espai-marx.net\/index.php?rest_route=%2Fwp%2Fv2%2Ftags&post=7255"}],"curies":[{"name":"wp","href":"https:\/\/api.w.org\/{rel}","templated":true}]}}